{"id":42491,"date":"2025-08-29T19:15:15","date_gmt":"2025-08-29T23:15:15","guid":{"rendered":"https:\/\/noticiasveraces.com\/?p=42491"},"modified":"2025-08-29T19:15:15","modified_gmt":"2025-08-29T23:15:15","slug":"turquia-cierra-puertos-y-espacio-aereo-a-naves-de-israel-dw-30-08-2025","status":"publish","type":"post","link":"https:\/\/noticiasveraces.com\/?p=42491","title":{"rendered":"Turqu\u00eda cierra puertos y espacio a\u00e9reo a naves de Israel \u2013 DW \u2013 30\/08\/2025"},"content":{"rendered":"<p> \n<\/p>\n<div data-tracking-name=\"rich-text\" data-tracking-skip=\"true\">\n<p>El ministro de Relaciones Exteriores de Turqu\u00eda anunci\u00f3 este viernes (29.08.2025) que el pa\u00eds cerr\u00f3 sus puertos y su espacio a\u00e9reo a barcos y aviones de Israel, una medida que, seg\u00fan indic\u00f3 una fuente oficial a AFP, se aplica a naves \u00aboficiales\u00bb y no a los vuelos comerciales.<\/p>\n<p>\u00abCerramos nuestros puertos a los barcos israel\u00edes. No permitimos que los barcos turcos vayan a los puertos israel\u00edes (&#8230;) No permitimos que los buques portacontenedores que transportan armas y municiones a Israel entren en nuestros puertos, ni permitimos que sus aviones entren en nuestro espacio a\u00e9reo\u00bb, declar\u00f3 el ministro Hakan Fidan a los legisladores turcos en un discurso televisado.<\/p>\n<p>Una fuente diplom\u00e1tica turca precis\u00f3 a AFP que la restricci\u00f3n no afecta a los aviones comerciales israel\u00edes.<\/p>\n<p>Las autoridades turcas no precisaron cu\u00e1ndo entrar\u00e1n en vigor estas medidas.<\/p>\n<p>En noviembre, Turqu\u00eda neg\u00f3 el permiso al avi\u00f3n presidencial israel\u00ed para cruzar su espacio a\u00e9reo, lo que le oblig\u00f3 a cancelar una visita a la conferencia clim\u00e1tica COP29 en Azerbaiy\u00e1n.<\/p>\n<p>Y en mayo, el primer ministro israel\u00ed, Benjamin Netanyahu, cancel\u00f3 una visita tambi\u00e9n a Bak\u00fa, supuestamente debido a que Ankara le neg\u00f3 el uso de su espacio a\u00e9reo. <\/p>\n<p>Turqu\u00eda ha sido uno de los pa\u00edses m\u00e1s cr\u00edticos con Israel por la ofensiva en Gaza y acusa al pa\u00eds de cometer un \u00abgenocidio\u00bb en este territorio palestino, algo que las autoridades israel\u00edes niegan. <\/p>\n<p><span data-slot-id=\"Article_InContent-1\" class=\"rich-text-ad\"\/><\/p>\n<h2>Turqu\u00eda rompi\u00f3 relaciones con Israel<\/h2>\n<p>La guerra en Gaza se desencaden\u00f3 tras el ataque de Ham\u00e1s contra Israel el 7 de octubre de 2023, que caus\u00f3 1.219 muertos, en su mayor\u00eda civiles, seg\u00fan un recuento de la AFP basado en datos oficiales.<\/p>\n<p>Las represalias de Israel dejan miles de fallecidos en Gaza, en mayor parte civiles, de acuerdo con datos del Ministerio de Salud del gobierno de Ham\u00e1s, considerados fiables por la ONU.<\/p>\n<p>En mayo del a\u00f1o pasado, Turqu\u00eda suspendi\u00f3 las relaciones comerciales con Israel por la guerra en Gaza.<\/p>\n<p>El movimiento islamista Ham\u00e1s, considerado organizaci\u00f3n terrorista por la Uni\u00f3n Europea y varios pa\u00edses, celebr\u00f3 la decisi\u00f3n de Turqu\u00eda y llam\u00f3 a \u00abintensificar las sanciones\u00bb para aislar a Israel y obligarlo a poner fin al \u00abgenocidio y la destrucci\u00f3n en la Franja de Gaza\u00bb. <\/p>\n<p>La mayor empresa naviera israel\u00ed, ZIM, declar\u00f3 esta semana que fue informada de que, en virtud de una nueva normativa aprobada en Turqu\u00eda el 22 de agosto, \u00ablos buques que sean propiedad, est\u00e9n gestionados u operados por una entidad relacionada con Israel no podr\u00e1n atracar en los puertos turcos\u00bb.<\/p>\n<p>Esta informaci\u00f3n emergi\u00f3 despu\u00e9s de que la naviera declarara en un escrito a la Bolsa de Nueva York (NYSE) que preve\u00eda que esta nueva regulaci\u00f3n tuviese \u00abun impacto negativo en los resultados financieros y operativos de la empresa\u00bb.<\/p>\n<p>Mg (AFP, Reuters)<\/p>\n<\/p>\n<\/div>\n\n","protected":false},"excerpt":{"rendered":"<p>El ministro de Relaciones Exteriores de Turqu\u00eda anunci\u00f3 este viernes (29.08.2025) que el pa\u00eds cerr\u00f3 sus puertos y su espacio a\u00e9reo a barcos y aviones de Israel, una medida que, seg\u00fan indic\u00f3 una fuente oficial a AFP, se aplica a naves \u00aboficiales\u00bb y no a los vuelos comerciales. \u00abCerramos nuestros puertos a los barcos israel\u00edes. &hellip;<\/p>\n","protected":false},"author":1,"featured_media":42492,"comment_status":"open","ping_status":"open","sticky":false,"template":"","format":"standard","meta":{"fifu_image_url":"https:\/\/static.dw.com\/image\/72175566_6.jpg","fifu_image_alt":"","footnotes":""},"categories":[13],"tags":[],"class_list":["post-42491","post","type-post","status-publish","format-standard","has-post-thumbnail","","category-mundo"],"_links":{"self":[{"href":"https:\/\/noticiasveraces.com\/index.php?rest_route=\/wp\/v2\/posts\/42491","targetHints":{"allow":["GET"]}}],"collection":[{"href":"https:\/\/noticiasveraces.com\/index.php?rest_route=\/wp\/v2\/posts"}],"about":[{"href":"https:\/\/noticiasveraces.com\/index.php?rest_route=\/wp\/v2\/types\/post"}],"author":[{"embeddable":true,"href":"https:\/\/noticiasveraces.com\/index.php?rest_route=\/wp\/v2\/users\/1"}],"replies":[{"embeddable":true,"href":"https:\/\/noticiasveraces.com\/index.php?rest_route=%2Fwp%2Fv2%2Fcomments&post=42491"}],"version-history":[{"count":0,"href":"https:\/\/noticiasveraces.com\/index.php?rest_route=\/wp\/v2\/posts\/42491\/revisions"}],"wp:featuredmedia":[{"embeddable":true,"href":"https:\/\/noticiasveraces.com\/index.php?rest_route=\/wp\/v2\/media\/42492"}],"wp:attachment":[{"href":"https:\/\/noticiasveraces.com\/index.php?rest_route=%2Fwp%2Fv2%2Fmedia&parent=42491"}],"wp:term":[{"taxonomy":"category","embeddable":true,"href":"https:\/\/noticiasveraces.com\/index.php?rest_route=%2Fwp%2Fv2%2Fcategories&post=42491"},{"taxonomy":"post_tag","embeddable":true,"href":"https:\/\/noticiasveraces.com\/index.php?rest_route=%2Fwp%2Fv2%2Ftags&post=42491"}],"curies":[{"name":"wp","href":"https:\/\/api.w.org\/{rel}","templated":true}]}}