{"id":42478,"date":"2025-08-29T17:13:18","date_gmt":"2025-08-29T21:13:18","guid":{"rendered":"https:\/\/noticiasveraces.com\/?p=42478"},"modified":"2025-08-29T17:13:18","modified_gmt":"2025-08-29T21:13:18","slug":"merz-y-macron-pediran-a-trump-que-imponga-sanciones-a-putin-dw-29-08-2025","status":"publish","type":"post","link":"https:\/\/noticiasveraces.com\/?p=42478","title":{"rendered":"Merz y Macron pedir\u00e1n a Trump que imponga sanciones a Putin \u2013 DW \u2013 29\/08\/2025"},"content":{"rendered":"<p> \n<\/p>\n<div data-tracking-name=\"rich-text\" data-tracking-skip=\"true\">\n<p>El presidente franc\u00e9s, Emmanuel Macron, y el canciller alem\u00e1n, Friedrich Merz, van a pedir este fin de semana a Donald Trump que imponga sanciones a Rusia si Vlad\u00edmir Putin no acepta sentarse a negociar con Volod\u00edmir Zelenski, como se hab\u00eda comprometido ante el presidente estadounidense.<\/p>\n<p>Macron subray\u00f3 este viernes (29.08.2025), en una conferencia de prensa conjunta con Merz, al t\u00e9rmino del Consejo de Ministros franco-alem\u00e1n en Tol\u00f3n (sureste de Francia), que si Putin no cumple de aqu\u00ed al lunes ese compromiso de un encuentro con el presidente ucraniano, querr\u00e1 decir que \u00abuna vez m\u00e1s\u00bb habr\u00e1 enga\u00f1ado a Trump.<\/p>\n<p>\u00abEso no puede quedar sin respuesta\u00bb, subray\u00f3 antes de a\u00f1adir que tanto \u00e9l como Merz van a hablar este fin de semana con el presidente estadounidense.<\/p>\n<p>Si se constata la semana pr\u00f3xima que el mandatario ruso no se aviene a negociar con Zelenski, Par\u00eds y Berl\u00edn pedir\u00e1n \u00absanciones primarias y secundarias\u00bb para obligar al dirigente ruso a sentarse a negociar un acuerdo de paz.<\/p>\n<p>El canciller alem\u00e1n record\u00f3 que, despu\u00e9s de la cumbre Trump-Putin en Alaska, deb\u00eda celebrarse un encuentro entre el presidente ruso y el ucraniano en dos semanas, pero el primero ha puesto en evidencia que no est\u00e1 dispuesto a hacerlo al reclamar ahora condiciones \u00abinaceptables\u00bb.<\/p>\n<p>\u00abNo me sorprende -coment\u00f3 Merz- porque forma parte de la estrategia del presidente ruso\u00bb.<\/p>\n<p>En la l\u00ednea de Macron, el dirigente teut\u00f3n indic\u00f3 que la semana pr\u00f3xima los aliados de Ucrania debatir\u00e1n c\u00f3mo proceder y precis\u00f3 que \u00e9l est\u00e1 en favor de hablar con Estados Unidos para que \u00abhaya presi\u00f3n para que Putin se re\u00fana con Zelenski\u00bb.<\/p>\n<p>\u00abNo me hago ilusiones\u00bb, puntualiz\u00f3 el canciller alem\u00e1n, que indic\u00f3 que \u00abtal vez esta guerra va a durar todav\u00eda meses\u00bb pero tambi\u00e9n que \u00abno se va a abandonar a Ucrania\u00bb, que no est\u00e1 sola, y que el apoyo que se le presta es tambi\u00e9n de su \u00abpropio inter\u00e9s\u00bb.<\/p>\n<p>CT (EFE, AFP)<\/p>\n<\/div>\n\n","protected":false},"excerpt":{"rendered":"<p>El presidente franc\u00e9s, Emmanuel Macron, y el canciller alem\u00e1n, Friedrich Merz, van a pedir este fin de semana a Donald Trump que imponga sanciones a Rusia si Vlad\u00edmir Putin no acepta sentarse a negociar con Volod\u00edmir Zelenski, como se hab\u00eda comprometido ante el presidente estadounidense. Macron subray\u00f3 este viernes (29.08.2025), en una conferencia de prensa &hellip;<\/p>\n","protected":false},"author":1,"featured_media":42479,"comment_status":"open","ping_status":"open","sticky":false,"template":"","format":"standard","meta":{"fifu_image_url":"https:\/\/static.dw.com\/image\/73813735_6.jpg","fifu_image_alt":"","footnotes":""},"categories":[13],"tags":[],"class_list":["post-42478","post","type-post","status-publish","format-standard","has-post-thumbnail","","category-mundo"],"_links":{"self":[{"href":"https:\/\/noticiasveraces.com\/index.php?rest_route=\/wp\/v2\/posts\/42478","targetHints":{"allow":["GET"]}}],"collection":[{"href":"https:\/\/noticiasveraces.com\/index.php?rest_route=\/wp\/v2\/posts"}],"about":[{"href":"https:\/\/noticiasveraces.com\/index.php?rest_route=\/wp\/v2\/types\/post"}],"author":[{"embeddable":true,"href":"https:\/\/noticiasveraces.com\/index.php?rest_route=\/wp\/v2\/users\/1"}],"replies":[{"embeddable":true,"href":"https:\/\/noticiasveraces.com\/index.php?rest_route=%2Fwp%2Fv2%2Fcomments&post=42478"}],"version-history":[{"count":0,"href":"https:\/\/noticiasveraces.com\/index.php?rest_route=\/wp\/v2\/posts\/42478\/revisions"}],"wp:featuredmedia":[{"embeddable":true,"href":"https:\/\/noticiasveraces.com\/index.php?rest_route=\/wp\/v2\/media\/42479"}],"wp:attachment":[{"href":"https:\/\/noticiasveraces.com\/index.php?rest_route=%2Fwp%2Fv2%2Fmedia&parent=42478"}],"wp:term":[{"taxonomy":"category","embeddable":true,"href":"https:\/\/noticiasveraces.com\/index.php?rest_route=%2Fwp%2Fv2%2Fcategories&post=42478"},{"taxonomy":"post_tag","embeddable":true,"href":"https:\/\/noticiasveraces.com\/index.php?rest_route=%2Fwp%2Fv2%2Ftags&post=42478"}],"curies":[{"name":"wp","href":"https:\/\/api.w.org\/{rel}","templated":true}]}}