{"id":42469,"date":"2025-08-29T14:17:48","date_gmt":"2025-08-29T18:17:48","guid":{"rendered":"https:\/\/noticiasveraces.com\/?p=42469"},"modified":"2025-08-29T14:17:48","modified_gmt":"2025-08-29T18:17:48","slug":"waller-de-fed-un-candidato-a-silla-ve-el-potencial-de-un-corte-de-medio-punto-si-el-mercado-laboral-se-debilita-aun-mas","status":"publish","type":"post","link":"https:\/\/noticiasveraces.com\/?p=42469","title":{"rendered":"Waller de Fed, un candidato a silla, ve el potencial de un corte de medio punto si el mercado laboral se debilita a\u00fan m\u00e1s"},"content":{"rendered":"<p> \n<\/p>\n<div id=\"RegularArticle-ArticleBody-5\" data-module=\"ArticleBody\" data-test=\"articleBody-2\" data-analytics=\"RegularArticle-articleBody-5-2\"><span class=\"HighlightShare-hidden\" style=\"top:0;left:0\"\/><\/p>\n<div class=\"InlineImage-imageEmbed\" id=\"ArticleBody-InlineImage-107394052\" data-test=\"InlineImage\">\n<div class=\"InlineImage-wrapper\">\n<div>\n<p>Christopher Waller, gobernador de la Reserva Federal de los Estados Unidos, durante un evento de la Fed en Washington, DC, EE. UU., El viernes 22 de marzo de 2024. Un tr\u00edo de decisiones del banco central esta semana envi\u00f3 un mensaje claro a los mercados de que los funcionarios se est\u00e1n preparando para aflojar la pol\u00edtica monetaria, reiniciar el apetito de los inversores.<\/p>\n<p>Bloomberg | Bloomberg | Getty Images<\/p>\n<\/div>\n<\/div>\n<\/div>\n<div class=\"group\">\n<p>El gobernador de la Reserva Federal, Christopher Waller, reiter\u00f3 su apoyo a una tasa de inter\u00e9s recortada en septiembre y abri\u00f3 la puerta a un movimiento potencialmente m\u00e1s grande si el mercado laboral contin\u00faa debilit\u00e1ndose.<\/p>\n<p>En un discurso el jueves por la noche, el formulador de pol\u00edticas dijo que espera que el informe de n\u00f3minas no agr\u00edcolas de agosto sea d\u00e9bil, con revisiones de la Oficina de Estad\u00edsticas Laborales que indican que la econom\u00eda puede haber perdido empleos en los \u00faltimos meses.<\/p>\n<p>\u00abSeg\u00fan lo que s\u00e9 hoy, apoyar\u00eda un recorte de 25 puntos b\u00e1sicos en la reuni\u00f3n del comit\u00e9 el 16 y 17 de septiembre\u00bb, dijo Waller durante el discurso en Miami. \u00abSi bien hay signos de un mercado laboral debilitante, me preocupa que las condiciones puedan deteriorarse m\u00e1s y r\u00e1pidamente, y creo que es importante que el [Federal Open market Committee] No espere hasta que tal deterioro est\u00e9 en marcha y se arriesgue a quedarse atr\u00e1s de la curva para establecer la pol\u00edtica monetaria apropiada \u00ab.<\/p>\n<p>Un punto b\u00e1sico es 0.01%, por lo que una reducci\u00f3n de 25 puntos b\u00e1sicos ser\u00eda igual a un punto porcentual trimestre.<\/p>\n<p>Waller dijo que cree que la Fed puede usar su poder sobre las tasas de inter\u00e9s para evitar m\u00e1s debilitaciones del mercado laboral. \u00abEntonces, sigamos con eso\u00bb, dijo.<\/p>\n<p>Considerado que est\u00e1 en la breve lista de sucesores potenciales del presidente Donald Trump para el presidente de la Fed, Jerome Powell, el pr\u00f3ximo a\u00f1o, Waller fue uno de los dos gobernadores de la Fed para disentir desde la decisi\u00f3n del FOMC de julio de mantener la tasa de inter\u00e9s de referencia del banco central establezca en un rango entre 4.25%-4.5%. Era la primera vez que m\u00faltiples gobernadores se opusieron a una decisi\u00f3n de tasa de comit\u00e9 en m\u00e1s de 30 a\u00f1os.<\/p>\n<\/div>\n<div role=\"region\" aria-labelledby=\"Placeholder-ArticleBody-Video-108180374\">\n<div role=\"button\" tabindex=\"0\" id=\"Placeholder-ArticleBody-Video-108180374\" class=\"PlaceHolder-wrapper\" data-vilynx-id=\"7000384302\" data-test=\"VideoPlaceHolder\">\n<div class=\"InlineVideo-videoEmbed\" id=\"InlineVideo-0\" data-test=\"InlineVideo\">\n<div class=\"InlineVideo-wrapper\">\n<div class=\"InlineVideo-inlineThumbnailContainer\"><img decoding=\"async\" class=\"InlineVideo-videoThumbnail\" src=\"https:\/\/image.cnbcfm.com\/api\/v1\/image\/108180375-17540504111754050408-40986517494-1080pnbcnews.jpg?v=1754050409&amp;w=750&amp;h=422&amp;vtcrop=y\" alt=\"Los gobernadores alimentados Bowman, Waller, explican sus disidentes, dicen que esperar para reducir las tasas amenaza la econom\u00eda\"\/><span class=\"InlineVideo-videoButton\"\/><span\/><\/div>\n<\/div>\n<\/div>\n<\/div>\n<\/div>\n<div class=\"group\">\n<p>Desde entonces, dijo Waller, los datos entrantes solo han reforzado su creencia de que son necesarias tasas de inter\u00e9s m\u00e1s bajas. Dijo que a\u00fan favorecer\u00eda mantener el corte hasta un cuarto de punto, pero \u00abesa opini\u00f3n, por supuesto, podr\u00eda cambiar si el informe de empleo para agosto, salga una semana de [Friday]apunta a una econom\u00eda y inflaci\u00f3n sustancialmente debilitante permanece bien contenida \u00ab.<\/p>\n<p>Agreg\u00f3 que espera \u00abrecortes adicionales en los pr\u00f3ximos tres a seis meses\u00bb, ya que la Fed permanece hasta 1.5 puntos porcentuales por encima de un nivel neutral.<\/p>\n<p>Cuando se publique el informe de empleos, el BLS no solo actualizar\u00e1 sus recuentos de los dos meses anteriores, sino que tambi\u00e9n publicar\u00e1 una vista previa de su revisi\u00f3n anual de n\u00f3mina \u00abBenchmark\u00bb. Waller dijo que anticipa que el ajuste mostrar\u00e1 que la econom\u00eda cre\u00f3 en promedio 60,000 menos empleos al mes de lo que se inform\u00f3 originalmente.<\/p>\n<p>\u00abEso significar\u00eda que el empleo del sector privado en realidad se redujo, en promedio, en los \u00faltimos tres meses y que la creaci\u00f3n de empleo a principios de a\u00f1o fue m\u00e1s d\u00e9bil de lo que se inform\u00f3 actualmente\u00bb, dijo.<\/p>\n<p>Tras un informe de empleos de julio mediocre y revisiones a la baja de los meses anteriores, Trump despidi\u00f3 al comisionado de BLS y nombrado economista conservador EJ Antoni como el nuevo jefe. Waller, designado por Trump del primer mandato del presidente, dijo que no hay nada de malo en plantear preguntas sobre la precisi\u00f3n de los datos de BLS considerando las grandes revisiones, pero dijo que los ajustes m\u00e1s probables est\u00e1n relacionados con las empresas que son lentas para devolver sus encuestas mensuales.<\/p>\n<p>Waller agreg\u00f3 que no est\u00e1 de acuerdo con una evaluaci\u00f3n com\u00fan de otros funcionarios de la Fed \u00faltimamente que el mercado laboral es \u00abs\u00f3lido\u00bb porque la tasa de desempleo es un 4.2%relativamente baja.<\/p>\n<p>\u00abCreo que cualquier disminuci\u00f3n de la oferta laboral solo est\u00e1 enmascarando debilitando la demanda en el mercado laboral. Si la oferta est\u00e1 o no, debilitar la demanda no es bueno, y es espec\u00edficamente lo que la pol\u00edtica monetaria tiene la intenci\u00f3n de abordar\u00bb, dijo.<\/p>\n<\/div>\n<div class=\"group\">\n<div class=\"RelatedContent-relatedContent\" id=\"RegularArticle-RelatedContent-1\">\n<div class=\"RelatedContent-container\">\n<div class=\"RelatedContent-nonCollapsibleContent\">\n<h2 class=\"RelatedContent-header\">No te pierdas estas ideas de CNBC Pro<\/h2>\n<\/div>\n<\/div>\n<\/div>\n<\/div>\n<\/div>\n\n","protected":false},"excerpt":{"rendered":"<p>Christopher Waller, gobernador de la Reserva Federal de los Estados Unidos, durante un evento de la Fed en Washington, DC, EE. UU., El viernes 22 de marzo de 2024. Un tr\u00edo de decisiones del banco central esta semana envi\u00f3 un mensaje claro a los mercados de que los funcionarios se est\u00e1n preparando para aflojar la &hellip;<\/p>\n","protected":false},"author":1,"featured_media":42471,"comment_status":"open","ping_status":"open","sticky":false,"template":"","format":"standard","meta":{"fifu_image_url":"https:\/\/image.cnbcfm.com\/api\/v1\/image\/107394052-1711612922020-gettyimages-2097696707-POWELL_FED_LISTENS.jpeg?v=1756468472&w=1920&h=1080","fifu_image_alt":"","footnotes":""},"categories":[3],"tags":[],"class_list":["post-42469","post","type-post","status-publish","format-standard","has-post-thumbnail","","category-negocio"],"_links":{"self":[{"href":"https:\/\/noticiasveraces.com\/index.php?rest_route=\/wp\/v2\/posts\/42469","targetHints":{"allow":["GET"]}}],"collection":[{"href":"https:\/\/noticiasveraces.com\/index.php?rest_route=\/wp\/v2\/posts"}],"about":[{"href":"https:\/\/noticiasveraces.com\/index.php?rest_route=\/wp\/v2\/types\/post"}],"author":[{"embeddable":true,"href":"https:\/\/noticiasveraces.com\/index.php?rest_route=\/wp\/v2\/users\/1"}],"replies":[{"embeddable":true,"href":"https:\/\/noticiasveraces.com\/index.php?rest_route=%2Fwp%2Fv2%2Fcomments&post=42469"}],"version-history":[{"count":0,"href":"https:\/\/noticiasveraces.com\/index.php?rest_route=\/wp\/v2\/posts\/42469\/revisions"}],"wp:featuredmedia":[{"embeddable":true,"href":"https:\/\/noticiasveraces.com\/index.php?rest_route=\/wp\/v2\/media\/42471"}],"wp:attachment":[{"href":"https:\/\/noticiasveraces.com\/index.php?rest_route=%2Fwp%2Fv2%2Fmedia&parent=42469"}],"wp:term":[{"taxonomy":"category","embeddable":true,"href":"https:\/\/noticiasveraces.com\/index.php?rest_route=%2Fwp%2Fv2%2Fcategories&post=42469"},{"taxonomy":"post_tag","embeddable":true,"href":"https:\/\/noticiasveraces.com\/index.php?rest_route=%2Fwp%2Fv2%2Ftags&post=42469"}],"curies":[{"name":"wp","href":"https:\/\/api.w.org\/{rel}","templated":true}]}}