{"id":42465,"date":"2025-08-29T14:10:06","date_gmt":"2025-08-29T18:10:06","guid":{"rendered":"https:\/\/noticiasveraces.com\/?p=42465"},"modified":"2025-08-29T14:10:06","modified_gmt":"2025-08-29T18:10:06","slug":"ee-uu-rechaza-otorgar-visas-a-funcionarios-palestinos-dw-29-08-2025","status":"publish","type":"post","link":"https:\/\/noticiasveraces.com\/?p=42465","title":{"rendered":"EE.UU. rechaza otorgar visas a funcionarios palestinos \u2013 DW \u2013 29\/08\/2025"},"content":{"rendered":"<p> \n<\/p>\n<div data-tracking-name=\"rich-text\" data-tracking-skip=\"true\">\n<p>Estados Unidos anunci\u00f3 este viernes (29.08.2025) que denegar\u00e1 visas a miembros de la Autoridad Palestina para asistir a la Asamblea General de la ONU del pr\u00f3ximo mes, donde Francia lidera la iniciativa para reconocer un Estado palestino.<\/p>\n<p>Esta medida pone en l\u00ednea a\u00fan m\u00e1s a la administraci\u00f3n del presidente Donald Trump con el gobierno de Israel, que rechaza rotundamente un Estado palestino y ha intentado equiparar a la Autoridad Palestina, con sede en Cisjordania, con el movimiento islamista Ham\u00e1s que controla Gaza.<\/p>\n<p>\u00abEl secretario de Estado, Marco Rubio, est\u00e1 rechazando y revocando visas a miembros de la Organizaci\u00f3n para la Liberaci\u00f3n de Palestina (OLP) y la Autoridad Palestina (AP) antes de la pr\u00f3xima Asamblea General de las Naciones Unidas\u00bb, inform\u00f3 el Departamento de Estado en un comunicado.<\/p>\n<p>\u00abEl gobierno de Trump ha sido claro: es en el inter\u00e9s de nuestra seguridad nacional responsabilizar a la OLP y a la AP por no cumplir con sus compromisos y por socavar las perspectivas de paz\u00bb, a\u00f1adi\u00f3.<\/p>\n<p>No qued\u00f3 claro de inmediato si la orden se aplica a todos los funcionarios palestinos. El presidente de la Autoridad Palestina, Mahmud Ab\u00e1s, ten\u00eda previsto asistir a la reuni\u00f3n de la ONU, dijo a periodistas el embajador palestino ante la ONU, Riyad Mansour.<\/p>\n<p>\u00abVeremos exactamente lo que significa y c\u00f3mo se aplica a nuestra delegaci\u00f3n, y responderemos en consecuencia\u00bb, dijo Mansour sobre la medida.<\/p>\n<p>CT (AFP, Efe)<\/p>\n<\/div>\n\n","protected":false},"excerpt":{"rendered":"<p>Estados Unidos anunci\u00f3 este viernes (29.08.2025) que denegar\u00e1 visas a miembros de la Autoridad Palestina para asistir a la Asamblea General de la ONU del pr\u00f3ximo mes, donde Francia lidera la iniciativa para reconocer un Estado palestino. Esta medida pone en l\u00ednea a\u00fan m\u00e1s a la administraci\u00f3n del presidente Donald Trump con el gobierno de &hellip;<\/p>\n","protected":false},"author":1,"featured_media":42466,"comment_status":"open","ping_status":"open","sticky":false,"template":"","format":"standard","meta":{"fifu_image_url":"https:\/\/static.dw.com\/image\/60406228_6.jpg","fifu_image_alt":"","footnotes":""},"categories":[13],"tags":[],"class_list":["post-42465","post","type-post","status-publish","format-standard","has-post-thumbnail","","category-mundo"],"_links":{"self":[{"href":"https:\/\/noticiasveraces.com\/index.php?rest_route=\/wp\/v2\/posts\/42465","targetHints":{"allow":["GET"]}}],"collection":[{"href":"https:\/\/noticiasveraces.com\/index.php?rest_route=\/wp\/v2\/posts"}],"about":[{"href":"https:\/\/noticiasveraces.com\/index.php?rest_route=\/wp\/v2\/types\/post"}],"author":[{"embeddable":true,"href":"https:\/\/noticiasveraces.com\/index.php?rest_route=\/wp\/v2\/users\/1"}],"replies":[{"embeddable":true,"href":"https:\/\/noticiasveraces.com\/index.php?rest_route=%2Fwp%2Fv2%2Fcomments&post=42465"}],"version-history":[{"count":0,"href":"https:\/\/noticiasveraces.com\/index.php?rest_route=\/wp\/v2\/posts\/42465\/revisions"}],"wp:featuredmedia":[{"embeddable":true,"href":"https:\/\/noticiasveraces.com\/index.php?rest_route=\/wp\/v2\/media\/42466"}],"wp:attachment":[{"href":"https:\/\/noticiasveraces.com\/index.php?rest_route=%2Fwp%2Fv2%2Fmedia&parent=42465"}],"wp:term":[{"taxonomy":"category","embeddable":true,"href":"https:\/\/noticiasveraces.com\/index.php?rest_route=%2Fwp%2Fv2%2Fcategories&post=42465"},{"taxonomy":"post_tag","embeddable":true,"href":"https:\/\/noticiasveraces.com\/index.php?rest_route=%2Fwp%2Fv2%2Ftags&post=42465"}],"curies":[{"name":"wp","href":"https:\/\/api.w.org\/{rel}","templated":true}]}}