{"id":42452,"date":"2025-08-29T13:08:42","date_gmt":"2025-08-29T17:08:42","guid":{"rendered":"https:\/\/noticiasveraces.com\/?p=42452"},"modified":"2025-08-29T13:08:42","modified_gmt":"2025-08-29T17:08:42","slug":"cuerpo-de-rehen-israeli-ilan-weiss-se-recupero-de-gaza-despues-de-693-dias-en-cautiverio","status":"publish","type":"post","link":"https:\/\/noticiasveraces.com\/?p=42452","title":{"rendered":"Cuerpo de reh\u00e9n israel\u00ed Ilan Weiss se recuper\u00f3 de Gaza despu\u00e9s de 693 d\u00edas en cautiverio"},"content":{"rendered":"<p> \n<\/p>\n<div>\n<div id=\"beyondwords-wrapper\" class=\"beyondwords-wrapper\">\n<p><span class=\"label-bg\">NUEVO<\/span>\u00a1Ahora puedes escuchar art\u00edculos de Fox News!\n  <\/p>\n<\/div>\n<p class=\"speakable\">Los restos de un reh\u00e9n israel\u00ed que pas\u00f3 casi dos a\u00f1os en cautiverio en la Franja de Gaza fueron recuperados el viernes, anunci\u00f3 el ej\u00e9rcito del pa\u00eds. <\/p>\n<p class=\"speakable\">\u00abEl cuerpo de Ilan Weiss, que fue retenido como reh\u00e9n durante 693 d\u00edas en Gaza, ha sido recuperado en una operaci\u00f3n militar conjunta de la Agencia de Defensa de Israel y la Agencia de Seguridad Israel\u00ed\u00bb, dijo las FDI. <\/p>\n<p>\u00abIlan era de Kibbutz Be&#8217;eri y sali\u00f3 de su casa la ma\u00f1ana del 7 de octubre para unirse al equipo de respuesta de emergencia de Kibbutz. Fue asesinado y secuestrado por Hamas durante la masacre del 7 de octubre\u00bb, agreg\u00f3. \u00abSu esposa Shiri, de 54 a\u00f1os, y su hija Noga, de 19, fueron llevadas como rehenes a Gaza y liberadas durante el acuerdo de alto el fuego en noviembre de 2023\u00bb. <\/p>\n<p>El cuerpo de un segundo israel\u00ed tambi\u00e9n se recuper\u00f3 el viernes y ahora est\u00e1 en proceso de identificar, seg\u00fan Associated Press. <\/p>\n<p><strong>Israel elimina el terrorista de Gaza que particip\u00f3 en octubre. Ataque a Kibbutz, tom\u00f3 reh\u00e9n de Yarden Bibas<\/strong><strong> <\/strong><\/p>\n<div class=\"image-ct inline\">\n<div class=\"m\"><picture><source media=\"(max-width: 767px)\" srcset=\"https:\/\/a57.foxnews.com\/static.foxnews.com\/foxnews.com\/content\/uploads\/2025\/08\/343\/192\/ilan-weiss-poster.jpg?ve=1&amp;tl=1, https:\/\/a57.foxnews.com\/static.foxnews.com\/foxnews.com\/content\/uploads\/2025\/08\/686\/384\/ilan-weiss-poster.jpg?ve=1&amp;tl=1 2x\" height=\"192\" width=\"343\"><source media=\"(min-width: 768px) and (max-width: 1023px)\" srcset=\"https:\/\/a57.foxnews.com\/static.foxnews.com\/foxnews.com\/content\/uploads\/2025\/08\/672\/378\/ilan-weiss-poster.jpg?ve=1&amp;tl=1, https:\/\/a57.foxnews.com\/static.foxnews.com\/foxnews.com\/content\/uploads\/2025\/08\/1344\/756\/ilan-weiss-poster.jpg?ve=1&amp;tl=1 2x\" height=\"378\" width=\"672\"><source media=\"(min-width: 1024px) and (max-width: 1279px)\" srcset=\"https:\/\/a57.foxnews.com\/static.foxnews.com\/foxnews.com\/content\/uploads\/2025\/08\/931\/523\/ilan-weiss-poster.jpg?ve=1&amp;tl=1, https:\/\/a57.foxnews.com\/static.foxnews.com\/foxnews.com\/content\/uploads\/2025\/08\/1862\/1046\/ilan-weiss-poster.jpg?ve=1&amp;tl=1 2x\" height=\"523\" width=\"931\"><source media=\"(min-width: 1280px)\" srcset=\"https:\/\/a57.foxnews.com\/static.foxnews.com\/foxnews.com\/content\/uploads\/2025\/08\/720\/405\/ilan-weiss-poster.jpg?ve=1&amp;tl=1, https:\/\/a57.foxnews.com\/static.foxnews.com\/foxnews.com\/content\/uploads\/2025\/08\/1440\/810\/ilan-weiss-poster.jpg?ve=1&amp;tl=1 2x\" height=\"405\" width=\"720\"><img loading=\"lazy\" decoding=\"async\" src=\"https:\/\/a57.foxnews.com\/static.foxnews.com\/foxnews.com\/content\/uploads\/2025\/08\/1200\/675\/ilan-weiss-poster.jpg?ve=1&amp;tl=1\" alt=\"Israel reh\u00e9n Ilan Weiss\" width=\"1200\" height=\"675\"\/><\/source><\/source><\/source><\/source><\/picture><\/div>\n<div class=\"info\">\n<div class=\"caption\">\n<p><span>Un p\u00f3ster de rehenes israel\u00ed Ilan Weiss, que fue secuestrado el 7 de octubre de 2023, se ve en Avignon, Francia, el 27 de abril de 2025. <\/span> <span>(Nicolas Guyonnet\/Hans Lucas a trav\u00e9s de AFP\/Getty Images)<\/span><\/p>\n<\/div>\n<\/div>\n<\/div>\n<p>\u00abEs un momento agridulce que la familia Weiss se re\u00fane con su ser querido, a pesar de que no regresa como lo hubiera querido\u00bb, dijo Rubi Chen, quien cree que su hijo todav\u00eda est\u00e1 en cautiverio en Gaza, fue citado por la AP. <\/p>\n<p>Chen dijo que su familia hab\u00eda recibido inteligencia de que su hijo Itay no sobrevivi\u00f3 al ataque del 7 de octubre, pero Hamas no ha proporcionado ninguna informaci\u00f3n sobre el paradero de su hijo. <\/p>\n<p>Los rehenes israel\u00edes y el foro de familias desaparecidas dijeron \u00abIlan era un hombre de familia devoto, humilde, principalmente y un padre dedicado a sus hijas\u00bb.<\/p>\n<p>\u00abLe encantaba organizar a los invitados, atender su jard\u00edn y disfrutar de una cerveza. Los fines de semana, ir\u00eda en bicicleta con su cu\u00f1ado Gil Boyum, un miembro del equipo de emergencia de Kibbutz que tambi\u00e9n fue asesinado en ese s\u00e1bado negro\u00bb, agreg\u00f3.<\/p>\n<p><strong>Israel recupera restos de tres cuerpos m\u00e1s en poder de Hamas: \u00abNo hay victoria hasta que el \u00faltimo reh\u00e9n regrese\u00bb<\/strong><strong> <\/strong><\/p>\n<p>Hasta el viernes, quedan 48 rehenes en Gaza, 20 de los cuales se cree que est\u00e1n vivos, seg\u00fan The Times of Israel. <\/p>\n<p>\u00abOfrezco mi m\u00e1s sincero condolencias y apoyo a la familia Weiss y a la comunidad de Kibbutz Be&#8217;eri al recuperar el cuerpo del reh\u00e9n Ilan Weiss, de la bendita memoria\u00bb, escribi\u00f3 el presidente israel\u00ed Isaac Herzog en X. <\/p>\n<p>\u00abIlan mostr\u00f3 coraje y esp\u00edritu noble cuando luch\u00f3 contra los terroristas en ese d\u00eda oscuro. En su muerte, dio vida. Y desde entonces, su familia ha mostrado una fuerza extraordinaria en su lucha por su regreso\u00bb, continu\u00f3 Herzog. <\/p>\n<div class=\"image-ct inline\">\n<div class=\"m\"><picture><source media=\"(max-width: 767px)\" srcset=\"https:\/\/a57.foxnews.com\/static.foxnews.com\/foxnews.com\/content\/uploads\/2025\/08\/343\/192\/israeli-hostage-protest.jpg?ve=1&amp;tl=1, https:\/\/a57.foxnews.com\/static.foxnews.com\/foxnews.com\/content\/uploads\/2025\/08\/686\/384\/israeli-hostage-protest.jpg?ve=1&amp;tl=1 2x\" height=\"192\" width=\"343\"><source media=\"(min-width: 768px) and (max-width: 1023px)\" srcset=\"https:\/\/a57.foxnews.com\/static.foxnews.com\/foxnews.com\/content\/uploads\/2025\/08\/672\/378\/israeli-hostage-protest.jpg?ve=1&amp;tl=1, https:\/\/a57.foxnews.com\/static.foxnews.com\/foxnews.com\/content\/uploads\/2025\/08\/1344\/756\/israeli-hostage-protest.jpg?ve=1&amp;tl=1 2x\" height=\"378\" width=\"672\"><source media=\"(min-width: 1024px) and (max-width: 1279px)\" srcset=\"https:\/\/a57.foxnews.com\/static.foxnews.com\/foxnews.com\/content\/uploads\/2025\/08\/931\/523\/israeli-hostage-protest.jpg?ve=1&amp;tl=1, https:\/\/a57.foxnews.com\/static.foxnews.com\/foxnews.com\/content\/uploads\/2025\/08\/1862\/1046\/israeli-hostage-protest.jpg?ve=1&amp;tl=1 2x\" height=\"523\" width=\"931\"><source media=\"(min-width: 1280px)\" srcset=\"https:\/\/a57.foxnews.com\/static.foxnews.com\/foxnews.com\/content\/uploads\/2025\/08\/720\/405\/israeli-hostage-protest.jpg?ve=1&amp;tl=1, https:\/\/a57.foxnews.com\/static.foxnews.com\/foxnews.com\/content\/uploads\/2025\/08\/1440\/810\/israeli-hostage-protest.jpg?ve=1&amp;tl=1 2x\" height=\"405\" width=\"720\"><img loading=\"lazy\" decoding=\"async\" src=\"https:\/\/a57.foxnews.com\/static.foxnews.com\/foxnews.com\/content\/uploads\/2025\/08\/1200\/675\/israeli-hostage-protest.jpg?ve=1&amp;tl=1\" alt=\"Los manifestantes impulsan la liberaci\u00f3n de rehenes israel\u00edes\" width=\"1200\" height=\"675\"\/><\/source><\/source><\/source><\/source><\/picture><\/div>\n<div class=\"info\">\n<div class=\"caption\">\n<p><span>Los familiares y partidarios de los rehenes de Hamas en la Franja de Gaza participan en una protesta que pide su liberaci\u00f3n mientras marchan en un \u00e1rea cerca de la frontera israel\u00ed-Gaza, en el sur de Israel, el jueves 28 de agosto de 2025. <\/span> <span>(AP\/Maya Levin)<\/span><\/p>\n<\/div>\n<\/div>\n<\/div>\n<p><strong>Haga clic aqu\u00ed para obtener la aplicaci\u00f3n Fox News<\/strong><strong> <\/strong><\/p>\n<p>\u00abLos horrores cometidos por Hamas, el asesinato, la tortura, el secuestro, son cr\u00edmenes contra la humanidad. El mundo debe mostrar claridad moral, aplicar presi\u00f3n y actuar para la liberaci\u00f3n inmediata de todos los rehenes. No descansaremos hasta que cada uno de ellos sea llevado a casa, los vivos para el abrazo amoroso de sus familias, y los ca\u00eddos para ser recostados en una dignidad. Cada \u00faltima uno\u00bb, agreg\u00f3. <\/p>\n<p><i>Associated Press contribuy\u00f3 a este informe. <\/i><\/p>\n<p> <!----> <\/p>\n<div class=\"article-meta\">\n<div class=\"author-bio\">\n<p>Greg Norman es reportero de Fox News Digital.<\/p>\n<\/div>\n<\/div>\n<\/div>\n\n","protected":false},"excerpt":{"rendered":"<p>NUEVO\u00a1Ahora puedes escuchar art\u00edculos de Fox News! Los restos de un reh\u00e9n israel\u00ed que pas\u00f3 casi dos a\u00f1os en cautiverio en la Franja de Gaza fueron recuperados el viernes, anunci\u00f3 el ej\u00e9rcito del pa\u00eds. \u00abEl cuerpo de Ilan Weiss, que fue retenido como reh\u00e9n durante 693 d\u00edas en Gaza, ha sido recuperado en una operaci\u00f3n &hellip;<\/p>\n","protected":false},"author":1,"featured_media":42454,"comment_status":"open","ping_status":"open","sticky":false,"template":"","format":"standard","meta":{"fifu_image_url":"https:\/\/static.foxnews.com\/foxnews.com\/content\/uploads\/2025\/08\/ilan-weiss-poster.jpg","fifu_image_alt":"","footnotes":""},"categories":[13],"tags":[],"class_list":["post-42452","post","type-post","status-publish","format-standard","has-post-thumbnail","","category-mundo"],"_links":{"self":[{"href":"https:\/\/noticiasveraces.com\/index.php?rest_route=\/wp\/v2\/posts\/42452","targetHints":{"allow":["GET"]}}],"collection":[{"href":"https:\/\/noticiasveraces.com\/index.php?rest_route=\/wp\/v2\/posts"}],"about":[{"href":"https:\/\/noticiasveraces.com\/index.php?rest_route=\/wp\/v2\/types\/post"}],"author":[{"embeddable":true,"href":"https:\/\/noticiasveraces.com\/index.php?rest_route=\/wp\/v2\/users\/1"}],"replies":[{"embeddable":true,"href":"https:\/\/noticiasveraces.com\/index.php?rest_route=%2Fwp%2Fv2%2Fcomments&post=42452"}],"version-history":[{"count":0,"href":"https:\/\/noticiasveraces.com\/index.php?rest_route=\/wp\/v2\/posts\/42452\/revisions"}],"wp:featuredmedia":[{"embeddable":true,"href":"https:\/\/noticiasveraces.com\/index.php?rest_route=\/wp\/v2\/media\/42454"}],"wp:attachment":[{"href":"https:\/\/noticiasveraces.com\/index.php?rest_route=%2Fwp%2Fv2%2Fmedia&parent=42452"}],"wp:term":[{"taxonomy":"category","embeddable":true,"href":"https:\/\/noticiasveraces.com\/index.php?rest_route=%2Fwp%2Fv2%2Fcategories&post=42452"},{"taxonomy":"post_tag","embeddable":true,"href":"https:\/\/noticiasveraces.com\/index.php?rest_route=%2Fwp%2Fv2%2Ftags&post=42452"}],"curies":[{"name":"wp","href":"https:\/\/api.w.org\/{rel}","templated":true}]}}