{"id":42450,"date":"2025-08-29T12:07:54","date_gmt":"2025-08-29T16:07:54","guid":{"rendered":"https:\/\/noticiasveraces.com\/?p=42450"},"modified":"2025-08-29T12:07:54","modified_gmt":"2025-08-29T16:07:54","slug":"trump-quiere-hacer-de-latinoamerica-su-patio-trasero-dw-29-08-2025","status":"publish","type":"post","link":"https:\/\/noticiasveraces.com\/?p=42450","title":{"rendered":"\u00abTrump quiere hacer de Latinoam\u00e9rica su patio trasero\u00bb \u2013 DW \u2013 29\/08\/2025"},"content":{"rendered":"<p> \n<\/p>\n<div data-tracking-name=\"rich-text\" data-tracking-skip=\"true\">\n<p>El matutino alem\u00e1n <em>Handelsblatt<\/em> ve\u00a0a Donald Trump en la tradici\u00f3n de la doctrina del expresidente estadounidense James Monroe. Trump \u00abquiere hacer de Latinoam\u00e9rica\u00a0el patio trasero de Estados Unidos\u00bb, advierte:<\/p>\n<p>\u00abNo es inusual que el presidente estadounidense Donald Trump critique a los Gobiernos latinoamericanos, sus sistemas judiciales o empresas. Tampoco es inusual que los ataques se intensifiquen semana tras semana. Sin embargo, lo novedoso es que las amenazas de presencia militar se est\u00e1n reforzando. (\u2026).<\/p>\n<p>El objetivo es enviar una se\u00f1al clara contra los Gobiernos del continente sudamericano, a los que Trump no considera amigos. (\u2026). Hace m\u00e1s de 200 a\u00f1os, el entonces presidente estadounidense, James Monroe, pronunci\u00f3 un discurso. Declar\u00f3 que, a partir de entonces, Estados Unidos considerar\u00eda a Latinoam\u00e9rica como su esfera de influencia y no tolerar\u00eda ninguna potencia extranjera all\u00ed. El discurso pas\u00f3 a la historia como la Doctrina Monroe.<\/p>\n<p>Con su escalada en las\u00a0relaciones con Latinoam\u00e9rica, Trump sigue los pasos de su predecesor hist\u00f3rico: aparentemente, considera que el sur del continente americano pertenece a Estados Unidos y, de ser necesario, ejercer\u00eda su influencia militarmente. (\u2026).<\/p>\n<p>En su segundo mandato, Donald Trump pretende reafirmar su influencia en Am\u00e9rica Latina con todas sus fuerzas. &#8216;Pero Trump lograr\u00e1 exactamente lo contrario&#8217;, afirma Oliver Stuenkel, profesor de Relaciones Internacionales de la Fundaci\u00f3n Getulio Vargas, la escuela de negocios m\u00e1s antigua de Brasil. &#8216;Con sus acciones, est\u00e1 acelerando la p\u00e9rdida de influencia de Estados Unidos en la regi\u00f3n&#8217;. La situaci\u00f3n geopol\u00edtica en Am\u00e9rica Latina ha cambiado radicalmente en las \u00faltimas dos d\u00e9cadas\u00bb.<\/p>\n<figure class=\"placeholder-image master_landscape big\"><img data-format=\"MASTER_LANDSCAPE\" data-id=\"73735355\" data-url=\"https:\/\/static.dw.com\/image\/73735355_${formatId}.jpg\" data-aspect-ratio=\"16\/9\" alt=\"El buque de guerra estadounidense Iwo Jima. (Foto de archivo).\" style=\"padding-bottom: 56.25%; height: 0; max-height: 0;\"\/><figcaption class=\"img-caption\">El buque de guerra estadounidense Iwo Jima (foto de archivo) se encuentra, junto con otros siete barcos de guerra, frente a las costas de Venezuela. EE. UU. tambi\u00e9n habr\u00eda enviado all\u00ed un submarino nuclear para vigilar el narcotr\u00e1fico.<small class=\"copyright\">Imagen: Jonathan Nackstrand\/AFP<\/small><\/figcaption><\/figure>\n<h2>\u00abCada vez hay m\u00e1s buques de guerra estadounidenses en el Caribe\u00bb<\/h2>\n<p>Con ese t\u00edtulo, el diario suizo <em>Nueva Z\u00fcrcher Zeitung<\/em> tambi\u00e9n se enfoca en\u00a0las amenazas de Donald Trump al \u00abc\u00e1rtel narcoterrorista\u00bb del presidente de Venezuela, Nicol\u00e1s Maduro.<\/p>\n<p><span data-slot-id=\"Article_InContent-1\" class=\"rich-text-ad\"\/><\/p>\n<p>\u00abEn los \u00faltimos d\u00edas, la administraci\u00f3n Trump ha estado enviando un n\u00famero creciente de buques de guerra al sur del Caribe. Seg\u00fan <em>The Washington Post<\/em>hasta ocho buques de guerra estadounidenses se encuentran en la regi\u00f3n o en camino hacia ella. (\u2026) Esta flota se complementa tambi\u00e9n con un crucero, varios destructores y un submarino nuclear. El prop\u00f3sito oficial de este despliegue naval a\u00fan no est\u00e1 claro. Fuentes gubernamentales an\u00f3nimas hablan de una &#8216;operaci\u00f3n ampliada contra el narcotr\u00e1fico&#8217;.<\/p>\n<p>La Guardia Costera de Estados Unidos inform\u00f3 el lunes que recientemente se intercept\u00f3 un gran n\u00famero de barcos que transportaban coca\u00edna procedente de Venezuela. Pero desplegar buques de guerra pesados parece una arma muy poderosa para esta tarea. Ser\u00eda como &#8216;llevar un ob\u00fas a una pelea a cuchillo&#8217;, declar\u00f3 un funcionario del Pent\u00e1gono a\u00a0The <em>New York Times<\/em>. (&#8230;).<\/p>\n<p>Trump podr\u00eda perseguir objetivos m\u00e1s ambiciosos que un mejor monitoreo de las rutas de la droga en el Caribe. Este enfoque recuerda a la invasi\u00f3n de Panam\u00e1 en 1989, escribe el <em>Miami Herald<\/em>. Estados Unidos tambi\u00e9n acus\u00f3 al entonces dictador Manuel Noriega de convertir a su pa\u00eds en un estado narcotraficante en cooperaci\u00f3n con los c\u00e1rteles colombianos. Tras su arresto, fue condenado a 40 a\u00f1os de prisi\u00f3n en Estados Unidos en 1992. Sin embargo, a diferencia de Panam\u00e1, Venezuela es un pa\u00eds mucho m\u00e1s grande sin presencia militar estadounidense. (\u2026).<\/p>\n<p>Como inform\u00f3 el portal de noticias <em>Axios<\/em> en enero, los asesores de Trump quieren obligar al dictador venezolano a abandonar su pa\u00eds. &#8216;No nos importar\u00eda ver a Maduro como vecino de Asad en Mosc\u00fa&#8217;, explic\u00f3 un asesor del presidente estadounidense. (\u2026).<\/p>\n<p>Queda por ver hasta d\u00f3nde est\u00e1 dispuesto a llegar Trump. La creciente amenaza tambi\u00e9n podr\u00eda obligar a Maduro a hacer m\u00e1s concesiones en diversas \u00e1reas, como la readmisi\u00f3n de refugiados. Desde marzo, dos vuelos de deportaci\u00f3n con migrantes de Estados Unidos han aterrizado en Venezuela cada semana\u00bb.<\/p>\n<figure class=\"placeholder-image master_landscape big\"><img data-format=\"MASTER_LANDSCAPE\" data-id=\"73789143\" data-url=\"https:\/\/static.dw.com\/image\/73789143_${formatId}.jpg\" data-aspect-ratio=\"16\/9\" alt=\"Javier Milei y su comitiva en la Provincia de Buenos Aires, durante un acto de campa\u00f1a en el que les arrojaron piedras.\" style=\"padding-bottom: 56.25%; height: 0; max-height: 0;\"\/><figcaption class=\"img-caption\">Acto de campa\u00f1a de Javier Milei en la Provincia de Buenos Aires, donde se lanzaron piedras contra \u00e9l y su comitiva.<small class=\"copyright\">Imagen: Juan Mabromata\/AFP<\/small><\/figcaption><\/figure>\n<h2>\u00abPor qu\u00e9 se tambalea ahora Javier Milei\u00bb<\/h2>\n<p>El rotativo alem\u00e1n <em>Welt en l\u00ednea<\/em> analiza los ataques con piedras contra el presidente ultraliberal de derecha de Argentina, Javier Milei, y su comitiva, durante un acto de campa\u00f1a en la Provincia de Buenos Aires, en medio del caso de presunta corrupci\u00f3n en el Gobierno y su entorno, tras la filtraci\u00f3n de escuchas que revelar\u00edan una estructura de sobornos a cambio de contratos en \u00e1reas de la administraci\u00f3n p\u00fablica relativas a discapacidad:<\/p>\n<p>\u00abEl solo hecho de que Milei apareciera all\u00ed fue una muestra de valent\u00eda, pero tambi\u00e9n fue peligroso. Muchos kirchneristas\u00a0consideran la provincia de Buenos Aires, gobernada por el peronismo de izquierda, como su propiedad. El d\u00eda anterior, activistas extremistas de izquierda presuntamente violentos hab\u00edan perseguido a simpatizantes de Milei. (\u2026). La izquierda argentina percibe el rumbo econ\u00f3mico liberal de Milei para la rehabilitaci\u00f3n del pa\u00eds y su lealtad a Israel como una declaraci\u00f3n de guerra.<\/p>\n<p>Desde hace unos d\u00edas, las acusaciones de corrupci\u00f3n contra los allegados de Milei han agravado la situaci\u00f3n. (&#8230;).<\/p>\n<blockquote class=\"tweet embed\" data-id=\"1961073017821241708\"\/>\n<p>Lo verdaderamente preocupante para Milei es la reacci\u00f3n de los mercados: las acciones perdieron hasta un diez por ciento de su valor en algunos casos, mientras que el d\u00f3lar volvi\u00f3 a subir. Esto indica que los mercados ven al Gobierno de Milei en serios problemas. (\u2026).<\/p>\n<p>El 7 de septiembre se celebrar\u00e1n elecciones legislativas en la extensa y populosa provincia de Buenos Aires. Ahora, el gobernador peronista, Axel Kicillof, podr\u00eda beneficiarse de las acusaciones contra el equipo de Milei y de un voto de advertencia. La alternancia en el poder en la provincia, de importancia sobre todo\u00a0simb\u00f3lica para Milei, podr\u00eda fracasar.<\/p>\n<p>Mucho m\u00e1s significativas, sin embargo, son las elecciones intermedias de finales de octubre, cuando se definan nuevamente\u00a0las mayor\u00edas en la C\u00e1mara de Diputados y en la C\u00e1mara de Senadores. Milei carece actualmente de una mayor\u00eda propia en el Congreso\u00bb.<\/p>\n<p>(CP\/RML)<\/p>\n<\/div>\n\n","protected":false},"excerpt":{"rendered":"<p>El matutino alem\u00e1n Handelsblatt ve\u00a0a Donald Trump en la tradici\u00f3n de la doctrina del expresidente estadounidense James Monroe. Trump \u00abquiere hacer de Latinoam\u00e9rica\u00a0el patio trasero de Estados Unidos\u00bb, advierte: \u00abNo es inusual que el presidente estadounidense Donald Trump critique a los Gobiernos latinoamericanos, sus sistemas judiciales o empresas. Tampoco es inusual que los ataques se &hellip;<\/p>\n","protected":false},"author":1,"featured_media":42451,"comment_status":"open","ping_status":"open","sticky":false,"template":"","format":"standard","meta":{"fifu_image_url":"https:\/\/static.dw.com\/image\/73736674_6.jpg","fifu_image_alt":"","footnotes":""},"categories":[13],"tags":[],"class_list":["post-42450","post","type-post","status-publish","format-standard","has-post-thumbnail","","category-mundo"],"_links":{"self":[{"href":"https:\/\/noticiasveraces.com\/index.php?rest_route=\/wp\/v2\/posts\/42450","targetHints":{"allow":["GET"]}}],"collection":[{"href":"https:\/\/noticiasveraces.com\/index.php?rest_route=\/wp\/v2\/posts"}],"about":[{"href":"https:\/\/noticiasveraces.com\/index.php?rest_route=\/wp\/v2\/types\/post"}],"author":[{"embeddable":true,"href":"https:\/\/noticiasveraces.com\/index.php?rest_route=\/wp\/v2\/users\/1"}],"replies":[{"embeddable":true,"href":"https:\/\/noticiasveraces.com\/index.php?rest_route=%2Fwp%2Fv2%2Fcomments&post=42450"}],"version-history":[{"count":0,"href":"https:\/\/noticiasveraces.com\/index.php?rest_route=\/wp\/v2\/posts\/42450\/revisions"}],"wp:featuredmedia":[{"embeddable":true,"href":"https:\/\/noticiasveraces.com\/index.php?rest_route=\/wp\/v2\/media\/42451"}],"wp:attachment":[{"href":"https:\/\/noticiasveraces.com\/index.php?rest_route=%2Fwp%2Fv2%2Fmedia&parent=42450"}],"wp:term":[{"taxonomy":"category","embeddable":true,"href":"https:\/\/noticiasveraces.com\/index.php?rest_route=%2Fwp%2Fv2%2Fcategories&post=42450"},{"taxonomy":"post_tag","embeddable":true,"href":"https:\/\/noticiasveraces.com\/index.php?rest_route=%2Fwp%2Fv2%2Ftags&post=42450"}],"curies":[{"name":"wp","href":"https:\/\/api.w.org\/{rel}","templated":true}]}}