{"id":42447,"date":"2025-08-29T11:59:51","date_gmt":"2025-08-29T15:59:51","guid":{"rendered":"https:\/\/noticiasveraces.com\/?p=42447"},"modified":"2025-08-29T11:59:51","modified_gmt":"2025-08-29T15:59:51","slug":"horario-y-donde-ver-el-segundo-partido-de-modric-en-serie-a","status":"publish","type":"post","link":"https:\/\/noticiasveraces.com\/?p=42447","title":{"rendered":"horario y d\u00f3nde ver el segundo partido de Modric en Serie A"},"content":{"rendered":"<p> \n<\/p>\n<div>\n<p data-mrf-recirculation=\"Links P\u00e1rrafos\" class=\"ue-c-article__paragraph paragraph\"><strong>Inglaterra, Espa\u00f1a&#8230; y ahora Italia<\/strong>. Modric debut\u00f3 en la Serie A. Aunque su estren\u00f3 fue amargo. La <strong>reci\u00e9n ascendida Cremonese<\/strong> se adelant\u00f3 hasta en dos ocasiones en el marcador, culminando as\u00ed una victoria hist\u00f3rica en San Siro. Ahora, <strong>los &#8216;rossoneri&#8217; visitan Lecce en busca de sus primeros puntos de la temporada.<\/strong><\/p>\n<p data-mrf-recirculation=\"Links P\u00e1rrafos\" class=\"ue-c-article__paragraph paragraph\">El croata no s\u00f3lo jug\u00f3, <strong>fue titular en el once de Allegri. Adem\u00e1s, fue el mejor del encuentro.<\/strong> Todos los ataques pasaron por las botas del &#8217;14&#8217;, que desde el primer minutos <strong>se gan\u00f3 a un p\u00fablico que ha visto a su equipo levantar siete copas de Europa<\/strong>. Omnipresente en el juego &#8216;rossonero&#8217;.<\/p>\n<figure class=\"ue-c-article__media ue-c-article__media--image\">\n<div class=\"ue-c-article__media-img-container ue-l-article--expand-edge-right-until-tablet ue-l-article--expand-edge-left-until-tablet\"><picture><source type=\"image\/webp\" sizes=\"(min-width: 1010px) 660px, (min-width: 980px) calc(100vw - 350px), (min-width: 740px) calc(100vw - 320px), 100vw\" srcset=\"https:\/\/e00-xlk-ue-marca.uecdn.es\/files\/article_360_widen_webp\/uploads\/2025\/08\/29\/68b1c6d0a154a.webp 360w,https:\/\/e00-xlk-ue-marca.uecdn.es\/files\/article_375_widen_webp\/uploads\/2025\/08\/29\/68b1c6d0a154a.webp 375w,https:\/\/e00-xlk-ue-marca.uecdn.es\/files\/article_414_widen_webp\/uploads\/2025\/08\/29\/68b1c6d0a154a.webp 414w,https:\/\/e00-xlk-ue-marca.uecdn.es\/files\/article_660_widen_webp\/uploads\/2025\/08\/29\/68b1c6d0a154a.webp 660w,https:\/\/e00-xlk-ue-marca.uecdn.es\/files\/article_720_widen_webp\/uploads\/2025\/08\/29\/68b1c6d0a154a.webp 720w,https:\/\/e00-xlk-ue-marca.uecdn.es\/files\/article_750_widen_webp\/uploads\/2025\/08\/29\/68b1c6d0a154a.webp 750w,https:\/\/e00-xlk-ue-marca.uecdn.es\/files\/article_828_widen_webp\/uploads\/2025\/08\/29\/68b1c6d0a154a.webp 828w,https:\/\/e00-xlk-ue-marca.uecdn.es\/files\/article_1320_widen_webp\/uploads\/2025\/08\/29\/68b1c6d0a154a.webp 1320w\"><source type=\"image\/jpeg\" sizes=\"(min-width: 1010px) 660px, (min-width: 980px) calc(100vw - 350px), (min-width: 740px) calc(100vw - 320px), 100vw\" srcset=\"https:\/\/e00-xlk-ue-marca.uecdn.es\/files\/article_360_widen\/uploads\/2025\/08\/29\/68b1c6d0a154a.jpeg 360w,https:\/\/e00-xlk-ue-marca.uecdn.es\/files\/article_375_widen\/uploads\/2025\/08\/29\/68b1c6d0a154a.jpeg 375w,https:\/\/e00-xlk-ue-marca.uecdn.es\/files\/article_414_widen\/uploads\/2025\/08\/29\/68b1c6d0a154a.jpeg 414w,https:\/\/e00-xlk-ue-marca.uecdn.es\/files\/article_660_widen\/uploads\/2025\/08\/29\/68b1c6d0a154a.jpeg 660w,https:\/\/e00-xlk-ue-marca.uecdn.es\/files\/article_720_widen\/uploads\/2025\/08\/29\/68b1c6d0a154a.jpeg 720w,https:\/\/e00-xlk-ue-marca.uecdn.es\/files\/article_750_widen\/uploads\/2025\/08\/29\/68b1c6d0a154a.jpeg 750w,https:\/\/e00-xlk-ue-marca.uecdn.es\/files\/article_828_widen\/uploads\/2025\/08\/29\/68b1c6d0a154a.jpeg 828w,https:\/\/e00-xlk-ue-marca.uecdn.es\/files\/article_1320_widen\/uploads\/2025\/08\/29\/68b1c6d0a154a.jpeg 1320w\"><img decoding=\"async\" width=\"855\" height=\"1024\" class=\"ue-c-article__image lazyload\" alt=\"Luka Modric jug\u00f3 casi todo el partido en su debut\" loading=\"lazy\" src=\"https:\/\/e00-xlk-ue-marca.uecdn.es\/uploads\/2025\/08\/29\/68b1c6d0a154a.jpeg\"\/><\/source><\/source><\/picture><\/div><figcaption class=\"ue-c-article__media-caption\">\n<p><span class=\"ue-c-article__media-description\">Luka Modric jug\u00f3 casi todo el partido en su debut<\/span><\/p>\n<\/figcaption><\/figure>\n<p data-mrf-recirculation=\"Links P\u00e1rrafos\" class=\"ue-c-article__paragraph paragraph\">Por su parte, <strong>su rival viene de una temporada en la que estuvo al l\u00edmite del descenso.<\/strong> El Lecce logr\u00f3 la permanencia por los pelos. Termin\u00f3 la temporada con<strong> 34 puntos<\/strong>tres m\u00e1s que el Empoli (antepen\u00faltimo y descendido). Ahora, <strong>con el fichaje del espa\u00f1ol \u00c1lex Sala,<\/strong> junto a un central contrastado como Siebert y Nikola Stulic en la punta del ataque, buscar\u00e1 la permanencia por cuarto a\u00f1o consecutivo. Su primer duelo, acab\u00f3 en empate a cero contra el Genoa de Aar\u00f3n Mart\u00edn.<\/p>\n<h2 class=\"ue-c-article__subheadline\">A qu\u00e9 hora es el Lecce-Milan de la Serie A<\/h2>\n<p data-mrf-recirculation=\"Links P\u00e1rrafos\" class=\"ue-c-article__paragraph paragraph\">El duelo entre &#8216;giallorrossi&#8217; y &#8216;rossoneri&#8217; de la segunda jornada de la Serie A 2025-26 ser\u00e1 este <strong>viernes 29 de agosto, a las 20:45 horas. <\/strong>El encuentro se disputar\u00e1 en el <strong>Estadio Via del Mare<\/strong>que tiene capacidad para 31.533 espectadores.<\/p>\n<h2 class=\"ue-c-article__subheadline\">D\u00f3nde ver el Lecce-Milan<\/h2>\n<p data-mrf-recirculation=\"Links P\u00e1rrafos\" class=\"ue-c-article__paragraph paragraph\">El encuentro ente los de Eusebio Di Francisco y los de Massimiliano Allegri se podr\u00e1 ver en Espa\u00f1a a trav\u00e9s de <strong>Dazn<\/strong>. Aunque tambi\u00e9n lo puedes seguir el minuto a minuto bajo los comentarios de <strong>MARCA.com y Radio MARCA.<\/strong><\/p>\n<\/div>\n\n","protected":false},"excerpt":{"rendered":"<p>Inglaterra, Espa\u00f1a&#8230; y ahora Italia. Modric debut\u00f3 en la Serie A. Aunque su estren\u00f3 fue amargo. La reci\u00e9n ascendida Cremonese se adelant\u00f3 hasta en dos ocasiones en el marcador, culminando as\u00ed una victoria hist\u00f3rica en San Siro. Ahora, los &#8216;rossoneri&#8217; visitan Lecce en busca de sus primeros puntos de la temporada. El croata no s\u00f3lo &hellip;<\/p>\n","protected":false},"author":1,"featured_media":42449,"comment_status":"open","ping_status":"open","sticky":false,"template":"","format":"standard","meta":{"fifu_image_url":"https:\/\/e00-xlk-ue-marca.uecdn.es\/files\/article_main_microformat\/uploads\/2025\/08\/29\/68b1c4ff4d894.jpeg","fifu_image_alt":"","footnotes":""},"categories":[6],"tags":[],"class_list":["post-42447","post","type-post","status-publish","format-standard","has-post-thumbnail","","category-deportes"],"_links":{"self":[{"href":"https:\/\/noticiasveraces.com\/index.php?rest_route=\/wp\/v2\/posts\/42447","targetHints":{"allow":["GET"]}}],"collection":[{"href":"https:\/\/noticiasveraces.com\/index.php?rest_route=\/wp\/v2\/posts"}],"about":[{"href":"https:\/\/noticiasveraces.com\/index.php?rest_route=\/wp\/v2\/types\/post"}],"author":[{"embeddable":true,"href":"https:\/\/noticiasveraces.com\/index.php?rest_route=\/wp\/v2\/users\/1"}],"replies":[{"embeddable":true,"href":"https:\/\/noticiasveraces.com\/index.php?rest_route=%2Fwp%2Fv2%2Fcomments&post=42447"}],"version-history":[{"count":0,"href":"https:\/\/noticiasveraces.com\/index.php?rest_route=\/wp\/v2\/posts\/42447\/revisions"}],"wp:featuredmedia":[{"embeddable":true,"href":"https:\/\/noticiasveraces.com\/index.php?rest_route=\/wp\/v2\/media\/42449"}],"wp:attachment":[{"href":"https:\/\/noticiasveraces.com\/index.php?rest_route=%2Fwp%2Fv2%2Fmedia&parent=42447"}],"wp:term":[{"taxonomy":"category","embeddable":true,"href":"https:\/\/noticiasveraces.com\/index.php?rest_route=%2Fwp%2Fv2%2Fcategories&post=42447"},{"taxonomy":"post_tag","embeddable":true,"href":"https:\/\/noticiasveraces.com\/index.php?rest_route=%2Fwp%2Fv2%2Ftags&post=42447"}],"curies":[{"name":"wp","href":"https:\/\/api.w.org\/{rel}","templated":true}]}}