{"id":42429,"date":"2025-08-29T08:46:47","date_gmt":"2025-08-29T12:46:47","guid":{"rendered":"https:\/\/noticiasveraces.com\/?p=42429"},"modified":"2025-08-29T08:46:47","modified_gmt":"2025-08-29T12:46:47","slug":"un-programa-que-acompana-el-embarazo-durante-una-maternidad-vulnerable-estaba-en-un-tunel-oscuro-sociedad","status":"publish","type":"post","link":"https:\/\/noticiasveraces.com\/?p=42429","title":{"rendered":"Un programa que acompa\u00f1a el embarazo durante una maternidad vulnerable: \u201cEstaba en un t\u00fanel oscuro\u201d | Sociedad"},"content":{"rendered":"<p> \n<br \/><img decoding=\"async\" src=\"https:\/\/imagenes.elpais.com\/resizer\/v2\/LY5IC5UQINCMVBTZAHG5CFDF2A.jpg?auth=e37e6d14288aa00f8644340e4c41b49140cd26bac42f026d8ce0eeb93fc61634\" \/><\/p>\n<div data-dtm-region=\"articulo_cuerpo\">\n<p class=\"\">Cuando Laura qued\u00f3 embarazada nunca imagin\u00f3 c\u00f3mo cambiar\u00eda su situaci\u00f3n. \u201cHay momentos en los que pasan cosas; a veces, todas en el mismo momento&#8230; Eso me ocurri\u00f3\u201d, cuenta. \u201cNo ten\u00eda documentaci\u00f3n, me acababa de graduar, estaba sin empleo y me qued\u00e9 embarazada\u201d. A eso se sumaron episodios de violencia de g\u00e9nero por parte de su expareja y padre de su hija. \u201cEstaba en un t\u00fanel oscuro\u201d, recuerda. Hasta que lleg\u00f3 a un lugar de apoyo que fue su pilar.<\/p>\n<p class=\"\">Su nombre real no es Laura, pero esta colombiana de 31 a\u00f1os prefiri\u00f3 no compartir su identidad para poder contar su historia. Lo hace desde el local de Preinfant en Madrid, un programa de acompa\u00f1amiento a la maternidad de la Asociaci\u00f3n de Bienestar y Desarrollo (ABD), que en el \u00faltimo a\u00f1o ha atendido a 351 familias. Un lugar que llegar\u00eda a ser \u201cluz al final del t\u00fanel\u201d durante su embarazo y los primeros meses de su peque\u00f1a. <\/p>\n<p class=\"\">Cuando qued\u00f3 embarazada su expareja trat\u00f3 de aislarla, no la dejaba trabajar ni tener relaci\u00f3n con sus amigos y familia. \u201cQuer\u00eda enterrarme psicol\u00f3gicamente\u201d, cuenta Laura. Busc\u00f3 ayuda y lleg\u00f3 a un centro para v\u00edctimas de violencia de g\u00e9nero, donde estuvo dos meses. Sin embargo, al terminar este tiempo qued\u00f3 \u201ccon las maletas afuera\u201d, sin ning\u00fan lugar al que ir. Las residencias donde la derivaron no la aceptaban. Dada su situaci\u00f3n, le recomendaron acudir a Preinfant; varias de las mujeres que llegan al programa lo hacen a trav\u00e9s de estas entidades o servicios sociales.<\/p>\n<p class=\"\">El trabajo de Preinfant se basa en el acompa\u00f1amiento a madres en situaciones vulnerables. Por ejemplo, madres adolescentes, familias monomarentales, migrantes, familias con muy pocos recursos, problemas de salud mental o de consumo de drogas. Buscan paliar la soledad, crear una red de apoyo y ofrecer acompa\u00f1amiento psicol\u00f3gico y emocional, asesor\u00eda jur\u00eddica, en ocasiones ayuda material y orientaci\u00f3n en la toma de decisiones.<\/p>\n<p class=\"\">Carmen Calafat, directora del \u00e1rea de infancia, familia y g\u00e9nero de ABD y una de las fundadoras del programa, explica: \u201cLa crianza se hace m\u00e1s complicada por el aislamiento y la soledad. Es uno de los factores que impacta m\u00e1s, el no tener red o apoyo\u201d. Por ello, desde el programa lo que se intenta es que las familias puedan tener un n\u00facleo s\u00f3lido e informaci\u00f3n sobre los recursos p\u00fablicos a los que pueden acudir. <\/p>\n<p class=\"\">Beatriz Rivas Hern\u00e1ndez, trabajadora social del programa en Madrid, detalla que los acompa\u00f1amientos var\u00edan dependiendo de las necesidades de cada madre. \u201cHa habido familias a las que acompa\u00f1amos al parto, porque no tienen red; luego, cuando nacen los beb\u00e9s, vamos a sus seguimientos pedi\u00e1tricos\u201d.<\/p>\n<p class=\"\">Rivas ha sido la acompa\u00f1ante de Laura durante todo el tiempo que ella ha acudido a Preinfant. \u201cPara m\u00ed es como una amiga, ella te da la confianza como si la conocieras de toda la vida. El trato es muy personalizado\u201d, resume Laura. Ella recibi\u00f3 apoyo en distintos aspectos \u2014desde un coche para beb\u00e9s hasta orientaci\u00f3n jur\u00eddica y social\u2014, pero lo m\u00e1s importante fue el acompa\u00f1amiento psicol\u00f3gico. \u201cNecesitas que alguien te diga si algo es correcto o no, esos puntos en los que tus emociones y tus sentimientos empiezan a pesar m\u00e1s que el razonamiento\u201d, menciona Laura.<\/p>\n<p class=\"\">El embarazo de Laura se sigui\u00f3 complicando cuando se percat\u00f3 de que su hermana, que ten\u00eda dos hijas peque\u00f1as, consum\u00eda drogas y alcohol y hac\u00eda fiestas en su casa con las dos menores presentes, sin ning\u00fan tipo de control. \u201cEstaban corriendo peligro\u201d, narra, \u201ceran hombres en casa, hombres drogados, y mi sobrina se levantaba y llamaba a la mam\u00e1 llorando\u201d. Laura no sab\u00eda qu\u00e9 hacer o a qui\u00e9n acudir. Desde Preinfant tambi\u00e9n la acompa\u00f1aron en la toma de decisiones para el bienestar de ella y sus sobrinas, la menor, de tres a\u00f1os.<\/p>\n<h3 class=\"\">Diversos factores de riesgo<\/h3>\n<p class=\"\">El embarazo, por s\u00ed mismo, ya supone un momento complejo, explican las especialistas. Sin embargo, diversas circunstancias lo vuelven a\u00fan m\u00e1s vulnerable. En Preinfant han observado que, con frecuencia, las madres que llegan no presentan un \u00fanico factor de riesgo, sino varios a la vez. Seg\u00fan las memorias del a\u00f1o pasado, el 38% de las familias presentaba cuatro factores de riesgo o m\u00e1s. \u201cEs como una cascada\u201d, explica la trabajadora social Rivas. \u201cSi t\u00fa no tienes d\u00f3nde vivir, no tienes qu\u00e9 comer, no tienes un entorno seguro, empiezas a buscarte la vida con decisiones que no tomas desde la calma, sino desde la supervivencia\u201d, a\u00f1ade. <\/p>\n<p class=\"\">Calafat agrega que \u201csi no hay necesidades b\u00e1sicas cubiertas, es muy dif\u00edcil atender las otras\u201d. Seg\u00fan inform\u00f3 <i>Salvar a los ni\u00f1os<\/i> el a\u00f1o pasado, la tasa de pobreza entre familias monomarentales (49,5%) duplica a la del conjunto de hogares con hijos peque\u00f1os y adolescentes (25%) \u2015que ya de por s\u00ed es mayor que la de los hogares sin hijos\u2015. Y se\u00f1ala que las mujeres est\u00e1n expuestas a una mayor precariedad y pobreza laboral, lo que influye en sus tasas de pobreza, \u201cdesproporcionadamente elevadas\u201d.<\/p>\n<p class=\"\">Desde una perspectiva de infancia, explica Calafat, el embarazo y los primeros a\u00f1os de vida, sobre todo el primero, son momentos clave para sentar las bases de un buen desarrollo y un v\u00ednculo sano entre madre e hijo: \u201cSi en la etapa del embarazo y parto podemos establecer una relaci\u00f3n de ayuda, todo puede ser m\u00e1s f\u00e1cil\u201d.<\/p>\n<p class=\"\">Preinfant comenz\u00f3 su trabajo en 1997, en Catalu\u00f1a, y estaba enfocado \u00fanicamente a madres que consum\u00edan drogas o viv\u00edan en esos entornos. \u201cLa mujer embarazada sufr\u00eda \u2015y sufre\u2015 de un mayor estigma. Maternidad y drogas son muy dif\u00edciles de entender\u201d, explica Calafat. Sin embargo, con el tiempo y dado que las necesidades aumentan, han ampliado su enfoque. Actualmente, trabajan 12 personas, entre abogados, psic\u00f3logos y asistentes sociales. Est\u00e1 presente en Madrid y Catalu\u00f1a y entre 2020 y 2024 han atendido a 1.446 familias. En 2024 contaron con el apoyo de la Fundaci\u00f3n la Caixa (gracias al proyecto <i>Generando v\u00ednculos protectores para maternidades vulneradas, <\/i>dentro de la Convocatoria de Proyectos Sociales Comunidad de Madrid 2024).<\/p>\n<p class=\"\">El programa mencionado acompa\u00f1a a madres durante el embarazo para empezar a fortalecer el v\u00ednculo desde entonces. Hacerlo cuando el beb\u00e9 ya tiene algunos meses es mucho m\u00e1s dif\u00edcil. As\u00ed, plantea sesiones semanales desde el embarazo hasta los seis meses del beb\u00e9; quincenales a partir de los seis meses y hasta el a\u00f1o; y mensuales del primer a\u00f1o hasta los tres. <\/p>\n<p class=\"\">Ahora, la beb\u00e9 de Laura tiene cinco meses y es una ni\u00f1a sana, risue\u00f1a y tranquila. Sigue acudiendo a Preinfant, aunque con menor frecuencia porque ahora vive en un barrio m\u00e1s alejado. Busca tranquilidad y una casa donde establecerse: \u201cQuiero estar en un sitio donde pueda tener su cuna, su carrito, su propia habitaci\u00f3n\u201d. Para Laura, asistir a este programa ha sido \u201ccomo ir al m\u00e9dico\u201d: \u201cAqu\u00ed he podido llorar, me he re\u00eddo, pero sobre todo he sacado todas las cosas que m\u00e1s me han dolido\u201d. <\/p>\n<\/div>\n\n","protected":false},"excerpt":{"rendered":"<p>Cuando Laura qued\u00f3 embarazada nunca imagin\u00f3 c\u00f3mo cambiar\u00eda su situaci\u00f3n. \u201cHay momentos en los que pasan cosas; a veces, todas en el mismo momento&#8230; Eso me ocurri\u00f3\u201d, cuenta. \u201cNo ten\u00eda documentaci\u00f3n, me acababa de graduar, estaba sin empleo y me qued\u00e9 embarazada\u201d. A eso se sumaron episodios de violencia de g\u00e9nero por parte de su &hellip;<\/p>\n","protected":false},"author":1,"featured_media":42431,"comment_status":"open","ping_status":"open","sticky":false,"template":"","format":"standard","meta":{"fifu_image_url":"https:\/\/imagenes.elpais.com\/resizer\/v2\/LY5IC5UQINCMVBTZAHG5CFDF2A.jpg?auth=e37e6d14288aa00f8644340e4c41b49140cd26bac42f026d8ce0eeb93fc61634&width=1200","fifu_image_alt":"","footnotes":""},"categories":[11],"tags":[],"class_list":["post-42429","post","type-post","status-publish","format-standard","has-post-thumbnail","","category-viaje"],"_links":{"self":[{"href":"https:\/\/noticiasveraces.com\/index.php?rest_route=\/wp\/v2\/posts\/42429","targetHints":{"allow":["GET"]}}],"collection":[{"href":"https:\/\/noticiasveraces.com\/index.php?rest_route=\/wp\/v2\/posts"}],"about":[{"href":"https:\/\/noticiasveraces.com\/index.php?rest_route=\/wp\/v2\/types\/post"}],"author":[{"embeddable":true,"href":"https:\/\/noticiasveraces.com\/index.php?rest_route=\/wp\/v2\/users\/1"}],"replies":[{"embeddable":true,"href":"https:\/\/noticiasveraces.com\/index.php?rest_route=%2Fwp%2Fv2%2Fcomments&post=42429"}],"version-history":[{"count":0,"href":"https:\/\/noticiasveraces.com\/index.php?rest_route=\/wp\/v2\/posts\/42429\/revisions"}],"wp:featuredmedia":[{"embeddable":true,"href":"https:\/\/noticiasveraces.com\/index.php?rest_route=\/wp\/v2\/media\/42431"}],"wp:attachment":[{"href":"https:\/\/noticiasveraces.com\/index.php?rest_route=%2Fwp%2Fv2%2Fmedia&parent=42429"}],"wp:term":[{"taxonomy":"category","embeddable":true,"href":"https:\/\/noticiasveraces.com\/index.php?rest_route=%2Fwp%2Fv2%2Fcategories&post=42429"},{"taxonomy":"post_tag","embeddable":true,"href":"https:\/\/noticiasveraces.com\/index.php?rest_route=%2Fwp%2Fv2%2Ftags&post=42429"}],"curies":[{"name":"wp","href":"https:\/\/api.w.org\/{rel}","templated":true}]}}