{"id":42427,"date":"2025-08-29T08:03:25","date_gmt":"2025-08-29T12:03:25","guid":{"rendered":"https:\/\/noticiasveraces.com\/?p=42427"},"modified":"2025-08-29T08:03:25","modified_gmt":"2025-08-29T12:03:25","slug":"israel-anuncia-la-recuperacion-de-los-cuerpos-de-dos-rehenes-dw-29-08-2025","status":"publish","type":"post","link":"https:\/\/noticiasveraces.com\/?p=42427","title":{"rendered":"Israel anuncia la recuperaci\u00f3n de los cuerpos de dos rehenes \u2013 DW \u2013 29\/08\/2025"},"content":{"rendered":"<p> \n<\/p>\n<div data-tracking-name=\"rich-text\" data-tracking-skip=\"true\">\n<p>En un comunicado, el primer ministro de Israel, Benjam\u00edn Netanyahu, ha anunciado que las autoridades israel\u00edes han recuperado en la Franja de Gaza los cad\u00e1veres de dos rehenes. Uno de los cuerpos recuperados pertenece a Ilan Weiss, de 56 a\u00f1os, mientras que la identidad del otro cad\u00e1ver a\u00fan no ha sido revelada.<\/p>\n<p>El Foro de Familias de Rehenes y Desaparecidos, que representa a la mayor\u00eda de los familiares de los secuestrados el 7 de octubre, describi\u00f3 a Weiss como un \u00abdedicado hombre de familia\u00bb. Sobrevivieron al ataque perpetrado por Ham\u00e1s el 7 de octubre de 2023 su mujer, Shiri, y sus tres hijas.<\/p>\n<p>Tanto Shiri como una de las hijas fueron secuestradas ese d\u00eda y devueltas a Israel durante la tregua de noviembre de 2024. En cuanto a Ilan Weiss, formaba parte del equipo de defensa del kibutz, y muri\u00f3 tratando de defender la comunidad de los atacantes. Su cuerpo fue llevado a la Franja de Gaza y retenido all\u00ed por los milicianos palestinos.<\/p>\n<h2>Operaci\u00f3n confirmada por el Ej\u00e9rcito<\/h2>\n<p>\u00abLa campa\u00f1a para devolver a los secuestrados contin\u00faa. No descansaremos ni guardaremos silencio hasta que devolvamos a casa a todos los secuestrados, los vivos y los muertos\u00bb, dice Netanyahu en su mensaje.<\/p>\n<p>El Ej\u00e9rcito israel\u00ed afirm\u00f3 que la operaci\u00f3n para recuperar los restos se llev\u00f3 a cabo en colaboraci\u00f3n con la agencia de inteligencia interior israel\u00ed, el Shin Bet, aunque no dio detalles sobre d\u00f3nde fueron encontrados los cad\u00e1veres.<\/p>\n<p>Todav\u00eda quedan en Gaza 48 rehenes de los 251 secuestrados el 7 de octubre, de los que Israel estima que al menos 20 siguen con vida.<\/p>\n<p>MS (AFP\/EFE)<\/p>\n<\/p>\n<\/div>\n\n","protected":false},"excerpt":{"rendered":"<p>En un comunicado, el primer ministro de Israel, Benjam\u00edn Netanyahu, ha anunciado que las autoridades israel\u00edes han recuperado en la Franja de Gaza los cad\u00e1veres de dos rehenes. Uno de los cuerpos recuperados pertenece a Ilan Weiss, de 56 a\u00f1os, mientras que la identidad del otro cad\u00e1ver a\u00fan no ha sido revelada. El Foro de &hellip;<\/p>\n","protected":false},"author":1,"featured_media":42428,"comment_status":"open","ping_status":"open","sticky":false,"template":"","format":"standard","meta":{"fifu_image_url":"https:\/\/static.dw.com\/image\/73767378_6.jpg","fifu_image_alt":"","footnotes":""},"categories":[13],"tags":[],"class_list":["post-42427","post","type-post","status-publish","format-standard","has-post-thumbnail","","category-mundo"],"_links":{"self":[{"href":"https:\/\/noticiasveraces.com\/index.php?rest_route=\/wp\/v2\/posts\/42427","targetHints":{"allow":["GET"]}}],"collection":[{"href":"https:\/\/noticiasveraces.com\/index.php?rest_route=\/wp\/v2\/posts"}],"about":[{"href":"https:\/\/noticiasveraces.com\/index.php?rest_route=\/wp\/v2\/types\/post"}],"author":[{"embeddable":true,"href":"https:\/\/noticiasveraces.com\/index.php?rest_route=\/wp\/v2\/users\/1"}],"replies":[{"embeddable":true,"href":"https:\/\/noticiasveraces.com\/index.php?rest_route=%2Fwp%2Fv2%2Fcomments&post=42427"}],"version-history":[{"count":0,"href":"https:\/\/noticiasveraces.com\/index.php?rest_route=\/wp\/v2\/posts\/42427\/revisions"}],"wp:featuredmedia":[{"embeddable":true,"href":"https:\/\/noticiasveraces.com\/index.php?rest_route=\/wp\/v2\/media\/42428"}],"wp:attachment":[{"href":"https:\/\/noticiasveraces.com\/index.php?rest_route=%2Fwp%2Fv2%2Fmedia&parent=42427"}],"wp:term":[{"taxonomy":"category","embeddable":true,"href":"https:\/\/noticiasveraces.com\/index.php?rest_route=%2Fwp%2Fv2%2Fcategories&post=42427"},{"taxonomy":"post_tag","embeddable":true,"href":"https:\/\/noticiasveraces.com\/index.php?rest_route=%2Fwp%2Fv2%2Ftags&post=42427"}],"curies":[{"name":"wp","href":"https:\/\/api.w.org\/{rel}","templated":true}]}}