{"id":42422,"date":"2025-08-29T06:16:57","date_gmt":"2025-08-29T10:16:57","guid":{"rendered":"https:\/\/noticiasveraces.com\/?p=42422"},"modified":"2025-08-29T06:16:57","modified_gmt":"2025-08-29T10:16:57","slug":"el-pib-sube-un-04-en-el-segundo-trimestre","status":"publish","type":"post","link":"https:\/\/noticiasveraces.com\/?p=42422","title":{"rendered":"el PIB sube un 0,4% en el segundo trimestre"},"content":{"rendered":"<p> \n<\/p>\n<div>\n<p><img decoding=\"async\" class=\"aligncenter lazyload first-post-image\" src=\"https:\/\/www.economiafinanzas.com\/wp-content\/uploads\/2025\/08\/PIB-OCDE-04-en-segundo-trimestre-1.jpg\" alt=\"Registradoras de la OCDE del PIB\" title=\"Registradoras de la OCDE del PIB\" data-no-lazy=\"true\"\/><img decoding=\"async\" class=\"aligncenter lazyload\" src=\"https:\/\/www.economiafinanzas.com\/wp-content\/uploads\/2025\/08\/PIB-OCDE-04-en-segundo-trimestre-1.jpg\" alt=\"Registradoras de la OCDE del PIB\" title=\"Registradoras de la OCDE del PIB\"\/><\/p>\n<p>El conjunto de econom\u00edas de la <strong>OCDE<\/strong> recuper\u00f3 ritmo entre abril y junio con un avance del <strong>0,4%<\/strong>cifra que dobla el registro del primer trimestre (0,2%). El dato se\u00f1ala un retorno a los ritmos de crecimiento estables que ven\u00edan dominando en periodos anteriores y que se hab\u00edan enfriado a comienzos de a\u00f1o.<\/p>\n<p>Este repunte lleg\u00f3 acompa\u00f1ado de una mejora sincronizada en el <strong>G7<\/strong>que aceler\u00f3 de <strong>0,1% A 0,4%<\/strong>aunque con diferencias notables por pa\u00eds. El empuje de <strong>Estados Unidos<\/strong> y la solidez de <strong>Espacio<\/strong> fueron determinantes, en un entorno a\u00fan condicionado por la tensi\u00f3n comercial y los ajustes de inventarios, seg\u00fan indicadores macroecon\u00f3micos.<\/p>\n<h2>Ritmo del bloque y comparativa con el G7<\/h2>\n<p><img decoding=\"async\" class=\"aligncenter lazyload\" src=\"https:\/\/www.economiafinanzas.com\/wp-content\/uploads\/2025\/08\/PIB-OCDE-04-en-segundo-trimestre-6-scaled.jpg\" alt=\"Evoluci\u00f3n del PIB en la OCDE\" title=\"Evoluci\u00f3n del PIB en la OCDE\"\/><img decoding=\"async\" class=\"aligncenter lazyload\" src=\"https:\/\/www.economiafinanzas.com\/wp-content\/uploads\/2025\/08\/PIB-OCDE-04-en-segundo-trimestre-6-scaled.jpg\" alt=\"Evoluci\u00f3n del PIB en la OCDE\" title=\"Evoluci\u00f3n del PIB en la OCDE\"\/><\/p>\n<p>La econom\u00eda agregada de la <strong>OCDE<\/strong> volvi\u00f3 a la horquilla hist\u00f3rica del <strong>0,4%-0,5%<\/strong> por trimestre tras el bache de principios de a\u00f1o. En paralelo, el <strong>G7<\/strong> replic\u00f3 la aceleraci\u00f3n, reflejando un escenario de mejora, pero con fuertes contrastes entre sus miembros.<\/p>\n<p>Entre los <strong>23 pa\u00edses<\/strong> con datos disponibles, <strong>13<\/strong> aceleraron respecto al primer trimestre, prueba de una recuperaci\u00f3n desigual pero extendida. La foto de conjunto es de <strong>mayor tracci\u00f3n<\/strong>aunque con motores claramente identificados.<\/p>\n<h2>Estados Unidos act\u00faa de palanca<\/h2>\n<p><img decoding=\"async\" class=\"aligncenter lazyload\" src=\"https:\/\/www.economiafinanzas.com\/wp-content\/uploads\/2025\/08\/PIB-OCDE-04-en-segundo-trimestre.jpg\" alt=\"Aporte de Estados Unidos al PIB de la OCDE\" title=\"Aporte de Estados Unidos al PIB de la OCDE\"\/><img decoding=\"async\" class=\"aligncenter lazyload\" src=\"https:\/\/www.economiafinanzas.com\/wp-content\/uploads\/2025\/08\/PIB-OCDE-04-en-segundo-trimestre.jpg\" alt=\"Aporte de Estados Unidos al PIB de la OCDE\" title=\"Aporte de Estados Unidos al PIB de la OCDE\"\/><\/p>\n<p><strong>Estados Unidos<\/strong> protagoniz\u00f3 la mayor contribuci\u00f3n al crecimiento del bloque: su PIB subi\u00f3 un <strong>0,7%<\/strong> tras la contracci\u00f3n del <strong>0,1%<\/strong> en el arranque del a\u00f1o. El avance se explic\u00f3 en gran medida por la <strong>ca\u00edda del 10,3%<\/strong> de las importaciones de bienes, que hab\u00edan aumentado un <strong>11%<\/strong> en el trimestre previo, previsiblemente por la <strong>anticipaci\u00f3n de aranceles<\/strong> anunciado.<\/p>\n<p>Ese impulso se vio atemperado por la <strong>liquidaci\u00f3n de existencias<\/strong> acumuladas en los primeros meses, un ajuste que rest\u00f3 algo de fuelle al dato final. Aun as\u00ed, el tama\u00f1o relativo de la econom\u00eda estadounidense la convierte en el <strong>motor principal<\/strong> del repunte del conjunto.<\/p>\n<h2>Espa\u00f1a, entre las grandes que m\u00e1s crecen<\/h2>\n<p><img decoding=\"async\" class=\"aligncenter lazyload\" src=\"https:\/\/www.economiafinanzas.com\/wp-content\/uploads\/2025\/08\/PIB-OCDE-04-en-segundo-trimestre-2.jpg\" alt=\"Crecimiento de Espa\u00f1a dentro de la OCDE\" title=\"Crecimiento de Espa\u00f1a dentro de la OCDE\"\/><img decoding=\"async\" class=\"aligncenter lazyload\" src=\"https:\/\/www.economiafinanzas.com\/wp-content\/uploads\/2025\/08\/PIB-OCDE-04-en-segundo-trimestre-2.jpg\" alt=\"Crecimiento de Espa\u00f1a dentro de la OCDE\" title=\"Crecimiento de Espa\u00f1a dentro de la OCDE\"\/><\/p>\n<p><strong>Espacio<\/strong> se consolid\u00f3 entre las grandes econom\u00edas de la OCDE con un avance trimestral del <strong>0,7%<\/strong>una d\u00e9cima por encima del primer trimestre. En t\u00e9rminos interanuales, el crecimiento alcanz\u00f3 el <strong>2,8%<\/strong>situ\u00e1ndose por delante de la media del bloque y mostrando una <strong>resiliencia notable<\/strong> frente a los shocks comerciales y al peso del turismo.<\/p>\n<p>Solo <strong>Polonia<\/strong> Y <strong>Noruega<\/strong> superaron esa tasa trimestral entre los europeos con un <strong>0,8%<\/strong>mientras que el resto de grandes econom\u00edas del entorno presentaron resultados m\u00e1s contenidos o directamente negativos.<\/p>\n<h2>Europa y aliados: se\u00f1ales mixtas<\/h2>\n<p><img decoding=\"async\" class=\"aligncenter lazyload\" src=\"https:\/\/www.economiafinanzas.com\/wp-content\/uploads\/2025\/08\/PIB-OCDE-04-en-segundo-trimestre-4.jpg\" alt=\"Panorama europeo del PIB\" title=\"Panorama europeo del PIB\"\/><img decoding=\"async\" class=\"aligncenter lazyload\" src=\"https:\/\/www.economiafinanzas.com\/wp-content\/uploads\/2025\/08\/PIB-OCDE-04-en-segundo-trimestre-4.jpg\" alt=\"Panorama europeo del PIB\" title=\"Panorama europeo del PIB\"\/><\/p>\n<p>Entre las potencias del <strong>G7<\/strong>, <strong>Francia<\/strong> Y <strong>Jap\u00f3n<\/strong> mejoraron del <strong>0,1%<\/strong> Alabama <strong>0,3%<\/strong>un avance <strong>moderado pero constante<\/strong>. En <strong>Canad\u00e1<\/strong>la actividad qued\u00f3 pr\u00e1cticamente <strong>estancada<\/strong> tras crecer un 0,5% en el trimestre previo.<\/p>\n<p>El <strong>Reino Unido<\/strong> redujo su ritmo del <strong>0,7%<\/strong> Alabama <strong>0,3%<\/strong>afectado por una ca\u00edda del <strong>1,1%<\/strong> en la inversi\u00f3n. La otra cara de la moneda estuvo en <strong>Alemania<\/strong> mi <strong>Italia<\/strong>que pasaron de crecer un 0,3% a contraerse un <strong>-0,3%<\/strong> y un <strong>-0,1%<\/strong>respectivamente.<\/p>\n<p>En el caso alem\u00e1n, la correcci\u00f3n se atribuye a un retroceso de las <strong>exportaciones de bienes<\/strong> del <strong>0,6%<\/strong>tras el avance del 3% anterior. Este patr\u00f3n confirma una <strong>debilidad industrial<\/strong> que a\u00fan no logra revertirse.<\/p>\n<h2>Contrastes m\u00e1s all\u00e1 del foco<\/h2>\n<p><img decoding=\"async\" class=\"aligncenter lazyload\" src=\"https:\/\/www.economiafinanzas.com\/wp-content\/uploads\/2025\/08\/PIB-OCDE-04-en-segundo-trimestre-5.jpg\" alt=\"Contrastes del crecimiento en OCDE\" title=\"Contrastes del crecimiento en OCDE\"\/><img decoding=\"async\" class=\"aligncenter lazyload\" src=\"https:\/\/www.economiafinanzas.com\/wp-content\/uploads\/2025\/08\/PIB-OCDE-04-en-segundo-trimestre-5.jpg\" alt=\"Contrastes del crecimiento en OCDE\" title=\"Contrastes del crecimiento en OCDE\"\/><\/p>\n<p>Los datos tambi\u00e9n dejaron giros llamativos: <strong>Dinamarca<\/strong> pas\u00f3 de una contracci\u00f3n del <strong>-1,3%<\/strong> a un crecimiento del <strong>1,3%<\/strong>encabezando las sorpresas positivas del trimestre. En sentido contrario, <strong>Irlanda<\/strong> registr\u00f3 una ca\u00edda del <strong>1%<\/strong>tras un incremento muy abultado en el periodo anterior.<\/p>\n<p>M\u00e1s all\u00e1 de los titulares, el balance por pa\u00edses sugiere un mapa de <strong>recuperaci\u00f3n a varias velocidades<\/strong>en el que una parte significativa de las econom\u00edas acelera mientras otras siguen lidiando con ajustes comerciales y de demanda.<\/p>\n<h2>Perspectiva interanual y se\u00f1ales de estabilidad<\/h2>\n<p><img decoding=\"async\" class=\"aligncenter lazyload\" src=\"https:\/\/www.economiafinanzas.com\/wp-content\/uploads\/2025\/08\/PIB-OCDE-04-en-segundo-trimestre-3.jpg\" alt=\"Perspectiva interanual del PIB en la OCDE\" title=\"Perspectiva interanual del PIB en la OCDE\"\/><img decoding=\"async\" class=\"aligncenter lazyload\" src=\"https:\/\/www.economiafinanzas.com\/wp-content\/uploads\/2025\/08\/PIB-OCDE-04-en-segundo-trimestre-3.jpg\" alt=\"Perspectiva interanual del PIB en la OCDE\" title=\"Perspectiva interanual del PIB en la OCDE\"\/><\/p>\n<p>En tasa interanual, el crecimiento del bloque se mantuvo en el <strong>1,7%<\/strong>sin cambios frente al trimestre previo. Por pa\u00edses, <strong>Estados Unidos<\/strong> lider\u00f3 con un <strong>2%<\/strong> Y <strong>Alemania<\/strong> se qued\u00f3 en el <strong>0,2%<\/strong>lo que confirma que el desempe\u00f1o anual tambi\u00e9n refleja <strong>brechas notables<\/strong> entre econom\u00edas.<\/p>\n<p>Contribuyendo al buen tono, <strong>Espacio<\/strong> se situ\u00f3 entre las m\u00e1s din\u00e1micas con un <strong>2,8%<\/strong> interanual, mientras que en Europa central y n\u00f3rdica destacaron tasas trimestrales como las de <strong>Polonia<\/strong> Y <strong>Noruega<\/strong> (0,8%). En conjunto, la OCDE encadena un patr\u00f3n de <strong>estabilidad<\/strong> que, aunque heterog\u00e9neo, mejora la foto respecto al arranque del a\u00f1o.<\/p>\n<p>Pese a las diferencias por \u00e1reas y los ajustes derivados de la <strong>pol\u00edtica comercial<\/strong> y los inventarios, el dato del <strong>0,4%<\/strong> en el segundo trimestre confirma que el bloque recupera cierto pulso, con <strong>De. Su.<\/strong> como principal soporte y <strong>Espacio<\/strong> entre las grandes que mejor resisten, mientras persisten focos de debilidad en <strong>Alemania<\/strong>, <strong>Italia<\/strong> y el <strong>Reino Unido<\/strong>.<\/p>\n<div class=\"post-relacionado-wrapper\"><img fetchpriority=\"high\" decoding=\"async\" width=\"300\" height=\"169\" src=\"https:\/\/www.economiafinanzas.com\/wp-content\/uploads\/2023\/11\/PIB-300x169.png\" class=\"attachment-medium size-medium wp-post-image\" alt=\"||\" srcset=\"https:\/\/www.economiafinanzas.com\/wp-content\/uploads\/2023\/11\/PIB-300x169.png 300w, https:\/\/www.economiafinanzas.com\/wp-content\/uploads\/2023\/11\/PIB-1024x576.png 1024w, https:\/\/www.economiafinanzas.com\/wp-content\/uploads\/2023\/11\/PIB-768x432.png 768w, https:\/\/www.economiafinanzas.com\/wp-content\/uploads\/2023\/11\/PIB-1536x864.png 1536w, https:\/\/www.economiafinanzas.com\/wp-content\/uploads\/2023\/11\/PIB-1200x675.png 1200w, https:\/\/www.economiafinanzas.com\/wp-content\/uploads\/2023\/11\/PIB-400x225.png 400w, https:\/\/www.economiafinanzas.com\/wp-content\/uploads\/2023\/11\/PIB-500x281.png 500w, https:\/\/www.economiafinanzas.com\/wp-content\/uploads\/2023\/11\/PIB-170x96.png 170w, https:\/\/www.economiafinanzas.com\/wp-content\/uploads\/2023\/11\/PIB-420x236.png 420w, https:\/\/www.economiafinanzas.com\/wp-content\/uploads\/2023\/11\/PIB-840x473.png 840w, https:\/\/www.economiafinanzas.com\/wp-content\/uploads\/2023\/11\/PIB-150x84.png 150w, https:\/\/www.economiafinanzas.com\/wp-content\/uploads\/2023\/11\/PIB.png 1920w\" sizes=\"(max-width: 300px) 100vw, 300px\"\/><\/p>\n<div>\n<p>Art\u00edculo relacionado:<\/p>\n<p>PIB: Qu\u00e9 es, c\u00f3mo Funciona y su importancia en la econom\u00eda<\/p>\n<\/div>\n<\/div>\n<p> <!-- CONTENT END 1 --> <\/div>\n\n","protected":false},"excerpt":{"rendered":"<p>El conjunto de econom\u00edas de la OCDE recuper\u00f3 ritmo entre abril y junio con un avance del 0,4%cifra que dobla el registro del primer trimestre (0,2%). El dato se\u00f1ala un retorno a los ritmos de crecimiento estables que ven\u00edan dominando en periodos anteriores y que se hab\u00edan enfriado a comienzos de a\u00f1o. Este repunte lleg\u00f3 &hellip;<\/p>\n","protected":false},"author":1,"featured_media":42424,"comment_status":"open","ping_status":"open","sticky":false,"template":"","format":"standard","meta":{"fifu_image_url":"https:\/\/www.economiafinanzas.com\/wp-content\/uploads\/2025\/08\/PIB-OCDE-04-en-segundo-trimestre-1.jpg","fifu_image_alt":"","footnotes":""},"categories":[3],"tags":[],"class_list":["post-42422","post","type-post","status-publish","format-standard","has-post-thumbnail","","category-negocio"],"_links":{"self":[{"href":"https:\/\/noticiasveraces.com\/index.php?rest_route=\/wp\/v2\/posts\/42422","targetHints":{"allow":["GET"]}}],"collection":[{"href":"https:\/\/noticiasveraces.com\/index.php?rest_route=\/wp\/v2\/posts"}],"about":[{"href":"https:\/\/noticiasveraces.com\/index.php?rest_route=\/wp\/v2\/types\/post"}],"author":[{"embeddable":true,"href":"https:\/\/noticiasveraces.com\/index.php?rest_route=\/wp\/v2\/users\/1"}],"replies":[{"embeddable":true,"href":"https:\/\/noticiasveraces.com\/index.php?rest_route=%2Fwp%2Fv2%2Fcomments&post=42422"}],"version-history":[{"count":0,"href":"https:\/\/noticiasveraces.com\/index.php?rest_route=\/wp\/v2\/posts\/42422\/revisions"}],"wp:featuredmedia":[{"embeddable":true,"href":"https:\/\/noticiasveraces.com\/index.php?rest_route=\/wp\/v2\/media\/42424"}],"wp:attachment":[{"href":"https:\/\/noticiasveraces.com\/index.php?rest_route=%2Fwp%2Fv2%2Fmedia&parent=42422"}],"wp:term":[{"taxonomy":"category","embeddable":true,"href":"https:\/\/noticiasveraces.com\/index.php?rest_route=%2Fwp%2Fv2%2Fcategories&post=42422"},{"taxonomy":"post_tag","embeddable":true,"href":"https:\/\/noticiasveraces.com\/index.php?rest_route=%2Fwp%2Fv2%2Ftags&post=42422"}],"curies":[{"name":"wp","href":"https:\/\/api.w.org\/{rel}","templated":true}]}}