{"id":42412,"date":"2025-08-29T05:57:30","date_gmt":"2025-08-29T09:57:30","guid":{"rendered":"https:\/\/noticiasveraces.com\/?p=42412"},"modified":"2025-08-29T05:57:30","modified_gmt":"2025-08-29T09:57:30","slug":"el-fenerbahce-despide-a-jose-mourinho","status":"publish","type":"post","link":"https:\/\/noticiasveraces.com\/?p=42412","title":{"rendered":"El Fenerbah\u00e7e despide a Jos\u00e9 Mourinho"},"content":{"rendered":"<p> \n<\/p>\n<div>\n<p data-mrf-recirculation=\"Links P\u00e1rrafos\" class=\"ue-c-article__paragraph paragraph\"><strong>Bombazo en Turqu\u00eda.<\/strong> El <strong>Fenerbahce <\/strong>ha anunciado hoy la destituci\u00f3n de <strong>Jos\u00e9 Mourinho<\/strong> como entrenador del primer equipo a trav\u00e9s de un comunicado en sus redes sociales. <\/p>\n<p data-mrf-recirculation=\"Links P\u00e1rrafos\" class=\"ue-c-article__paragraph paragraph\">\u00abHemos despedido a Jos\u00e9 Mourinho, quien ha sido el entrenador de nuestro Equipo Profesional de F\u00fatbol desde la temporada 2024-2025.<strong> Le agradecemos su esfuerzo por nuestro equipo y le deseamos \u00e9xito en su carrera<\/strong>\u00ab, explica el comunicado.<\/p>\n<figure class=\"ue-c-article__media ue-c-article__media--video  video-player\"><figcaption class=\"ue-c-article__media-caption\" itemprop=\"description\">\n<p><span class=\"ue-c-article__media-description\">Hadmi Akin, vicepresidente del Fenerbahce, hab\u00eda dicho que pod\u00edan pasar la eliminatoria con mucha facilidad, porque el Benfica demostr\u00f3 que no era un gran equipo.<\/span><\/p>\n<\/figcaption><\/figure>\n<p data-mrf-recirculation=\"Links P\u00e1rrafos\" class=\"ue-c-article__paragraph paragraph\">La noticia del adi\u00f3s del t\u00e9cnico portugu\u00e9s llega <strong>casi 48 horas despu\u00e9s de que su equipo no pudiese clasificarse para la fase de liguilla de la UEFA Champions<\/strong> League cayendo a manos del Benfica el pasado mi\u00e9rcoles.\u00a0Mourinho, de esta forma, deja al equipo fuera de la m\u00e1xima competici\u00f3n de clubes y <strong>s\u00e9ptimo en la Superliga turca<\/strong>con una victoria y un empate, y <strong>a dos d\u00edas de jugar ante el\u00a0Gen\u00e7lerbirli\u011fi a domicilio, este domingo a las 18:00 horas.<\/strong><\/p>\n<p data-mrf-recirculation=\"Links P\u00e1rrafos\" class=\"ue-c-article__paragraph paragraph\">Esta eliminaci\u00f3n ha supuesto un mazazo duro para el club y para el t\u00e9cnico luso, cuya <strong>\u00faltima vez en Champions fue el 10 de marzo de 2020.<\/strong> Por aquel entonces, <em>Mou <\/em>dirig\u00eda al <strong>Tottenham<\/strong>y desde entonces han pasado ya casi<strong> 2.000 d\u00edas en los que no encuentra el camino<\/strong> de regreso a la competici\u00f3n que conquist\u00f3 dos veces y que ahora ha desencadenado el fin de su aventura en Turqu\u00eda <strong>un a\u00f1o despu\u00e9s de llegar y a\u00fan con una temporada m\u00e1s de contrato.<\/strong><\/p>\n<p data-mrf-recirculation=\"Links P\u00e1rrafos\" class=\"ue-c-article__paragraph paragraph\">Adem\u00e1s, seg\u00fan ha podido saber MARCA, Mourinho ha recibido una indemnizaci\u00f3n millonaria de una cifra cercana a los <strong>15 millones de euros por el despido.<\/strong><\/p>\n<\/div>\n\n","protected":false},"excerpt":{"rendered":"<p>Bombazo en Turqu\u00eda. El Fenerbahce ha anunciado hoy la destituci\u00f3n de Jos\u00e9 Mourinho como entrenador del primer equipo a trav\u00e9s de un comunicado en sus redes sociales. \u00abHemos despedido a Jos\u00e9 Mourinho, quien ha sido el entrenador de nuestro Equipo Profesional de F\u00fatbol desde la temporada 2024-2025. Le agradecemos su esfuerzo por nuestro equipo y &hellip;<\/p>\n","protected":false},"author":1,"featured_media":42413,"comment_status":"open","ping_status":"open","sticky":false,"template":"","format":"standard","meta":{"fifu_image_url":"https:\/\/e00-xlk-ue-marca.uecdn.es\/files\/article_main_microformat\/uploads\/2025\/08\/29\/Z0Hle1eiMLiQwU_UK.jpeg","fifu_image_alt":"","footnotes":""},"categories":[6],"tags":[],"class_list":["post-42412","post","type-post","status-publish","format-standard","has-post-thumbnail","","category-deportes"],"_links":{"self":[{"href":"https:\/\/noticiasveraces.com\/index.php?rest_route=\/wp\/v2\/posts\/42412","targetHints":{"allow":["GET"]}}],"collection":[{"href":"https:\/\/noticiasveraces.com\/index.php?rest_route=\/wp\/v2\/posts"}],"about":[{"href":"https:\/\/noticiasveraces.com\/index.php?rest_route=\/wp\/v2\/types\/post"}],"author":[{"embeddable":true,"href":"https:\/\/noticiasveraces.com\/index.php?rest_route=\/wp\/v2\/users\/1"}],"replies":[{"embeddable":true,"href":"https:\/\/noticiasveraces.com\/index.php?rest_route=%2Fwp%2Fv2%2Fcomments&post=42412"}],"version-history":[{"count":0,"href":"https:\/\/noticiasveraces.com\/index.php?rest_route=\/wp\/v2\/posts\/42412\/revisions"}],"wp:featuredmedia":[{"embeddable":true,"href":"https:\/\/noticiasveraces.com\/index.php?rest_route=\/wp\/v2\/media\/42413"}],"wp:attachment":[{"href":"https:\/\/noticiasveraces.com\/index.php?rest_route=%2Fwp%2Fv2%2Fmedia&parent=42412"}],"wp:term":[{"taxonomy":"category","embeddable":true,"href":"https:\/\/noticiasveraces.com\/index.php?rest_route=%2Fwp%2Fv2%2Fcategories&post=42412"},{"taxonomy":"post_tag","embeddable":true,"href":"https:\/\/noticiasveraces.com\/index.php?rest_route=%2Fwp%2Fv2%2Ftags&post=42412"}],"curies":[{"name":"wp","href":"https:\/\/api.w.org\/{rel}","templated":true}]}}