{"id":42398,"date":"2025-08-29T04:56:18","date_gmt":"2025-08-29T08:56:18","guid":{"rendered":"https:\/\/noticiasveraces.com\/?p=42398"},"modified":"2025-08-29T04:56:18","modified_gmt":"2025-08-29T08:56:18","slug":"el-retorno-del-servicio-militar-obligatorio-en-europa-dw-28-08-2025","status":"publish","type":"post","link":"https:\/\/noticiasveraces.com\/?p=42398","title":{"rendered":"El retorno del servicio militar obligatorio en Europa \u2013 DW \u2013 28\/08\/2025"},"content":{"rendered":"<p> \n<\/p>\n<div data-tracking-name=\"rich-text\" data-tracking-skip=\"true\">\n<p>En 2011, Alemania suspendi\u00f3 el servicio militar obligatorio. Ahora, el Gobierno federal introduce un \u00abNuevo Servicio Militar\u00bb, inspirado en el modelo sueco del cuestionario y basado inicialmente en la voluntariedad. A partir del 1 de julio de 2027, sin embargo, todos los hombres de una misma cohorte deber\u00e1n presentarse a la revisi\u00f3n obligatoria \u2014las mujeres podr\u00e1n participar de forma voluntaria. Quienes se alisten en la Bundeswehr deber\u00e1n pasar por un proceso de selecci\u00f3n y obtendr\u00e1n el estatus de \u00absoldado por tiempo limitado\u00bb. As\u00ed, estar\u00e1n mejor remunerados que en el anterior servicio voluntario, mientras las primas buscan hacer atractivos los compromisos m\u00e1s largos.<\/p>\n<p>El modelo incluye una opci\u00f3n obligatoria incorporada: si la situaci\u00f3n de seguridad se agrava o faltan voluntarios, el Gobierno podr\u00e1, mediante un reglamento con aprobaci\u00f3n del Bundestag, decretar el servicio obligatorio. Por ello, se reactivar\u00e1, digitalizar\u00e1 y modernizar\u00e1 el sistema de reclutamiento.<\/p>\n<p>Tras su servicio, los hombres (y mujeres) quedar\u00e1n vinculados al Ej\u00e9rcito mediante periodos regulares de reserva. Para los objetivos de la OTAN, el crecimiento de esta reserva es central. La Bundeswehr quiere as\u00ed cubrir sus carencias de personal.<\/p>\n<h2>Francia:\u00a0servicio nacional ligero, reserva fuerte<\/h2>\n<p>Francia aboli\u00f3 el servicio militar cl\u00e1sico en 1996 bajo el presidente Jacques Chirac. Emmanuel Macron introdujo en 2019 el \u00abService National Universel\u00bb\u00a0(SNU), un programa de un mes para j\u00f3venes de 15 a 17 a\u00f1os, parcialmente militarizado, pero tambi\u00e9n con contenidos sociales y c\u00edvicos.<\/p>\n<p>Se habl\u00f3 repetidamente de hacerlo obligatorio; Macron lo anunci\u00f3 en 2018. Sin embargo, hoy est\u00e1 claro: el SNU seguir\u00e1 siendo voluntario. Ni los recursos ni el apoyo pol\u00edtico alcanzan para una implantaci\u00f3n generalizada. Par\u00eds apuesta, en cambio, por ampliar la reserva: de 40.000 a 80.000 efectivos, que refuercen r\u00e1pidamente al Ej\u00e9rcito profesional en caso de emergencia.<\/p>\n<figure class=\"placeholder-image master_landscape big\"><img data-format=\"MASTER_LANDSCAPE\" data-id=\"69773884\" data-url=\"https:\/\/static.dw.com\/image\/69773884_${formatId}.jpg\" data-aspect-ratio=\"16\/9\" alt=\"Soldados frente a la estaci\u00f3n Gare du Nord en Par\u00eds.\" style=\"padding-bottom: 56.25%; height: 0; max-height: 0;\"\/><figcaption class=\"img-caption\">En Francia, el Ej\u00e9rcito tambi\u00e9n se utiliza regularmente en el interior del pa\u00eds.<small class=\"copyright\">Imagen: Mark Baker\/AP Photo\/Picture Alliance <\/small><\/figcaption><\/figure>\n<h2>Reino Unido: Ej\u00e9rcito profesional con reservistas como apoyo<\/h2>\n<p>La conscripci\u00f3n se aboli\u00f3 en 1960. Desde entonces, el Reino Unido mantiene un Ej\u00e9rcito profesional. Pero el modelo tradicional sufre una escasez cr\u00f3nica de reclutas. Analistas militares advierten, no obstante, que el regreso del servicio obligatorio ser\u00eda ineficaz e impracticable. En su lugar, consideran que reforzar las fuerzas de reserva es la respuesta m\u00e1s adecuada ante las crecientes exigencias de seguridad derivadas de la amenaza rusa.<\/p>\n<h2>Polonia: reservistas, defensa territorial y educaci\u00f3n militar<\/h2>\n<p>Polonia elimin\u00f3 la conscripci\u00f3n en 2008, pero desde la invasi\u00f3n rusa de Ucrania se rearma como ning\u00fan otro pa\u00eds de la UE. Para 2035, el Ej\u00e9rcito deber\u00e1 crecer hasta 300.000 soldados, m\u00e1s otros 50.000 en la nueva defensa territorial.\u00a0Un segundo pilar es la reserva: se actualizan los conocimientos de antiguos reclutas y se vincula a nuevos mediante cursos cortos.<\/p>\n<p>Adem\u00e1s, Polonia apuesta por la instrucci\u00f3n militar en escuelas. En m\u00e1s de 200 \u00abclases de preparaci\u00f3n militar\u00bb, adolescentes desde los 14 a\u00f1os aprenden marchas de campo, tiro y disciplina. Para el Ej\u00e9rcito, es un vivero de reclutas; para el Estado, una herramienta de educaci\u00f3n patri\u00f3tica.<\/p>\n<p><span data-slot-id=\"Article_InContent-1\" class=\"rich-text-ad\"\/><\/p>\n<h2>Suecia: conscripci\u00f3n para contingentes<\/h2>\n<p>Abolida en 2010 y\u00a0reintroducida en 2017: en Suecia, todos los j\u00f3venes de 18 a\u00f1os deben registrarse en l\u00ednea y proporcionar datos personales. Una parte es convocada a revisi\u00f3n. Cada a\u00f1o, el Ej\u00e9rcito define cu\u00e1ntos reclutas necesita \u2014normalmente entre el 5 y el 10 % de una cohorte\u2014. Ese contingente es obligado a servir, hombres y mujeres por igual. Quienes quieran hacerlo voluntariamente tienen m\u00e1s opciones de ser llamados. Quienes no, no siempre logran evitarlo.<\/p>\n<p>Desde 2023 rige tambi\u00e9n un servicio civil obligatorio: quienes no vayan al Ej\u00e9rcito pueden ser destinados, por ejemplo, a los servicios de rescate o protecci\u00f3n civil.<\/p>\n<h2>Finlandia: la conscripci\u00f3n como pilar social<\/h2>\n<p>Finlandia nunca aboli\u00f3 el servicio militar. Todos los hombres a partir de los 18 a\u00f1os deben servir; las mujeres pueden hacerlo voluntariamente. El servicio b\u00e1sico dura entre seis y doce meses, seg\u00fan la unidad. Aproximadamente dos tercios de una cohorte realizan efectivamente servicio militar, un valor alt\u00edsimo en comparaci\u00f3n europea.<\/p>\n<p>Lo particular es la profunda integraci\u00f3n de la obligaci\u00f3n en la sociedad: casi todo var\u00f3n finland\u00e9s pasa a ser reservista tras el servicio b\u00e1sico y es convocado regularmente a maniobras. As\u00ed, este pa\u00eds de 5,5 millones de habitantes puede movilizar en caso de emergencia a m\u00e1s de 250.000 soldados. En Helsinki, el sistema se considera no solo una necesidad militar, sino parte integral de la identidad nacional.<\/p>\n<h2>Lituania y Ucrania: conscripci\u00f3n en modo de guerra<\/h2>\n<p>Lituania reactiv\u00f3 en 2015 el servicio obligatorio e incorpora cada a\u00f1o a unos 3.500 hombres, que despu\u00e9s pasan a la reserva como medida disuasoria.<\/p>\n<p>Ucrania lo reinstaur\u00f3 en 2014 y, desde la invasi\u00f3n rusa a gran escala en 2022, todos los hombres de entre 18 y 60 a\u00f1os pueden ser llamados a filas. Millones de ucranianos ya est\u00e1n bajo las armas y millones m\u00e1s figuran como reservistas.<\/p>\n<p>(GG\/RML)<\/p>\n<\/div>\n\n","protected":false},"excerpt":{"rendered":"<p>En 2011, Alemania suspendi\u00f3 el servicio militar obligatorio. Ahora, el Gobierno federal introduce un \u00abNuevo Servicio Militar\u00bb, inspirado en el modelo sueco del cuestionario y basado inicialmente en la voluntariedad. A partir del 1 de julio de 2027, sin embargo, todos los hombres de una misma cohorte deber\u00e1n presentarse a la revisi\u00f3n obligatoria \u2014las mujeres &hellip;<\/p>\n","protected":false},"author":1,"featured_media":42399,"comment_status":"open","ping_status":"open","sticky":false,"template":"","format":"standard","meta":{"fifu_image_url":"https:\/\/static.dw.com\/image\/73773840_6.jpg","fifu_image_alt":"","footnotes":""},"categories":[13],"tags":[],"class_list":["post-42398","post","type-post","status-publish","format-standard","has-post-thumbnail","","category-mundo"],"_links":{"self":[{"href":"https:\/\/noticiasveraces.com\/index.php?rest_route=\/wp\/v2\/posts\/42398","targetHints":{"allow":["GET"]}}],"collection":[{"href":"https:\/\/noticiasveraces.com\/index.php?rest_route=\/wp\/v2\/posts"}],"about":[{"href":"https:\/\/noticiasveraces.com\/index.php?rest_route=\/wp\/v2\/types\/post"}],"author":[{"embeddable":true,"href":"https:\/\/noticiasveraces.com\/index.php?rest_route=\/wp\/v2\/users\/1"}],"replies":[{"embeddable":true,"href":"https:\/\/noticiasveraces.com\/index.php?rest_route=%2Fwp%2Fv2%2Fcomments&post=42398"}],"version-history":[{"count":0,"href":"https:\/\/noticiasveraces.com\/index.php?rest_route=\/wp\/v2\/posts\/42398\/revisions"}],"wp:featuredmedia":[{"embeddable":true,"href":"https:\/\/noticiasveraces.com\/index.php?rest_route=\/wp\/v2\/media\/42399"}],"wp:attachment":[{"href":"https:\/\/noticiasveraces.com\/index.php?rest_route=%2Fwp%2Fv2%2Fmedia&parent=42398"}],"wp:term":[{"taxonomy":"category","embeddable":true,"href":"https:\/\/noticiasveraces.com\/index.php?rest_route=%2Fwp%2Fv2%2Fcategories&post=42398"},{"taxonomy":"post_tag","embeddable":true,"href":"https:\/\/noticiasveraces.com\/index.php?rest_route=%2Fwp%2Fv2%2Ftags&post=42398"}],"curies":[{"name":"wp","href":"https:\/\/api.w.org\/{rel}","templated":true}]}}