{"id":42394,"date":"2025-08-29T02:54:27","date_gmt":"2025-08-29T06:54:27","guid":{"rendered":"https:\/\/noticiasveraces.com\/?p=42394"},"modified":"2025-08-29T02:54:27","modified_gmt":"2025-08-29T06:54:27","slug":"alerta-roja-en-el-norte-de-italia-por-temor-a-inundaciones-dw-28-08-2025","status":"publish","type":"post","link":"https:\/\/noticiasveraces.com\/?p=42394","title":{"rendered":"Alerta roja en el norte de Italia por temor a inundaciones \u2013 DW \u2013 28\/08\/2025"},"content":{"rendered":"<p> \n<\/p>\n<div data-tracking-name=\"rich-text\" data-tracking-skip=\"true\">\n<p>Un fuerte temporal golpea este jueves (28.08.2025) el norte de Italia, donde la regi\u00f3n de Lombardia permanece en alerta roja por riesgo de inundaciones<span id=\"ck_editor_caret_marker\" style=\"display:none\"\/>desbordamientos de r\u00edos y deslizamientos, mientras gran parte de la zona se encuentra en alerta naranja.<\/p>\n<p>Protecci\u00f3n Civil ha advertido sobre intensas precipitaciones en zonas como Valchiavenna, los lagos y los Prealpes varesinos, Lario y los Prealpes occidentales, acompa\u00f1adas de r\u00e1fagas de viento de hasta 90 kil\u00f3metros por hora.<\/p>\n<p>El origen del temporal es una perturbaci\u00f3n atl\u00e1ntica en tr\u00e1nsito por Francia, asociada al ex cicl\u00f3n tropical Erin que est\u00e1 dejando lluvias generalizadas en forma de chubascos y tormentas persistentes que pueden ir acompa\u00f1adas de granizo y fuerte actividad el\u00e9ctrica.<\/p>\n<p>En Mil\u00e1n (norte de Italia), donde la alerta es naranja, el Ayuntamiento ha decretado el cierre de los parques p\u00fablicos por el riesgo de ca\u00edda de \u00e1rboles y da\u00f1os por el viento hasta ma\u00f1ana, viernes.<\/p>\n<p>Asimismo, las autoridades locales vigilan la evoluci\u00f3n de los niveles de los r\u00edos Seveso y Lambro, que han experimentado un aumento significativo debido a las intensas lluvias, para evitar desbordamientos en los barrios de la ciudad.<\/p>\n<p>En la provincia de Pav\u00eda (norte), los bomberos han recibido m\u00e1s de 100 solicitudes de ayuda relacionadas con inundaciones, \u00e1rboles ca\u00eddos y da\u00f1os por el viento, informaron medios locales.<\/p>\n<p>Las autoridades prev\u00e9n que las precipitaciones contin\u00faen de forma generalizada, con chubascos y tormentas en el norte, que se desplazar\u00e1n a lo largo de la madrugada y la ma\u00f1ana del viernes hacia el centro del pa\u00eds.<\/p>\n<p>CT (Efe, Euronews)<\/p>\n<\/div>\n\n","protected":false},"excerpt":{"rendered":"<p>Un fuerte temporal golpea este jueves (28.08.2025) el norte de Italia, donde la regi\u00f3n de Lombardia permanece en alerta roja por riesgo de inundacionesdesbordamientos de r\u00edos y deslizamientos, mientras gran parte de la zona se encuentra en alerta naranja. Protecci\u00f3n Civil ha advertido sobre intensas precipitaciones en zonas como Valchiavenna, los lagos y los Prealpes &hellip;<\/p>\n","protected":false},"author":1,"featured_media":42395,"comment_status":"open","ping_status":"open","sticky":false,"template":"","format":"standard","meta":{"fifu_image_url":"https:\/\/static.dw.com\/image\/65670968_6.jpg","fifu_image_alt":"","footnotes":""},"categories":[13],"tags":[],"class_list":["post-42394","post","type-post","status-publish","format-standard","has-post-thumbnail","","category-mundo"],"_links":{"self":[{"href":"https:\/\/noticiasveraces.com\/index.php?rest_route=\/wp\/v2\/posts\/42394","targetHints":{"allow":["GET"]}}],"collection":[{"href":"https:\/\/noticiasveraces.com\/index.php?rest_route=\/wp\/v2\/posts"}],"about":[{"href":"https:\/\/noticiasveraces.com\/index.php?rest_route=\/wp\/v2\/types\/post"}],"author":[{"embeddable":true,"href":"https:\/\/noticiasveraces.com\/index.php?rest_route=\/wp\/v2\/users\/1"}],"replies":[{"embeddable":true,"href":"https:\/\/noticiasveraces.com\/index.php?rest_route=%2Fwp%2Fv2%2Fcomments&post=42394"}],"version-history":[{"count":0,"href":"https:\/\/noticiasveraces.com\/index.php?rest_route=\/wp\/v2\/posts\/42394\/revisions"}],"wp:featuredmedia":[{"embeddable":true,"href":"https:\/\/noticiasveraces.com\/index.php?rest_route=\/wp\/v2\/media\/42395"}],"wp:attachment":[{"href":"https:\/\/noticiasveraces.com\/index.php?rest_route=%2Fwp%2Fv2%2Fmedia&parent=42394"}],"wp:term":[{"taxonomy":"category","embeddable":true,"href":"https:\/\/noticiasveraces.com\/index.php?rest_route=%2Fwp%2Fv2%2Fcategories&post=42394"},{"taxonomy":"post_tag","embeddable":true,"href":"https:\/\/noticiasveraces.com\/index.php?rest_route=%2Fwp%2Fv2%2Ftags&post=42394"}],"curies":[{"name":"wp","href":"https:\/\/api.w.org\/{rel}","templated":true}]}}