{"id":42392,"date":"2025-08-29T01:52:52","date_gmt":"2025-08-29T05:52:52","guid":{"rendered":"https:\/\/noticiasveraces.com\/?p=42392"},"modified":"2025-08-29T01:52:52","modified_gmt":"2025-08-29T05:52:52","slug":"ue-mantendra-maxima-presion-sobre-rusia-tras-ataque-en-kiev-dw-28-08-2025","status":"publish","type":"post","link":"https:\/\/noticiasveraces.com\/?p=42392","title":{"rendered":"UE mantendr\u00e1 m\u00e1xima presi\u00f3n sobre Rusia tras ataque en Kiev \u2013 DW \u2013 28\/08\/2025"},"content":{"rendered":"<p> \n<\/p>\n<div data-tracking-name=\"rich-text\" data-tracking-skip=\"true\">\n<p>La presidenta de la Comisi\u00f3n Europea (CE), Ursula von der Leyen, asegur\u00f3 este jueves (28.08.2025) que la Uni\u00f3n Europea (UE) mantendr\u00e1 la \u00abm\u00e1xima presi\u00f3n\u201d sobre Rusia con m\u00e1s sanciones tras el ataque ruso con misiles que afect\u00f3 a la delegaci\u00f3n comunitaria en Kiev.<\/p>\n<p>\u00abEl ataque de anoche se produjo muy cerca de la misi\u00f3n diplom\u00e1tica, la representaci\u00f3n de nuestra Uni\u00f3n. Dos misiles impactaron a 50 metros de la delegaci\u00f3n en un intervalo de 20 segundos. \u00c9ste es otro sombr\u00edo recordatorio de lo que est\u00e1 en juego\u201d, indic\u00f3 Von der Leyen en una breve declaraci\u00f3n a la prensa sin preguntas.<\/p>\n<p>La pol\u00edtica alemana asegur\u00f3 estar \u00abindignada\u201d por el ataque ruso en Kiev que afect\u00f3 a las oficinas de la UE, \u00abel ataque con misiles y drones m\u00e1s mort\u00edfero contra la capital desde julio\u201d.<\/p>\n<p>\u00abFue un ataque tambi\u00e9n contra nuestra delegaci\u00f3n\u201d, asegur\u00f3, mientras mostraba unas fotograf\u00edas con una oficina y un edificio en ruinas y garantizaba que ninguno de los empleados comunitarios ha resultado herido tras haber hablado con el embajador adjunto.<\/p>\n<p>\u00abEstamos ejerciendo la m\u00e1xima presi\u00f3n sobre Rusia. Eso significa endurecer nuestro r\u00e9gimen de sanciones. Pronto presentaremos nuestro decimonoveno paquete de duras sanciones\u201d, recalc\u00f3.<\/p>\n<p>Para Von der Leyen, este ataque demuestra que el Kremlin \u00abno se detendr\u00e1 ante nada para aterrorizar a Ucrania, matando ciegamente a civiles, hombres, mujeres y ni\u00f1os, e incluso atacando a la Uni\u00f3n Europea\u201d.<\/p>\n<p>CT (Efe, Reuters, AP)<\/p>\n<\/div>\n\n","protected":false},"excerpt":{"rendered":"<p>La presidenta de la Comisi\u00f3n Europea (CE), Ursula von der Leyen, asegur\u00f3 este jueves (28.08.2025) que la Uni\u00f3n Europea (UE) mantendr\u00e1 la \u00abm\u00e1xima presi\u00f3n\u201d sobre Rusia con m\u00e1s sanciones tras el ataque ruso con misiles que afect\u00f3 a la delegaci\u00f3n comunitaria en Kiev. \u00abEl ataque de anoche se produjo muy cerca de la misi\u00f3n diplom\u00e1tica, &hellip;<\/p>\n","protected":false},"author":1,"featured_media":42393,"comment_status":"open","ping_status":"open","sticky":false,"template":"","format":"standard","meta":{"fifu_image_url":"https:\/\/static.dw.com\/image\/73796801_6.jpg","fifu_image_alt":"","footnotes":""},"categories":[13],"tags":[],"class_list":["post-42392","post","type-post","status-publish","format-standard","has-post-thumbnail","","category-mundo"],"_links":{"self":[{"href":"https:\/\/noticiasveraces.com\/index.php?rest_route=\/wp\/v2\/posts\/42392","targetHints":{"allow":["GET"]}}],"collection":[{"href":"https:\/\/noticiasveraces.com\/index.php?rest_route=\/wp\/v2\/posts"}],"about":[{"href":"https:\/\/noticiasveraces.com\/index.php?rest_route=\/wp\/v2\/types\/post"}],"author":[{"embeddable":true,"href":"https:\/\/noticiasveraces.com\/index.php?rest_route=\/wp\/v2\/users\/1"}],"replies":[{"embeddable":true,"href":"https:\/\/noticiasveraces.com\/index.php?rest_route=%2Fwp%2Fv2%2Fcomments&post=42392"}],"version-history":[{"count":0,"href":"https:\/\/noticiasveraces.com\/index.php?rest_route=\/wp\/v2\/posts\/42392\/revisions"}],"wp:featuredmedia":[{"embeddable":true,"href":"https:\/\/noticiasveraces.com\/index.php?rest_route=\/wp\/v2\/media\/42393"}],"wp:attachment":[{"href":"https:\/\/noticiasveraces.com\/index.php?rest_route=%2Fwp%2Fv2%2Fmedia&parent=42392"}],"wp:term":[{"taxonomy":"category","embeddable":true,"href":"https:\/\/noticiasveraces.com\/index.php?rest_route=%2Fwp%2Fv2%2Fcategories&post=42392"},{"taxonomy":"post_tag","embeddable":true,"href":"https:\/\/noticiasveraces.com\/index.php?rest_route=%2Fwp%2Fv2%2Ftags&post=42392"}],"curies":[{"name":"wp","href":"https:\/\/api.w.org\/{rel}","templated":true}]}}