{"id":42385,"date":"2025-08-28T23:56:28","date_gmt":"2025-08-29T03:56:28","guid":{"rendered":"https:\/\/noticiasveraces.com\/?p=42385"},"modified":"2025-08-28T23:56:28","modified_gmt":"2025-08-29T03:56:28","slug":"chicho-serna-fue-victima-de-hurto-en-argentina-esto-le-paso-al-dirigente-curiosidades-de-futbol","status":"publish","type":"post","link":"https:\/\/noticiasveraces.com\/?p=42385","title":{"rendered":"&#8216;Chicho&#8217; Serna fue v\u00edctima de hurto en Argentina: esto le pas\u00f3 al dirigente | Curiosidades de f\u00fatbol"},"content":{"rendered":"<p> \n<br \/><img decoding=\"async\" src=\"https:\/\/www.futbolred.com\/files\/article_graphic\/files\/crop\/uploads\/2021\/09\/08\/61390a7dd7bdd.r_419602.0-0-713-357.jpeg\" \/><\/p>\n<div id=\"cuerpoArticulo\">\n<p class=\"texto intro\" id=\"pnull-m194-193-195\">Mauricio \u2018Chicho\u2019 Serna, quien fue parte del Consejo de Boca Juniors hasta las primeras semanas de agosto, sufri\u00f3 un fuerte robo en Neuqu\u00e9n, municipio cercano a Buenos Aires, Argentina, en el que se fue involucrado su veh\u00edculo.<\/p>\n<p class=\"texto contenido-parrafo-articulo\" id=\"pnull-m206-2-207\">El exjugador colombiano se encontraba cenando en un restaurante este mi\u00e9rcoles 27 de agosto, en el sector de Villa La Angostura, Neuqu\u00e9n y cuando lleg\u00f3 al parqueadero not\u00f3 c\u00f3mo fue violentado su autom\u00f3vil.<\/p>\n<p>Serna se dio cuenta que una de las ventanas fue rota y lo despojaron de un bolso que conten\u00eda celulares, dinero y algunas joyas.<\/p>\n<p>\u00abEl carro, que fue dejado en calle c\u00e9ntrica, fue afectado por un delincuente que rompi\u00f3 uno de sus virios para acceder a \u00e9l. Se llev\u00f3 un celular, cadenas de oro y plata, un computador y una maleta. Sin embargo, el ex Selecci\u00f3n Colombia no se percat\u00f3 del delito hasta que sali\u00f3 y se encontr\u00f3 con la escena del crimen\u201d, mencion\u00f3 El Clar\u00edn.<\/p>\n<div id=\"pnull-m399-4-400\" class=\"\">\n<blockquote class=\"twitter-tweet\">\n<p lang=\"es\" dir=\"ltr\">\ud83d\udd0d\u2696\ufe0f CHICHO SERNA SUFRI\u00d3 UN ROBO EN VILLA LA ANGOSTURA: RECUPER\u00d3 SUS PERTENENCIAS Y DETUVIERON A UN SOSPECHOSO<\/p>\n<p>La polic\u00eda de Neuqu\u00e9n inform\u00f3 que en la tarde de ayer (27\/08), la Comisar\u00eda 28\u00b0 intervino tras la denuncia de un robo cometido contra Chicho, quien se encontraba\u2026 <a href=\"https:\/\/t.co\/0Flhv4bjmw\">pic.twitter.com\/0flhv4bjmw<\/a><\/p>\n<p>\u2014 Diario Ol\u00e9 (@DiarioOle) <a href=\"https:\/\/twitter.com\/DiarioOle\/status\/1961234716486430863?ref_src=twsrc%5Etfw\">29 de agosto de 2025<\/a><\/p><\/blockquote><\/div>\n<p class=\"texto contenido-parrafo-articulo\" id=\"pnull-m408-5-409\">\u2018Chicho\u2019 Serna se puso en contacto inmediato con las autoridades para interponer la respectiva denuncia y luego de esa diligencia, el exdirectivo de Boca tuvo la fortuna de poder recuperar lo que hab\u00edan robado.<\/p>\n<p>La Polic\u00eda hizo una redada y logr\u00f3 ubicar al sospechoso, quien fue requisado y se confirm\u00f3 que hab\u00eda acabado de delinquir, recuperando as\u00ed las pertenencias del exjugador.<\/p>\n<p>\u201cA partir de las c\u00e1maras de seguridad del lugar, y de la r\u00e1pida actuaci\u00f3n de las patrullas, los efectivos lograron identificar a un sospechoso, conocido en la zona por antecedentes similares\u00bb, explic\u00f3 las autoridades.<\/p>\n<\/div>\n<p><script async src=\"https:\/\/platform.twitter.com\/widgets.js\" charset=\"utf-8\"><\/script><br \/>\n<br \/>\n","protected":false},"excerpt":{"rendered":"<p>Mauricio \u2018Chicho\u2019 Serna, quien fue parte del Consejo de Boca Juniors hasta las primeras semanas de agosto, sufri\u00f3 un fuerte robo en Neuqu\u00e9n, municipio cercano a Buenos Aires, Argentina, en el que se fue involucrado su veh\u00edculo. El exjugador colombiano se encontraba cenando en un restaurante este mi\u00e9rcoles 27 de agosto, en el sector de &hellip;<\/p>\n","protected":false},"author":1,"featured_media":42387,"comment_status":"open","ping_status":"open","sticky":false,"template":"","format":"standard","meta":{"fifu_image_url":"https:\/\/www.futbolred.com\/files\/og_thumbnail\/uploads\/2021\/09\/08\/61390a7dd7bdd.jpeg","fifu_image_alt":"","footnotes":""},"categories":[6],"tags":[],"class_list":["post-42385","post","type-post","status-publish","format-standard","has-post-thumbnail","","category-deportes"],"_links":{"self":[{"href":"https:\/\/noticiasveraces.com\/index.php?rest_route=\/wp\/v2\/posts\/42385","targetHints":{"allow":["GET"]}}],"collection":[{"href":"https:\/\/noticiasveraces.com\/index.php?rest_route=\/wp\/v2\/posts"}],"about":[{"href":"https:\/\/noticiasveraces.com\/index.php?rest_route=\/wp\/v2\/types\/post"}],"author":[{"embeddable":true,"href":"https:\/\/noticiasveraces.com\/index.php?rest_route=\/wp\/v2\/users\/1"}],"replies":[{"embeddable":true,"href":"https:\/\/noticiasveraces.com\/index.php?rest_route=%2Fwp%2Fv2%2Fcomments&post=42385"}],"version-history":[{"count":0,"href":"https:\/\/noticiasveraces.com\/index.php?rest_route=\/wp\/v2\/posts\/42385\/revisions"}],"wp:featuredmedia":[{"embeddable":true,"href":"https:\/\/noticiasveraces.com\/index.php?rest_route=\/wp\/v2\/media\/42387"}],"wp:attachment":[{"href":"https:\/\/noticiasveraces.com\/index.php?rest_route=%2Fwp%2Fv2%2Fmedia&parent=42385"}],"wp:term":[{"taxonomy":"category","embeddable":true,"href":"https:\/\/noticiasveraces.com\/index.php?rest_route=%2Fwp%2Fv2%2Fcategories&post=42385"},{"taxonomy":"post_tag","embeddable":true,"href":"https:\/\/noticiasveraces.com\/index.php?rest_route=%2Fwp%2Fv2%2Ftags&post=42385"}],"curies":[{"name":"wp","href":"https:\/\/api.w.org\/{rel}","templated":true}]}}