{"id":42378,"date":"2025-08-28T23:23:12","date_gmt":"2025-08-29T03:23:12","guid":{"rendered":"https:\/\/noticiasveraces.com\/?p=42378"},"modified":"2025-08-28T23:23:12","modified_gmt":"2025-08-29T03:23:12","slug":"los-federales-planean-impulsar-la-aplicacion-de-la-inmigracion-en-chicago-la-proxima-semana","status":"publish","type":"post","link":"https:\/\/noticiasveraces.com\/?p=42378","title":{"rendered":"Los federales planean impulsar la aplicaci\u00f3n de la inmigraci\u00f3n en Chicago la pr\u00f3xima semana"},"content":{"rendered":"<p> \n<br \/><img decoding=\"async\" src=\"https:\/\/media-cldnry.s-nbcnews.com\/image\/upload\/t_fit_1500w\/rockcms\/2025-08\/250828-ice-chicago-ch-2056-030c8c.jpg\" \/><\/p>\n<div>\n<p id=\"anchor-a03f27\" class=\"body-graf\">Las autoridades federales planean aumentar los agentes de Chicago a partir de la pr\u00f3xima semana para ampliar las operaciones para detener a los inmigrantes no autorizados, dijeron dos funcionarios federales de la ley a NBC News el jueves.<\/p>\n<p id=\"anchor-66518f\" class=\"body-graf\">Los planes involucran a la aplicaci\u00f3n de la inmigraci\u00f3n y la aduana, la Patrulla Fronteriza y otras agencias federales, dijeron los funcionarios.<\/p>\n<p id=\"anchor-95f41b\" class=\"body-graf\">Chicago, una ciudad administrada por dem\u00f3crata, tiene pol\u00edticas que evitan que la polic\u00eda local pregunte sobre el estatus de inmigraci\u00f3n, que es un asunto federal. La ciudad no se asocia con ICE y dice que hacerlo da\u00f1ar\u00eda los esfuerzos de la polic\u00eda local para combatir el crimen haciendo que las personas tengan miedo de contactar o cooperar con los oficiales.<\/p>\n<p id=\"anchor-c9fb55\" class=\"body-graf\">La decisi\u00f3n de la ciudad de no cooperar con ICE ha provocado la ira de la administraci\u00f3n Trump y el \u00abzar fronterizo\u00bb Tom Homan. <\/p>\n<p id=\"anchor-6bd83b\" class=\"body-graf\">El presidente Donald Trump, quien critica con frecuencia a Chicago, ha sugerido recientemente que desplegar\u00eda la Guardia Nacional a la ciudad, algo criticado por el gobernador de Illinois JB Pritzker, quien dijo: \u00abSe\u00f1or presidente, no viene a Chicago\u00bb.<\/p>\n<p id=\"anchor-1934bd\" class=\"body-graf\">\u00abNo eres deseado aqu\u00ed ni necesitas aqu\u00ed\u00bb, dijo Pritzker esta semana. Tambi\u00e9n ha dicho que Trump est\u00e1 \u00abintentando fabricar una crisis\u00bb.<\/p>\n<p id=\"anchor-5631ea\" class=\"body-graf\">Como parte del plan, la Patrulla Fronteriza operar\u00e1 desde una base naval fuera de la ciudad como \u00e1rea de puesta en escena, dijeron los funcionarios. <\/p>\n<p id=\"anchor-5e1ea6\" class=\"body-graf\">No estaba claro cu\u00e1nto tiempo continuar\u00e1n las operaciones escaladas en Chicago o si tambi\u00e9n se utilizar\u00e1 la Guardia Nacional.<\/p>\n<p id=\"anchor-796734\" class=\"body-graf\">El Departamento de Seguridad Nacional no neg\u00f3 ni confirm\u00f3 los planes el jueves, pero dijo que \u00abel presidente Trump ha sido claro: vamos a hacer que nuestras calles y ciudades sean seguros nuevamente\u00bb.<\/p>\n<p id=\"anchor-3f9f8f\" class=\"body-graf\">Pritzker dijo el jueves que la administraci\u00f3n Trump no se ha contactado con \u00e9l o su administraci\u00f3n sobre ning\u00fan plan.<\/p>\n<p id=\"anchor-c47c7b\" class=\"body-graf\">\u00abSolo est\u00e1n buscando invadir la ciudad de Chicago, no coordinar con la polic\u00eda, con quien deber\u00edan coordinar, no coordinar con el estado de Illinois, el gobernador o el alcalde de la ciudad\u00bb, dijo.<\/p>\n<p id=\"anchor-aeb81b\" class=\"body-graf\">La Casa Blanca ha lanzado una represi\u00f3n de inmigraci\u00f3n a nivel nacional que Trump prometi\u00f3 durante su campa\u00f1a presidencial, que incluy\u00f3 eventos en los que los partidarios ten\u00edan letreros de \u00abdeportarlos todos\u00bb.<\/p>\n<p id=\"anchor-e61652\" class=\"body-graf\">En junio, una operaci\u00f3n de inmigraci\u00f3n a gran escala dirigida a Los \u00c1ngeles provoc\u00f3 protestas, y hubo violencia y saqueo que luego llev\u00f3 a la alcaldesa Karen Bass a imponer un toque de queda en el centro. Al igual que Chicago, Los \u00c1ngeles es una ciudad administrada por dem\u00f3crata con pol\u00edticas que evitan que la polic\u00eda realice la aplicaci\u00f3n federal de inmigraci\u00f3n.<\/p>\n<p id=\"anchor-f21506\" class=\"body-graf\">La administraci\u00f3n Trump envi\u00f3 a la Guardia Nacional a Los \u00c1ngeles, citando las protestas y la protecci\u00f3n de los edificios federales y los funcionarios como justificaci\u00f3n.<\/p>\n<p id=\"anchor-fed6b8\" class=\"endmark body-graf\">El gobernador de California, Gavin Newsom, calific\u00f3 el despliegue de la Guardia Nacional Ilegal y \u00abTeatro Pol\u00edtico\u00bb. Otros funcionarios de California, incluido el bajo, han llamado a la medida un truco de motivaci\u00f3n pol\u00edtica destinado a aterrorizar a los residentes de la ciudad y dijo que la Guardia Nacional no era necesaria.<\/p>\n<\/div>\n\n","protected":false},"excerpt":{"rendered":"<p>Las autoridades federales planean aumentar los agentes de Chicago a partir de la pr\u00f3xima semana para ampliar las operaciones para detener a los inmigrantes no autorizados, dijeron dos funcionarios federales de la ley a NBC News el jueves. Los planes involucran a la aplicaci\u00f3n de la inmigraci\u00f3n y la aduana, la Patrulla Fronteriza y otras &hellip;<\/p>\n","protected":false},"author":1,"featured_media":42380,"comment_status":"open","ping_status":"open","sticky":false,"template":"","format":"standard","meta":{"fifu_image_url":"https:\/\/media-cldnry.s-nbcnews.com\/image\/upload\/t_nbcnews-fp-1200-630,f_auto,q_auto:best\/rockcms\/2025-08\/250828-ice-chicago-ch-2056-030c8c.jpg","fifu_image_alt":"","footnotes":""},"categories":[4],"tags":[],"class_list":["post-42378","post","type-post","status-publish","format-standard","has-post-thumbnail","","category-historias-destacadas"],"_links":{"self":[{"href":"https:\/\/noticiasveraces.com\/index.php?rest_route=\/wp\/v2\/posts\/42378","targetHints":{"allow":["GET"]}}],"collection":[{"href":"https:\/\/noticiasveraces.com\/index.php?rest_route=\/wp\/v2\/posts"}],"about":[{"href":"https:\/\/noticiasveraces.com\/index.php?rest_route=\/wp\/v2\/types\/post"}],"author":[{"embeddable":true,"href":"https:\/\/noticiasveraces.com\/index.php?rest_route=\/wp\/v2\/users\/1"}],"replies":[{"embeddable":true,"href":"https:\/\/noticiasveraces.com\/index.php?rest_route=%2Fwp%2Fv2%2Fcomments&post=42378"}],"version-history":[{"count":0,"href":"https:\/\/noticiasveraces.com\/index.php?rest_route=\/wp\/v2\/posts\/42378\/revisions"}],"wp:featuredmedia":[{"embeddable":true,"href":"https:\/\/noticiasveraces.com\/index.php?rest_route=\/wp\/v2\/media\/42380"}],"wp:attachment":[{"href":"https:\/\/noticiasveraces.com\/index.php?rest_route=%2Fwp%2Fv2%2Fmedia&parent=42378"}],"wp:term":[{"taxonomy":"category","embeddable":true,"href":"https:\/\/noticiasveraces.com\/index.php?rest_route=%2Fwp%2Fv2%2Fcategories&post=42378"},{"taxonomy":"post_tag","embeddable":true,"href":"https:\/\/noticiasveraces.com\/index.php?rest_route=%2Fwp%2Fv2%2Ftags&post=42378"}],"curies":[{"name":"wp","href":"https:\/\/api.w.org\/{rel}","templated":true}]}}