{"id":42354,"date":"2025-08-28T20:45:15","date_gmt":"2025-08-29T00:45:15","guid":{"rendered":"https:\/\/noticiasveraces.com\/?p=42354"},"modified":"2025-08-28T20:45:15","modified_gmt":"2025-08-29T00:45:15","slug":"calendario-escolar-2025-2026-en-espana-inicio-de-curso-vacaciones-festivos-y-dias-no-lectivos-en-cada-comunidad-y-ciudad-autonoma-educacion","status":"publish","type":"post","link":"https:\/\/noticiasveraces.com\/?p=42354","title":{"rendered":"Calendario escolar 2025-2026 en Espa\u00f1a: inicio de curso, vacaciones, festivos y d\u00edas no lectivos en cada comunidad y ciudad aut\u00f3noma | Educaci\u00f3n"},"content":{"rendered":"<p> \n<\/p>\n<div data-dtm-region=\"articulo_cuerpo\">\n<p class=\"\">Agosto est\u00e1 llegando a su fin y los estudiantes, profesores y familias ya tienen en mente la vuelta al curso 2025-2026. La reapertura de los centros educativos var\u00eda seg\u00fan la comunidad y el tipo de ense\u00f1anza. La mayor parte del alumnado volver\u00e1 a las aulas en la segunda semana de septiembre para empezar un curso que se extender\u00e1, en general, hasta la tercera semana de junio. <\/p>\n<p class=\"\">En este art\u00edculo pueden consultarse las fechas de inicio de cada etapa en cada territorio.<\/p>\n<h2 class=\"\">Andaluc\u00eda<\/h2>\n<p class=\"\">Las clases comienzan en Andaluc\u00eda entre el 1 y el 22 de septiembre, seg\u00fan las ense\u00f1anzas, en el siguiente orden:<\/p>\n<ul>\n<li><span>Lunes 1 de septiembre: Ense\u00f1anzas Deportivas.<\/span><\/li>\n<li><span>Mi\u00e9rcoles 10 de septiembre: Educaci\u00f3n Infantil, Primaria y Educaci\u00f3n Especial.<\/span><\/li>\n<li><span>Lunes 15 de septiembre: ESO, Bachillerato, Formaci\u00f3n Profesional, Educaci\u00f3n Permanente (para adultos), y Ense\u00f1anzas Art\u00edsticas.<\/span><\/li>\n<li><span>Lunes 22 de septiembre: Ense\u00f1anzas de Idiomas y Ense\u00f1anzas Art\u00edsticas Superiores.<\/span><\/li>\n<\/ul>\n<h2 class=\"\">Arag\u00f3n<\/h2>\n<p class=\"\">Las clases empiezan en Arag\u00f3n entre el 8 de septiembre y el 1 de octubre, en funci\u00f3n de la etapa, de la siguiente forma:<\/p>\n<ul>\n<li><span>Lunes 8 de septiembre: en Infantil, Primaria, Educaci\u00f3n Especial, ESO y Formaci\u00f3n para Adultos.<\/span><\/li>\n<li><span>Mi\u00e9rcoles 10 de septiembre: Bachillerato.<\/span><\/li>\n<li><span>Jueves 11 de septiembre: Formaci\u00f3n Profesional.<\/span><\/li>\n<li><span>Viernes 12 de septiembre: Ense\u00f1anzas Educativas.<\/span><\/li>\n<li><span>Lunes 15 de septiembre: Educaci\u00f3n de Personas Adultas, Artes Pl\u00e1sticas y Dise\u00f1o.<\/span><\/li>\n<li><span>Lunes 22 de septiembre: Ense\u00f1anzas Art\u00edsticas Superiores y Ense\u00f1anzas Elementales y Profesionales de M\u00fasica y de Danza.<\/span><\/li>\n<li><span>Mi\u00e9rcoles 1 de octubre: Ense\u00f1anzas de Idiomas.<\/span><\/li>\n<\/ul>\n<h2 class=\"\">Asturias<\/h2>\n<p class=\"\">Las clases empezar\u00e1n entre el 9 de septiembre y el 6 de octubre:<\/p>\n<ul>\n<li><span>Martes 9 de septiembre: Educaci\u00f3n Infantil (3 a 6 a\u00f1os), Primaria, ESO y Bachillerato.<\/span><\/li>\n<li><span>Lunes 15 de septiembre: Ense\u00f1anzas Profesionales de Artes Pl\u00e1sticas y Dise\u00f1o, Ense\u00f1anzas Art\u00edsticas Superiores, Formaci\u00f3n Profesional y Ense\u00f1anzas Deportivas de R\u00e9gimen Especial.<\/span><\/li>\n<li><span>Martes 23 de septiembre: Ense\u00f1anzas Art\u00edsticas Elementales y Profesionales de M\u00fasica y Danza.<\/span><\/li>\n<li><span>Lunes 6 de octubre: Educaci\u00f3n de Personas Adultas y Escuelas Oficiales de Idiomas.<\/span><\/li>\n<\/ul>\n<h2 class=\"\">Asombroso<\/h2>\n<p class=\"\">Las clases empezar\u00e1n entre el 8 y el 29 de septiembre en el siguiente:<\/p>\n<ul>\n<li><span>Mi\u00e9rcoles 10 de septiembre: Infantil, Primaria, Educaci\u00f3n Especial, ESO y Bachillerato.<\/span><\/li>\n<li><span>Jueves 11 de septiembre: EEiP-Dansa.<\/span><\/li>\n<li><span>Viernes 19 de septiembre: Formaci\u00f3n Profesional.<\/span><\/li>\n<li><span>Jueves 25 de septiembre: EEiP-M\u00fasica.<\/span><\/li>\n<li><span>Viernes 26 de septiembre: Centros de Educaci\u00f3n para Adultos.<\/span><\/li>\n<li><span>Lunes 29 de septiembre: Escuelas Oficiales de Idiomas y Ense\u00f1anzas Deportivas de R\u00e9gimen Especial.<\/span><\/li>\n<\/ul>\n<h2 class=\"\">Canarias<\/h2>\n<p class=\"\">Las clases empezar\u00e1n entre el 9 y el 22 de septiembre, con el orden siguiente:<\/p>\n<ul>\n<li><span>Martes 9 de septiembre: Educaci\u00f3n Infantil y Primaria.<\/span><\/li>\n<li><span>Mi\u00e9rcoles 10 de septiembre: ESO, Educaci\u00f3n B\u00e1sica para Adultos.<\/span><\/li>\n<li><span>Jueves 11 de septiembre: Bachillerato.<\/span><\/li>\n<li><span>Lunes 15 de septiembre: Formaci\u00f3n Profesional, Ense\u00f1anzas Elementales y Profesionales de M\u00fasica, Artes Pl\u00e1sticas, Artes Dram\u00e1ticas y Dise\u00f1o, y Ense\u00f1anzas Deportivas.<\/span><\/li>\n<li><span>Lunes 22 de septiembre: Escuelas Oficiales de Idiomas.<\/span><\/li>\n<\/ul>\n<h2 class=\"\">Furtivo<\/h2>\n<p class=\"\">Las clases empezar\u00e1n entre el 8 de septiembre y el 7 de octubre:<\/p>\n<ul>\n<li><span>Lunes 8 de septiembre: Educaci\u00f3n Infantil, Primaria y Educaci\u00f3n Especial.<\/span><\/li>\n<li><span>Jueves 11 de septiembre: ESO, Bachillerato y FP.<\/span><\/li>\n<li><span>Martes 16 de septiembre: Ense\u00f1anzas Elementales y Profesionales de M\u00fasica y Danza.<\/span><\/li>\n<li><span>Mi\u00e9rcoles 17 de septiembre: Ense\u00f1anzas Profesionales de Artes Pl\u00e1sticas y Dise\u00f1o y Educaci\u00f3n Permanente para Adultos.<\/span><\/li>\n<li><span>Viernes 19 de septiembre: Ense\u00f1anzas Deportivas.<\/span><\/li>\n<li><span>Martes 7 de octubre: Ense\u00f1anzas de Idiomas.<\/span><\/li>\n<\/ul>\n<figure class=\"a_m a_m-h \"><span class=\"_db a_m_w _pr lb_btn\"><img alt=\"Alumnos de primaria e infantil del Ceip-Colegio de Les Arts.\" decoding=\"auto\" class=\"_re lazyload a_m-h\" height=\"277\" srcset=\"https:\/\/imagenes.elpais.com\/resizer\/v2\/WAXYQ5VSENBWDGKRNB6FF4CM54.jpg?auth=4af420ddca13e2cb4782bcd97a8a0b5ba850bcd479798076f22c24627239db81&amp;width=414 414w,https:\/\/imagenes.elpais.com\/resizer\/v2\/WAXYQ5VSENBWDGKRNB6FF4CM54.jpg?auth=4af420ddca13e2cb4782bcd97a8a0b5ba850bcd479798076f22c24627239db81&amp;width=828 640w,https:\/\/imagenes.elpais.com\/resizer\/v2\/WAXYQ5VSENBWDGKRNB6FF4CM54.jpg?auth=4af420ddca13e2cb4782bcd97a8a0b5ba850bcd479798076f22c24627239db81&amp;width=980 1000w,https:\/\/imagenes.elpais.com\/resizer\/v2\/WAXYQ5VSENBWDGKRNB6FF4CM54.jpg?auth=4af420ddca13e2cb4782bcd97a8a0b5ba850bcd479798076f22c24627239db81&amp;width=1960 1960w\" width=\"414\" sizes=\"auto, (min-width:1199px) 1155px,(min-width:1001px) calc(100vw - 44px),(min-width:768px) 767px, 100vw\" src=\"https:\/\/imagenes.elpais.com\/resizer\/v2\/WAXYQ5VSENBWDGKRNB6FF4CM54.jpg?auth=4af420ddca13e2cb4782bcd97a8a0b5ba850bcd479798076f22c24627239db81&amp;width=414\" loading=\"lazy\"\/><svg aria-hidden=\"true\" class=\"icon_multimedia_ampliar | _pa a_m_i a_m_i-a _dn\" viewbox=\"0 0 40 40\"><use xlink:href=\"#svg-ampliar\"\/><\/svg><\/span><figcaption class=\"a_m_p\" aria-hidden=\"true\"><span>Alumnos de primaria e infantil del Ceip-Colegio de Les Arts.<\/span><span class=\"a_m_m\">M\u00f2nica Torres<\/span><\/figcaption><\/figure>\n<h2 class=\"\">Castilla-La Mancha<\/h2>\n<p class=\"\">Las clases empezar\u00e1n entre el 8 y el 24 de septiembre:<\/p>\n<ul>\n<li><span>Lunes 8 de septiembre: Escuelas Infantiles Auton\u00f3micas, segundo ciclo de Educaci\u00f3n Infantil, Primaria, Educaci\u00f3n Especial, ESO, Ciclos Formativos de Grado B\u00e1sico, Programas Espec\u00edficos de Formaci\u00f3n Profesional y Bachillerato, Grados Medio y Superior de Formaci\u00f3n Profesional, Ense\u00f1anzas Profesionales de Artes Pl\u00e1sticas y Dise\u00f1o, Ense\u00f1anzas Deportivas de R\u00e9gimen Especial, Educaci\u00f3n de Personas Adultas, Ense\u00f1anzas Elementales y Profesionales de M\u00fasica y Danza.<\/span><\/li>\n<li><span>Martes 10 de septiembre: Segundo ciclo de Infantil (3-6), Primaria, ESO, Bachillerato, Educaci\u00f3n Especial, Formaci\u00f3n Profesional, ense\u00f1anzas profesionales de Artes pl\u00e1sticas y Dise\u00f1o, ense\u00f1anzas elementales y profesionales de M\u00fasica y Danza, ense\u00f1anzas art\u00edsticas superiores y deportivas.<\/span><\/li>\n<li><span>Mi\u00e9rcoles 24 de septiembre: Escuelas Oficiales de Idiomas.<\/span><\/li>\n<\/ul>\n<h2 class=\"\">Castilla y Le\u00f3n<\/h2>\n<p class=\"\">El inicio de curso se producir\u00e1 de manera escalonada en Castilla y Le\u00f3n a lo largo del mes de septiembre. Estas son las fechas en funci\u00f3n de los niveles:<\/p>\n<ul>\n<li><span>Lunes 8 de septiembre: segundo ciclo de Educaci\u00f3n Infantil, Educaci\u00f3n Especial y transici\u00f3n a la vida adulta, Primaria y alumnado de ESO que se encuentra escolarizado en centros de educaci\u00f3n primaria.<\/span><\/li>\n<li><span>Lunes 15 de septiembre: ESO, excepto el alumnado que se encuentra escolarizado en centros de educaci\u00f3n primaria; Bachillerato en r\u00e9gimen ordinario y nocturno; ciclos formativos de Formaci\u00f3n Profesional; segundo ciclo de grado superior de las Ense\u00f1anzas profesionales de Artes Pl\u00e1sticas y Dise\u00f1o.<\/span><\/li>\n<li><span>Jueves 18 de septiembre: Ciclos formativos de Grado Medio y primer curso de Grado Superior de las Ense\u00f1anzas Profesionales de Artes Pl\u00e1sticas y Dise\u00f1o.<\/span><\/li>\n<li><span>Lunes 22 de septiembre: Bachillerato en r\u00e9gimen a distancia, ense\u00f1anzas impartidas en centros y aulas de Educaci\u00f3n de Personas Adultas, Ense\u00f1anza Secundaria para Personas Adultas a distancia impartida en los institutos de Educaci\u00f3n Secundaria y ciclos formativos de Grado Medio y Superior en modalidad semipresencial y virtual.<\/span><\/li>\n<li><span>Lunes 29 de septiembre: Ense\u00f1anzas Deportivas, Ense\u00f1anzas Art\u00edsticas Superiores y Ense\u00f1anzas Elementales y Profesionales de M\u00fasica y Danza.<\/span><\/li>\n<li><span>Lunes 6 de octubre: Ense\u00f1anzas de Idiomas.<\/span><\/li>\n<\/ul>\n<h2 class=\"\">Catalu\u00f1a<\/h2>\n<p class=\"\">El curso escolar empezar\u00e1 en Catalu\u00f1a la segunda semana de septiembre para la mayor\u00eda del alumnado. As\u00ed son las fechas clave:<\/p>\n<ul>\n<li><span>Lunes 8 de septiembre: Educaci\u00f3n Infantil (0-3 a\u00f1os) en escuelas rurales y guarder\u00edas de la Generalitat de Catalu\u00f1a, Educaci\u00f3n Infantil (3-6 a\u00f1os), Primaria y ESO. <\/span><\/li>\n<li><span>Viernes 12 de septiembre: Bachillerato, ciclos de formaci\u00f3n profesional de Grado Medio y Superior, cursos de especializaci\u00f3n de la Formaci\u00f3n Profesional, itinerarios formativos espec\u00edficos, programas de formaci\u00f3n e inserci\u00f3n, curso de formaci\u00f3n espec\u00edfico para el acceso a ciclos de Grado Medio, curso de preparaci\u00f3n para la incorporaci\u00f3n a los ciclos formativos de Grado Superior y ciclos de Grado Medio de Artes Pl\u00e1sticas y Dise\u00f1o.<\/span><\/li>\n<li><span>No m\u00e1s tarde del lunes 15 de septiembre: Ense\u00f1anzas Art\u00edsticas de R\u00e9gimen Especial de Artes Esc\u00e9nicas, Grados Profesionales de M\u00fasica y Danza, Ense\u00f1anzas Artsticas Superiores, Ense\u00f1anzas Deportivas.<\/span><\/li>\n<li><span>No m\u00e1s tarde del lunes 22 de septiembre: Formaci\u00f3n de Adultos y Escuelas Oficiales de Idiomas.<\/span><\/li>\n<\/ul>\n<h2 class=\"\">Comunidad Valenciana<\/h2>\n<p class=\"\">En la Comunidad Valenciana, el inicio de curso se har\u00e1 de manera escalonada en el siguiente orden:<\/p>\n<ul>\n<li><span>Lunes 8 de septiembre: Educaci\u00f3n Infantil, Primaria, ESO, Bachillerato, Formaci\u00f3n Profesional.<\/span><\/li>\n<li><span>Mi\u00e9rcoles 10 de septiembre: Programas Formativos de cualificaci\u00f3n b\u00e1sica y Formaci\u00f3n Profesional de grado b\u00e1sico (segunda oportunidad).<\/span><\/li>\n<li><span>Lunes 15 de septiembre: Formaci\u00f3n de Personas Adultas, Ense\u00f1anzas Art\u00edsticas de M\u00fasica y Danza (elementales y profesionales), Ense\u00f1anzas profesionales de Artes Pl\u00e1sticas y Dise\u00f1o.<\/span><\/li>\n<li><span>Lunes 22 de septiembre: Ense\u00f1anzas Deportivas.<\/span><\/li>\n<li><span>Jueves 25 de septiembre: Ense\u00f1anzas de Idiomas.<\/span><\/li>\n<\/ul>\n<h2 class=\"\">Extremadura<\/h2>\n<p class=\"\">El alumnado de Extremadura se reincorporar\u00e1 a las clases a partir del 11 de septiembre. Estas son las fechas del inicio de curso:<\/p>\n<ul>\n<li><span>Jueves 11 de septiembre: Educaci\u00f3n Infantil, Primaria, Educaci\u00f3n Especial, ESO, Grado B\u00e1sico (primer y segundo curso), Ciclos Formativos de Grado Medio y Superior de Formaci\u00f3n Profesional (segundo curso), Ense\u00f1anzas Profesionales de Artes Pl\u00e1sticas y Dise\u00f1o.<\/span><\/li>\n<li><span>Viernes 12 de septiembre: Bachillerato.<\/span><\/li>\n<li><span>Lunes 15 de septiembre: Grado medio y Superior de Formaci\u00f3n Profesional (primer curso).<\/span><\/li>\n<li><span>Lunes 22 de septiembre: Ense\u00f1anzas Art\u00edsticas Superiores de Arte Dram\u00e1tico, Dise\u00f1o y M\u00fasica.<\/span><\/li>\n<li><span>Mi\u00e9rcoles 1 de octubre: Escuelas Oficiales de Idiomas.<\/span><\/li>\n<li><span>Deben empezar antes del martes 7 de octubre las Ense\u00f1anzas Deportivas de R\u00e9gimen Especial.<\/span><\/li>\n<\/ul>\n<h2 class=\"\">Galicia<\/h2>\n<p class=\"\">El inicio de curso en Galicia ser\u00e1 el d\u00eda lunes 8 de septiembre en todas las ense\u00f1anzas.<\/p>\n<h2 class=\"\">La Rioja<\/h2>\n<p class=\"\">Los alumnos riojanos empezar\u00e1n la segunda semana de septiembre el curso escolar. Estas son las fechas:<\/p>\n<ul>\n<li><span>Martes 9 de septiembre: Educaci\u00f3n Infantil y Primaria, Centros de Educaci\u00f3n Obligatoria y Centros espec\u00edficos de Educaci\u00f3n Especial, ESO y Bachillerato, Formaci\u00f3n Profesional de Grado Medio, Grado Superior y Formaci\u00f3n Profesional B\u00e1sica.<\/span><\/li>\n<li><span>Lunes 15 de septiembre: Educaci\u00f3n de Personas Adultas.<\/span><\/li>\n<li><span>Viernes 29 de septiembre: Formaci\u00f3n Profesional a Distancia, Conservatorios de M\u00fasica y Escuelas Oficiales de Idiomas.<\/span><\/li>\n<li><span>Lunes 1 de octubre: Ense\u00f1anzas deportivas de r\u00e9gimen especial.<\/span><\/li>\n<\/ul>\n<h2 class=\"\">Comunidad de Madrid<\/h2>\n<p class=\"\">Las clases empiezan entre el 8 y el 19 de septiembre, en el siguiente orden:<\/p>\n<ul>\n<li><span>Lunes 8 de septiembre: Escuelas Infantiles, Educaci\u00f3n Infantil, Primaria y Educaci\u00f3n Especial; Ense\u00f1anzas Art\u00edsticas de M\u00fasica y de Educaci\u00f3n Primaria.<\/span><\/li>\n<li><span>Martes 9 de septiembre: ESO, Bachillerato y Formaci\u00f3n Profesional; Centros Integrados de Ense\u00f1anzas Art\u00edsticas de M\u00fasica y de Educaci\u00f3n Secundaria, Conservatorios Profesionales de M\u00fasica y Danza, Escuelas oficiales de idiomas y segundo curso de los ciclos de Artes Pl\u00e1sticas y Dise\u00f1o. <\/span><\/li>\n<li><span>Mi\u00e9rcoles 10 septiembre: Ense\u00f1anzas Art\u00edsticas Superiores.<\/span><\/li>\n<li><span>Jueves 18 de septiembre: Educaci\u00f3n de Personas Adultas.<\/span><\/li>\n<li><span>Viernes 19 de septiembre: Escuelas de Arte, primer curso de los ciclos de Artes Pl\u00e1sticas y Dise\u00f1o.<\/span><\/li>\n<\/ul>\n<h2 class=\"\">Murcia<\/h2>\n<p class=\"\">Las clases empezar\u00e1n entre el 1 y el 15 de septiembre con el orden siguiente:<\/p>\n<ul>\n<li><span>Lunes 1 de septiembre: Ense\u00f1anzas deportivas.<\/span><\/li>\n<li><span>Viernes 5 de septiembre: Ense\u00f1anzas Art\u00edsticas Superiores.<\/span><\/li>\n<li><span>Lunes 8 de septiembre: Educaci\u00f3n Infantil, Primaria y Educaci\u00f3n Especial; Ense\u00f1anzas de R\u00e9gimen especial de Idiomas.<\/span><\/li>\n<li><span>Jueves 11 de septiembre: Educaci\u00f3n Secundaria Obligatoria y Bachillerato; Educaci\u00f3n de Personas Adultas, Ense\u00f1anzas elementales y profesionales de m\u00fasica.<\/span><\/li>\n<li><span>Lunes 15 de septiembre: Formaci\u00f3n Profesional, Ense\u00f1anzas elementales y profesionales de danza; Ense\u00f1anzas profesionales de artes pl\u00e1sticas y dise\u00f1o.<\/span><\/li>\n<\/ul>\n<h2 class=\"\">Navarra<\/h2>\n<p class=\"\">Comience, por supuesto:<\/p>\n<ul>\n<li><span>Del 4 al 8 de septiembre: Segundo ciclo de Educaci\u00f3n Infantil, Primaria y Educaci\u00f3n especial, seg\u00fan cada centro.<\/span><\/li>\n<li><span>El jueves 4 septiembre: Educaci\u00f3n Secundaria Obligatoria y Bachillerato.<\/span><\/li>\n<\/ul>\n<h2 class=\"\">Pa\u00eds Vasco<\/h2>\n<p class=\"\">Comience, por supuesto:<\/p>\n<ul>\n<li><span>Las actividades lectivas de Formaci\u00f3n Profesional no podr\u00e1n comenzar antes del mi\u00e9rcoles 3 de septiembre.<\/span><\/li>\n<li><span>No podr\u00e1n comenzar antes del 5 de septiembre los centros p\u00fablicos en las etapas educativas de Educaci\u00f3n Infantil, Primaria, Secundaria, Bachillerato y Formaci\u00f3n Profesional.<\/span><\/li>\n<\/ul>\n<h2 class=\"\">Ceuta<\/h2>\n<p class=\"\">Las clases empezar\u00e1n en la ciudad aut\u00f3noma entre el 8 y el 24 de septiembre con el orden siguiente:<\/p>\n<ul>\n<li><span>Lunes 8 de septiembre: Educaci\u00f3n Infantil, Primaria, ESO y Bachillerato.<\/span><\/li>\n<li><span>Mi\u00e9rcoles 10 de septiembre: Formaci\u00f3n Profesional, Idiomas, Artes Pl\u00e1sticas y Dise\u00f1o.<\/span><\/li>\n<li><span>Mi\u00e9rcoles 24 de septiembre: Educaci\u00f3n de Personas Adultas.<\/span><\/li>\n<\/ul>\n<h2 class=\"\">Melilla<\/h2>\n<p class=\"\">Las clases empezar\u00e1n entre el 9 y el 24 de septiembre con el orden siguiente:<\/p>\n<ul>\n<li><span>Martes 9 de septiembre: Educaci\u00f3n Especial, Educaci\u00f3n Infantil, Primaria, ESO, Ciclos Formativos de Grado B\u00e1sico y Bachillerato en r\u00e9gimen ordinario y nocturno.<\/span><\/li>\n<li><span>Lunes 15 de septiembre: Ciclos Formativos de Formaci\u00f3n Profesional en modalidad presencial; Ense\u00f1anzas de Artes Pl\u00e1sticas y Dise\u00f1o y ESPAD.<\/span><\/li>\n<li><span>Mi\u00e9rcoles 24 de septiembre: Educaci\u00f3n de Personas Adultas, Escuelas Oficiales de Idiomas; Ciclos Formativos de Formaci\u00f3n Profesional en modalidad semipresencial y virtual, as\u00ed como en las Ense\u00f1anzas Elementales y Profesionales de M\u00fasica.<\/span><\/li>\n<\/ul>\n<\/div>\n\n","protected":false},"excerpt":{"rendered":"<p>Agosto est\u00e1 llegando a su fin y los estudiantes, profesores y familias ya tienen en mente la vuelta al curso 2025-2026. La reapertura de los centros educativos var\u00eda seg\u00fan la comunidad y el tipo de ense\u00f1anza. La mayor parte del alumnado volver\u00e1 a las aulas en la segunda semana de septiembre para empezar un curso &hellip;<\/p>\n","protected":false},"author":1,"featured_media":42355,"comment_status":"open","ping_status":"open","sticky":false,"template":"","format":"standard","meta":{"fifu_image_url":"https:\/\/imagenes.elpais.com\/resizer\/v2\/UPGFETC3OFDSDPWNQPNEWGTENY.jpg?auth=4f24cc8d325871ada3b5c4480d6fef10ea90a8e1439ece12f14a47a2d67037f5&width=1200","fifu_image_alt":"","footnotes":""},"categories":[11],"tags":[],"class_list":["post-42354","post","type-post","status-publish","format-standard","has-post-thumbnail","","category-viaje"],"_links":{"self":[{"href":"https:\/\/noticiasveraces.com\/index.php?rest_route=\/wp\/v2\/posts\/42354","targetHints":{"allow":["GET"]}}],"collection":[{"href":"https:\/\/noticiasveraces.com\/index.php?rest_route=\/wp\/v2\/posts"}],"about":[{"href":"https:\/\/noticiasveraces.com\/index.php?rest_route=\/wp\/v2\/types\/post"}],"author":[{"embeddable":true,"href":"https:\/\/noticiasveraces.com\/index.php?rest_route=\/wp\/v2\/users\/1"}],"replies":[{"embeddable":true,"href":"https:\/\/noticiasveraces.com\/index.php?rest_route=%2Fwp%2Fv2%2Fcomments&post=42354"}],"version-history":[{"count":0,"href":"https:\/\/noticiasveraces.com\/index.php?rest_route=\/wp\/v2\/posts\/42354\/revisions"}],"wp:featuredmedia":[{"embeddable":true,"href":"https:\/\/noticiasveraces.com\/index.php?rest_route=\/wp\/v2\/media\/42355"}],"wp:attachment":[{"href":"https:\/\/noticiasveraces.com\/index.php?rest_route=%2Fwp%2Fv2%2Fmedia&parent=42354"}],"wp:term":[{"taxonomy":"category","embeddable":true,"href":"https:\/\/noticiasveraces.com\/index.php?rest_route=%2Fwp%2Fv2%2Fcategories&post=42354"},{"taxonomy":"post_tag","embeddable":true,"href":"https:\/\/noticiasveraces.com\/index.php?rest_route=%2Fwp%2Fv2%2Ftags&post=42354"}],"curies":[{"name":"wp","href":"https:\/\/api.w.org\/{rel}","templated":true}]}}