{"id":42315,"date":"2025-08-28T13:36:18","date_gmt":"2025-08-28T17:36:18","guid":{"rendered":"https:\/\/noticiasveraces.com\/?p=42315"},"modified":"2025-08-28T13:36:18","modified_gmt":"2025-08-28T17:36:18","slug":"israel-confirma-la-segunda-huelga-huti-en-la-sanaa-de-yemen-en-menos-de-una-semana","status":"publish","type":"post","link":"https:\/\/noticiasveraces.com\/?p=42315","title":{"rendered":"Israel confirma la segunda huelga hut\u00ed en la Sanaa de Yemen en menos de una semana"},"content":{"rendered":"<p> \n<\/p>\n<div>\n<div id=\"beyondwords-wrapper\" class=\"beyondwords-wrapper\">\n<p><span class=\"label-bg\">NUEVO<\/span>\u00a1Ahora puedes escuchar art\u00edculos de Fox News!\n  <\/p>\n<\/div>\n<p class=\"speakable\">Israel confirm\u00f3 el jueves que llev\u00f3 a cabo un ataque contra un objetivo hut\u00ed en la capital de Yemen, Sanaa, marcando la segunda huelga de este tipo en menos de una semana.<\/p>\n<p class=\"speakable\">Las Fuerzas de Defensa de Israel (FDI) dijeron que los hut\u00edes estaban operando bajo la direcci\u00f3n de Ir\u00e1n para da\u00f1ar a Israel y sus aliados. Las FDI tambi\u00e9n culparon a los hut\u00edes por \u00absocavar la estabilidad regional e interrumpir la libertad de navegaci\u00f3n global\u00bb. <\/p>\n<div class=\"image-ct inline\">\n<div class=\"m\"><picture><source media=\"(max-width: 767px)\" srcset=\"https:\/\/a57.foxnews.com\/static.foxnews.com\/foxnews.com\/content\/uploads\/2025\/08\/343\/192\/israel-yemen-houthi-strike-82825.jpg?ve=1&amp;tl=1, https:\/\/a57.foxnews.com\/static.foxnews.com\/foxnews.com\/content\/uploads\/2025\/08\/686\/384\/israel-yemen-houthi-strike-82825.jpg?ve=1&amp;tl=1 2x\" height=\"192\" width=\"343\"><source media=\"(min-width: 768px) and (max-width: 1023px)\" srcset=\"https:\/\/a57.foxnews.com\/static.foxnews.com\/foxnews.com\/content\/uploads\/2025\/08\/672\/378\/israel-yemen-houthi-strike-82825.jpg?ve=1&amp;tl=1, https:\/\/a57.foxnews.com\/static.foxnews.com\/foxnews.com\/content\/uploads\/2025\/08\/1344\/756\/israel-yemen-houthi-strike-82825.jpg?ve=1&amp;tl=1 2x\" height=\"378\" width=\"672\"><source media=\"(min-width: 1024px) and (max-width: 1279px)\" srcset=\"https:\/\/a57.foxnews.com\/static.foxnews.com\/foxnews.com\/content\/uploads\/2025\/08\/931\/523\/israel-yemen-houthi-strike-82825.jpg?ve=1&amp;tl=1, https:\/\/a57.foxnews.com\/static.foxnews.com\/foxnews.com\/content\/uploads\/2025\/08\/1862\/1046\/israel-yemen-houthi-strike-82825.jpg?ve=1&amp;tl=1 2x\" height=\"523\" width=\"931\"><source media=\"(min-width: 1280px)\" srcset=\"https:\/\/a57.foxnews.com\/static.foxnews.com\/foxnews.com\/content\/uploads\/2025\/08\/720\/405\/israel-yemen-houthi-strike-82825.jpg?ve=1&amp;tl=1, https:\/\/a57.foxnews.com\/static.foxnews.com\/foxnews.com\/content\/uploads\/2025\/08\/1440\/810\/israel-yemen-houthi-strike-82825.jpg?ve=1&amp;tl=1 2x\" height=\"405\" width=\"720\"><img loading=\"lazy\" decoding=\"async\" src=\"https:\/\/a57.foxnews.com\/static.foxnews.com\/foxnews.com\/content\/uploads\/2025\/08\/1200\/675\/israel-yemen-houthi-strike-82825.jpg?ve=1&amp;tl=1\" alt=\"Los funcionarios israel\u00edes observan c\u00f3mo se llevan a cabo huelgas contra los hut\u00edes\" width=\"1200\" height=\"675\"\/><\/source><\/source><\/source><\/source><\/picture><\/div>\n<div class=\"info\">\n<div class=\"caption\">\n<p><span>El ministro de Defensa israel\u00ed, Israel Katz, y el Jefe de Gabinete de la FDI, el teniente general Eyal Zamir, observa mientras las FDI llevan a cabo ataques sobre objetivos hut\u00edes en Yemen.<\/span> <!----><\/p>\n<\/div>\n<\/div>\n<\/div>\n<p><strong><u>Trump inst\u00f3 a ayudar a las fuerzas antihut\u00edes de Yemen cuando el grupo terrorista intensifica los ataques contra el env\u00edo<\/u><\/strong><\/p>\n<p>\u00abComo advertimos a los hut\u00edes en Yemen:\u00bb Despu\u00e9s de la plaga de la oscuridad llega la plaga de la muerte \u00ab. Quien levante una mano contra Israel, su mano ser\u00e1 cortada \u00ab, dijo el ministro de Defensa israel\u00ed, Israel Katz, despu\u00e9s de la huelga del jueves.<\/p>\n<p>Los ataques del jueves, que se lanzaron despu\u00e9s de que Israel intercept\u00f3 dos drones de Yemen, ocurrieron durante un discurso del l\u00edder hut\u00ed Abdul-Malik Badreddin al-Houthi, seg\u00fan Ynet. Adem\u00e1s, la salida israel\u00ed inform\u00f3 que el discurso continu\u00f3 sin interrupci\u00f3n.<\/p>\n<div class=\"image-ct inline\">\n<div class=\"m\"><picture><source media=\"(max-width: 767px)\" srcset=\"https:\/\/a57.foxnews.com\/static.foxnews.com\/foxnews.com\/content\/uploads\/2025\/08\/343\/192\/israel-strike-yemen.jpg?ve=1&amp;tl=1, https:\/\/a57.foxnews.com\/static.foxnews.com\/foxnews.com\/content\/uploads\/2025\/08\/686\/384\/israel-strike-yemen.jpg?ve=1&amp;tl=1 2x\" height=\"192\" width=\"343\"><source media=\"(min-width: 768px) and (max-width: 1023px)\" srcset=\"https:\/\/a57.foxnews.com\/static.foxnews.com\/foxnews.com\/content\/uploads\/2025\/08\/672\/378\/israel-strike-yemen.jpg?ve=1&amp;tl=1, https:\/\/a57.foxnews.com\/static.foxnews.com\/foxnews.com\/content\/uploads\/2025\/08\/1344\/756\/israel-strike-yemen.jpg?ve=1&amp;tl=1 2x\" height=\"378\" width=\"672\"><source media=\"(min-width: 1024px) and (max-width: 1279px)\" srcset=\"https:\/\/a57.foxnews.com\/static.foxnews.com\/foxnews.com\/content\/uploads\/2025\/08\/931\/523\/israel-strike-yemen.jpg?ve=1&amp;tl=1, https:\/\/a57.foxnews.com\/static.foxnews.com\/foxnews.com\/content\/uploads\/2025\/08\/1862\/1046\/israel-strike-yemen.jpg?ve=1&amp;tl=1 2x\" height=\"523\" width=\"931\"><source media=\"(min-width: 1280px)\" srcset=\"https:\/\/a57.foxnews.com\/static.foxnews.com\/foxnews.com\/content\/uploads\/2025\/08\/720\/405\/israel-strike-yemen.jpg?ve=1&amp;tl=1, https:\/\/a57.foxnews.com\/static.foxnews.com\/foxnews.com\/content\/uploads\/2025\/08\/1440\/810\/israel-strike-yemen.jpg?ve=1&amp;tl=1 2x\" height=\"405\" width=\"720\"><img loading=\"lazy\" decoding=\"async\" src=\"https:\/\/a57.foxnews.com\/static.foxnews.com\/foxnews.com\/content\/uploads\/2025\/08\/1200\/675\/israel-strike-yemen.jpg?ve=1&amp;tl=1\" alt=\"Humo visto en Yemen despu\u00e9s de ataques a\u00e9reos israel\u00edes\" width=\"1200\" height=\"675\"\/><\/source><\/source><\/source><\/source><\/picture><\/div>\n<div class=\"info\">\n<div class=\"caption\">\n<p><span>Humo Oblews despu\u00e9s de ataques a\u00e9reos israel\u00edes en m\u00faltiples \u00e1reas de Sanaa, Yemen, domingo 24 de agosto de 2025.<\/span> <span>(Osamah Abdulrahman\/AP Photo)<\/span><\/p>\n<\/div>\n<\/div>\n<\/div>\n<p><strong>Israel Hammers Houthis con ataques a\u00e9reos, los rebeldes responden en medio de la brote del mar rojo<\/strong><\/p>\n<p>El domingo, Israel golpe\u00f3 la capital de Yemen en respuesta a misiles despedidos por los hut\u00edes. El ataque mat\u00f3 a seis personas e hiri\u00f3 a otras 86, seg\u00fan Reuters, que cit\u00f3 a un portavoz del Ministerio de Salud Houthi.<\/p>\n<p>El conflicto entre Israel y los hut\u00edes ha continuado durante casi dos a\u00f1os. La fuerza terrorista respaldada por Ir\u00e1n amenaz\u00f3 con atacar a Israel solo unos d\u00edas despu\u00e9s de la masacre del 7 de octubre de Hamas. A las pocas semanas de los ataques de Hamas, los hut\u00edes dispararon misiles y drones en Israel que fueron interceptados por las fuerzas estadounidenses a bordo del USS Carney.<\/p>\n<div class=\"image-ct inline\">\n<div class=\"m\"><picture><source media=\"(max-width: 767px)\" srcset=\"https:\/\/a57.foxnews.com\/static.foxnews.com\/foxnews.com\/content\/uploads\/2025\/08\/343\/192\/israeli-airstrike-yemen-1.jpg?ve=1&amp;tl=1, https:\/\/a57.foxnews.com\/static.foxnews.com\/foxnews.com\/content\/uploads\/2025\/08\/686\/384\/israeli-airstrike-yemen-1.jpg?ve=1&amp;tl=1 2x\" height=\"192\" width=\"343\"><source media=\"(min-width: 768px) and (max-width: 1023px)\" srcset=\"https:\/\/a57.foxnews.com\/static.foxnews.com\/foxnews.com\/content\/uploads\/2025\/08\/672\/378\/israeli-airstrike-yemen-1.jpg?ve=1&amp;tl=1, https:\/\/a57.foxnews.com\/static.foxnews.com\/foxnews.com\/content\/uploads\/2025\/08\/1344\/756\/israeli-airstrike-yemen-1.jpg?ve=1&amp;tl=1 2x\" height=\"378\" width=\"672\"><source media=\"(min-width: 1024px) and (max-width: 1279px)\" srcset=\"https:\/\/a57.foxnews.com\/static.foxnews.com\/foxnews.com\/content\/uploads\/2025\/08\/931\/523\/israeli-airstrike-yemen-1.jpg?ve=1&amp;tl=1, https:\/\/a57.foxnews.com\/static.foxnews.com\/foxnews.com\/content\/uploads\/2025\/08\/1862\/1046\/israeli-airstrike-yemen-1.jpg?ve=1&amp;tl=1 2x\" height=\"523\" width=\"931\"><source media=\"(min-width: 1280px)\" srcset=\"https:\/\/a57.foxnews.com\/static.foxnews.com\/foxnews.com\/content\/uploads\/2025\/08\/720\/405\/israeli-airstrike-yemen-1.jpg?ve=1&amp;tl=1, https:\/\/a57.foxnews.com\/static.foxnews.com\/foxnews.com\/content\/uploads\/2025\/08\/1440\/810\/israeli-airstrike-yemen-1.jpg?ve=1&amp;tl=1 2x\" height=\"405\" width=\"720\"><img loading=\"lazy\" decoding=\"async\" src=\"https:\/\/a57.foxnews.com\/static.foxnews.com\/foxnews.com\/content\/uploads\/2025\/08\/1200\/675\/israeli-airstrike-yemen-1.jpg?ve=1&amp;tl=1\" alt=\"Aftermath de la huelga israel\u00ed contra Yemen\" width=\"1200\" height=\"675\"\/><\/source><\/source><\/source><\/source><\/picture><\/div>\n<div class=\"info\">\n<div class=\"caption\">\n<p><span>La gente se encuentra fuera de una estaci\u00f3n de combustible un d\u00eda despu\u00e9s de que fue golpeado por ataques a\u00e9reos israel\u00edes en Sanaa, Yemen, el 25 de agosto de 2025. <\/span> <span>(Stringer\/Reuters)<\/span><\/p>\n<\/div>\n<\/div>\n<\/div>\n<p>Desde entonces, Israel ha respondido a los misiles de los hut\u00edes atacando \u00e1reas controladas por la organizaci\u00f3n terrorista en Yemen, incluido el puerto de Hodeidah.<\/p>\n<p><strong><u>Haga clic aqu\u00ed para obtener la aplicaci\u00f3n Fox News<\/u><\/strong><strong> <\/strong><\/p>\n<p>Los hut\u00edes no han cesado ataques contra Israel en apoyo de los palestinos en Gaza. El 22 de agosto, Reuters inform\u00f3 que los hut\u00edes dijeron que hab\u00edan disparado un misil bal\u00edstico a Israel en solidaridad con Gaza.<\/p>\n<p> <!----> <\/p>\n<div class=\"article-meta\">\n<div class=\"author-bio\">\n<p>Rachel Wolf es una escritora de noticias de Fox News Digital y Fox Business.<\/p>\n<\/div>\n<\/div>\n<\/div>\n\n","protected":false},"excerpt":{"rendered":"<p>NUEVO\u00a1Ahora puedes escuchar art\u00edculos de Fox News! Israel confirm\u00f3 el jueves que llev\u00f3 a cabo un ataque contra un objetivo hut\u00ed en la capital de Yemen, Sanaa, marcando la segunda huelga de este tipo en menos de una semana. Las Fuerzas de Defensa de Israel (FDI) dijeron que los hut\u00edes estaban operando bajo la direcci\u00f3n &hellip;<\/p>\n","protected":false},"author":1,"featured_media":42317,"comment_status":"open","ping_status":"open","sticky":false,"template":"","format":"standard","meta":{"fifu_image_url":"https:\/\/static.foxnews.com\/foxnews.com\/content\/uploads\/2025\/08\/israel-strike-yemen.jpg","fifu_image_alt":"","footnotes":""},"categories":[13],"tags":[],"class_list":["post-42315","post","type-post","status-publish","format-standard","has-post-thumbnail","","category-mundo"],"_links":{"self":[{"href":"https:\/\/noticiasveraces.com\/index.php?rest_route=\/wp\/v2\/posts\/42315","targetHints":{"allow":["GET"]}}],"collection":[{"href":"https:\/\/noticiasveraces.com\/index.php?rest_route=\/wp\/v2\/posts"}],"about":[{"href":"https:\/\/noticiasveraces.com\/index.php?rest_route=\/wp\/v2\/types\/post"}],"author":[{"embeddable":true,"href":"https:\/\/noticiasveraces.com\/index.php?rest_route=\/wp\/v2\/users\/1"}],"replies":[{"embeddable":true,"href":"https:\/\/noticiasveraces.com\/index.php?rest_route=%2Fwp%2Fv2%2Fcomments&post=42315"}],"version-history":[{"count":0,"href":"https:\/\/noticiasveraces.com\/index.php?rest_route=\/wp\/v2\/posts\/42315\/revisions"}],"wp:featuredmedia":[{"embeddable":true,"href":"https:\/\/noticiasveraces.com\/index.php?rest_route=\/wp\/v2\/media\/42317"}],"wp:attachment":[{"href":"https:\/\/noticiasveraces.com\/index.php?rest_route=%2Fwp%2Fv2%2Fmedia&parent=42315"}],"wp:term":[{"taxonomy":"category","embeddable":true,"href":"https:\/\/noticiasveraces.com\/index.php?rest_route=%2Fwp%2Fv2%2Fcategories&post=42315"},{"taxonomy":"post_tag","embeddable":true,"href":"https:\/\/noticiasveraces.com\/index.php?rest_route=%2Fwp%2Fv2%2Ftags&post=42315"}],"curies":[{"name":"wp","href":"https:\/\/api.w.org\/{rel}","templated":true}]}}