{"id":42309,"date":"2025-08-28T11:53:06","date_gmt":"2025-08-28T15:53:06","guid":{"rendered":"https:\/\/noticiasveraces.com\/?p=42309"},"modified":"2025-08-28T11:53:06","modified_gmt":"2025-08-28T15:53:06","slug":"la-agente-de-haaland-confirma-el-interes-del-madrid-por-gilberto-mora","status":"publish","type":"post","link":"https:\/\/noticiasveraces.com\/?p=42309","title":{"rendered":"La agente de Haaland confirma el inter\u00e9s del Madrid por Gilberto Mora"},"content":{"rendered":"<p> \n<\/p>\n<div>\n<p data-mrf-recirculation=\"Links P\u00e1rrafos\" class=\"ue-c-article__paragraph paragraph\"><strong>Rafaela Pimenta<\/strong>representante de Erling Haaland, ha confirmado a &#8216;El Chiringuito&#8217; que el<strong> Real Madrid mantiene inter\u00e9s por Gilberto Mora<\/strong>el joven mediocampista mexicano de 16 a\u00f1os. La brasile\u00f1a, que hered\u00f3 la clientela de Mino Raiola y maneja una cartera de estrellas, ha fichado recientemente al talento azteca y trabaja ya en su proyecci\u00f3n hacia el f\u00fatbol europeo.<\/p>\n<p data-mrf-recirculation=\"Links P\u00e1rrafos\" class=\"ue-c-article__paragraph paragraph\"><strong>Gilberto Mora<\/strong> (Tuxtla Guti\u00e9rrez, 2008) se ha convertido en una de las grandes revelaciones del f\u00fatbol mexicano tras su actuaci\u00f3n en la <strong>Copa Oro 2025<\/strong>. El mediocampista ofensivo de los Xolos de Tijuana hizo historia al convertirse en el <strong>jugador m\u00e1s joven en ganar un t\u00edtulo internacional con su selecci\u00f3n<\/strong> (16 a\u00f1os y 265 d\u00edas), superando los registros de <strong>Lamine Yamal y Pel\u00e9<\/strong>. Durante el torneo fue titular indiscutible bajo las \u00f3rdenes de Javier Aguirre, dando la asistencia del gol que clasific\u00f3 a M\u00e9xico para la final contra Honduras.<\/p>\n<figure class=\"ue-c-article__media ue-c-article__media--video  video-player\"><figcaption class=\"ue-c-article__media-caption\" itemprop=\"description\">\n<p><span class=\"ue-c-article__media-description\">El joven mexicano bati\u00f3 el r\u00e9cord de ser el jugador m\u00e1s joven en lograr un t\u00edtulo con su selecci\u00f3n.<\/span><\/p>\n<\/figcaption><\/figure>\n<p data-mrf-recirculation=\"Links P\u00e1rrafos\" class=\"ue-c-article__paragraph paragraph\">Su mete\u00f3rico ascenso comenz\u00f3 en agosto de 2024 cuando Juan Carlos Osorio le dio la oportunidad de <strong>debutar en Liga MX con apenas 15 a\u00f1o<\/strong>s, convirti\u00e9ndose en el tercer jugador m\u00e1s joven en la historia del f\u00fatbol mexicano. Desde entonces ha disputado <strong>m\u00e1s de 30 partidos oficiales con Tijuana<\/strong> (tres goles en seis partidos esta temporada) y se ha ganado un lugar en la Selecci\u00f3n Mexicana, donde Aguirre destac\u00f3 su madurez. \u00abEst\u00e1 ubicadisimo, asume su rol, no tiene techo. No desenton\u00f3, tenemos un gran patrimonio con \u00e9l y ojal\u00e1 esto siga en esta progresi\u00f3n. Se le ve con ganas de aprender y de momento pas\u00f3 la prueba del debut\u00bb, declar\u00f3 el seleccionador.<\/p>\n<h2 class=\"ue-c-article__subheadline\">El Mundial como objetivo<\/h2>\n<p data-mrf-recirculation=\"Links P\u00e1rrafos\" class=\"ue-c-article__paragraph paragraph\">El Madrid podr\u00eda seguir de cerca su evoluci\u00f3n hasta que <strong>cumpla 18 a\u00f1os en octubre de 2027<\/strong>fecha a partir de la cual la normativa permitir\u00eda su incorporaci\u00f3n al equipo. Esta estrategia encaja con la pol\u00edtica del club de identificar j\u00f3venes talentos antes que la competencia. Mora tambi\u00e9n despierta de otros clubes europeos, pero la combinaci\u00f3n de Pimenta como representante y su sue\u00f1o madridista <strong>podr\u00eda inclinar la balanza hacia Chamart\u00edn. <\/strong><\/p>\n<p data-mrf-recirculation=\"Links P\u00e1rrafos\" class=\"ue-c-article__paragraph paragraph\">Su valor de mercado <strong>ha crecido de 1 a 3 millones de euros<\/strong> en menos de un a\u00f1o, y todo apunta a que seguir\u00e1 aumentando conforme se acerque el Mundial 2026, donde podr\u00eda convertirse en el <strong>jugador m\u00e1s joven en representar a M\u00e9xico en una Copa del Mundo<\/strong>por delante de Manuel Rosas.<\/p>\n<\/div>\n\n","protected":false},"excerpt":{"rendered":"<p>Rafaela Pimentarepresentante de Erling Haaland, ha confirmado a &#8216;El Chiringuito&#8217; que el Real Madrid mantiene inter\u00e9s por Gilberto Morael joven mediocampista mexicano de 16 a\u00f1os. La brasile\u00f1a, que hered\u00f3 la clientela de Mino Raiola y maneja una cartera de estrellas, ha fichado recientemente al talento azteca y trabaja ya en su proyecci\u00f3n hacia el f\u00fatbol &hellip;<\/p>\n","protected":false},"author":1,"featured_media":42310,"comment_status":"open","ping_status":"open","sticky":false,"template":"","format":"standard","meta":{"fifu_image_url":"https:\/\/e00-xlk-ue-marca.uecdn.es\/files\/article_main_microformat\/uploads\/2025\/08\/28\/Y_yS61ei62CTKPAyc.jpeg","fifu_image_alt":"","footnotes":""},"categories":[6],"tags":[],"class_list":["post-42309","post","type-post","status-publish","format-standard","has-post-thumbnail","","category-deportes"],"_links":{"self":[{"href":"https:\/\/noticiasveraces.com\/index.php?rest_route=\/wp\/v2\/posts\/42309","targetHints":{"allow":["GET"]}}],"collection":[{"href":"https:\/\/noticiasveraces.com\/index.php?rest_route=\/wp\/v2\/posts"}],"about":[{"href":"https:\/\/noticiasveraces.com\/index.php?rest_route=\/wp\/v2\/types\/post"}],"author":[{"embeddable":true,"href":"https:\/\/noticiasveraces.com\/index.php?rest_route=\/wp\/v2\/users\/1"}],"replies":[{"embeddable":true,"href":"https:\/\/noticiasveraces.com\/index.php?rest_route=%2Fwp%2Fv2%2Fcomments&post=42309"}],"version-history":[{"count":0,"href":"https:\/\/noticiasveraces.com\/index.php?rest_route=\/wp\/v2\/posts\/42309\/revisions"}],"wp:featuredmedia":[{"embeddable":true,"href":"https:\/\/noticiasveraces.com\/index.php?rest_route=\/wp\/v2\/media\/42310"}],"wp:attachment":[{"href":"https:\/\/noticiasveraces.com\/index.php?rest_route=%2Fwp%2Fv2%2Fmedia&parent=42309"}],"wp:term":[{"taxonomy":"category","embeddable":true,"href":"https:\/\/noticiasveraces.com\/index.php?rest_route=%2Fwp%2Fv2%2Fcategories&post=42309"},{"taxonomy":"post_tag","embeddable":true,"href":"https:\/\/noticiasveraces.com\/index.php?rest_route=%2Fwp%2Fv2%2Ftags&post=42309"}],"curies":[{"name":"wp","href":"https:\/\/api.w.org\/{rel}","templated":true}]}}