{"id":42304,"date":"2025-08-28T11:31:14","date_gmt":"2025-08-28T15:31:14","guid":{"rendered":"https:\/\/noticiasveraces.com\/?p=42304"},"modified":"2025-08-28T11:31:14","modified_gmt":"2025-08-28T15:31:14","slug":"oficina-de-la-ue-en-kiev-danada-tras-masivo-ataque-de-rusia-dw-28-08-2025","status":"publish","type":"post","link":"https:\/\/noticiasveraces.com\/?p=42304","title":{"rendered":"Oficina de la UE en Kiev, da\u00f1ada tras masivo ataque de Rusia \u2013 DW \u2013 28\/08\/2025"},"content":{"rendered":"<p> \n<\/p>\n<div data-tracking-name=\"rich-text\" data-tracking-skip=\"true\">\n<p>Seg\u00fan reporta el ej\u00e9rcito ucraniano, Rusia atac\u00f3 Ucrania con cerca de 600 drones y 31 misiles bal\u00edsticos en la madrugada del mi\u00e9rcoles al jueves, 28 de agosto de 2025. Al menos 14 personas murieron, entre ellas, varios menores.<\/p>\n<p>Veinte puntos de la capital de Ucrania fueron golpeados por esta nueva serie de ataques, que\u00a0han da\u00f1ado un edificio de la misi\u00f3n diplom\u00e1tica de la UE en Kiev. La embajadora de la UE en Ucrania, Katarina Mathernova, precis\u00f3 que el recinto diplom\u00e1tico se vio \u00abgravemente da\u00f1ado por la onda expansiva\u00bb de los bombardeos. <\/p>\n<blockquote class=\"tweet embed\" data-id=\"1960954861467435341\"\/>\n<p>El presidente del Consejo Europeo, Ant\u00f3nio Costa, reaccion\u00f3 mostrando su horror por lo sucedido. \u00abMis pensamientos est\u00e1n con las v\u00edctimas ucranianas y tambi\u00e9n con el personal de la delegaci\u00f3n de la UE, cuyo edificio result\u00f3 da\u00f1ado en este ataque deliberado de Rusia\u00bb, escribi\u00f3 Costa en la red X. \u00abLa UE no se dejar\u00e1 intimidar. La agresi\u00f3n de Rusia s\u00f3lo refuerza nuestra determinaci\u00f3n de apoyar a Ucrania y a su pueblo\u00bb, agreg\u00f3.<\/p>\n<p>En una fotograf\u00eda publicada por Costa en su cuenta de X puede verse la magnitud de los da\u00f1os en la oficina de la delegaci\u00f3n europea: la estructura del techo qued\u00f3 desmontada, y los cristales de las ventanas destrozados. Seg\u00fan una fuente diplom\u00e1tica europea, ning\u00fan miembro de la misi\u00f3n de la UE ha resultado\u00a0herido.<\/p>\n<p>MS (EFE\/AFP)<\/p>\n<\/p>\n<\/div>\n\n","protected":false},"excerpt":{"rendered":"<p>Seg\u00fan reporta el ej\u00e9rcito ucraniano, Rusia atac\u00f3 Ucrania con cerca de 600 drones y 31 misiles bal\u00edsticos en la madrugada del mi\u00e9rcoles al jueves, 28 de agosto de 2025. Al menos 14 personas murieron, entre ellas, varios menores. Veinte puntos de la capital de Ucrania fueron golpeados por esta nueva serie de ataques, que\u00a0han da\u00f1ado &hellip;<\/p>\n","protected":false},"author":1,"featured_media":42305,"comment_status":"open","ping_status":"open","sticky":false,"template":"","format":"standard","meta":{"fifu_image_url":"https:\/\/static.dw.com\/image\/73793723_6.jpg","fifu_image_alt":"","footnotes":""},"categories":[13],"tags":[],"class_list":["post-42304","post","type-post","status-publish","format-standard","has-post-thumbnail","","category-mundo"],"_links":{"self":[{"href":"https:\/\/noticiasveraces.com\/index.php?rest_route=\/wp\/v2\/posts\/42304","targetHints":{"allow":["GET"]}}],"collection":[{"href":"https:\/\/noticiasveraces.com\/index.php?rest_route=\/wp\/v2\/posts"}],"about":[{"href":"https:\/\/noticiasveraces.com\/index.php?rest_route=\/wp\/v2\/types\/post"}],"author":[{"embeddable":true,"href":"https:\/\/noticiasveraces.com\/index.php?rest_route=\/wp\/v2\/users\/1"}],"replies":[{"embeddable":true,"href":"https:\/\/noticiasveraces.com\/index.php?rest_route=%2Fwp%2Fv2%2Fcomments&post=42304"}],"version-history":[{"count":0,"href":"https:\/\/noticiasveraces.com\/index.php?rest_route=\/wp\/v2\/posts\/42304\/revisions"}],"wp:featuredmedia":[{"embeddable":true,"href":"https:\/\/noticiasveraces.com\/index.php?rest_route=\/wp\/v2\/media\/42305"}],"wp:attachment":[{"href":"https:\/\/noticiasveraces.com\/index.php?rest_route=%2Fwp%2Fv2%2Fmedia&parent=42304"}],"wp:term":[{"taxonomy":"category","embeddable":true,"href":"https:\/\/noticiasveraces.com\/index.php?rest_route=%2Fwp%2Fv2%2Fcategories&post=42304"},{"taxonomy":"post_tag","embeddable":true,"href":"https:\/\/noticiasveraces.com\/index.php?rest_route=%2Fwp%2Fv2%2Ftags&post=42304"}],"curies":[{"name":"wp","href":"https:\/\/api.w.org\/{rel}","templated":true}]}}