{"id":42264,"date":"2025-08-28T05:25:15","date_gmt":"2025-08-28T09:25:15","guid":{"rendered":"https:\/\/noticiasveraces.com\/?p=42264"},"modified":"2025-08-28T05:25:15","modified_gmt":"2025-08-28T09:25:15","slug":"putin-y-kim-jong-un-iran-al-gran-desfile-militar-de-china-dw-28-08-2025","status":"publish","type":"post","link":"https:\/\/noticiasveraces.com\/?p=42264","title":{"rendered":"Putin y Kim Jong-un ir\u00e1n al gran desfile militar de China \u2013 DW \u2013 28\/08\/2025"},"content":{"rendered":"<p> \n<\/p>\n<div data-tracking-name=\"rich-text\" data-tracking-skip=\"true\">\n<p>Est\u00e1 previsto que las calles de Pek\u00edn se conviertan en una exhibici\u00f3n de poder militar durante el desfile del 3 de septiembre de 2025, en el que Xi pasar\u00e1 revista a las tropas y pronunciar\u00e1 un discurso para conmemorar el 80\u00ba aniversario del fin de la Segunda Guerra Mundial en el Pac\u00edfico.<\/p>\n<p>La capital china ha sufrido en las \u00faltimas semanas numerosas restricciones de tr\u00e1fico y transporte p\u00fablico. Adem\u00e1s, se ha multiplicado la presencia policial mientras las autoridades ultiman los preparativos del evento,\u00a0al que acudir\u00e1n, entre otros mandatarios, los l\u00edderes de Rusia y de Corea del Norte, Vlad\u00edmir Putin y Kim Jong-un.<\/p>\n<h2>Gran presencia del sudeste asi\u00e1tico<\/h2>\n<p>La agencia estatal Xinhua informa que, asimismo, se espera la presencia de una veintena de mandatarios, entre los que destacan el cubano Miguel D\u00edaz-Canel o el bielorruso Alexander Lukashenko, as\u00ed como otros l\u00edderes asi\u00e1ticos, como el general l\u00edder de la junta militar birmana, Min Aung Hlaing, el presidente de Ir\u00e1n, Masud Pezeshkian, o el primer ministro de Pakist\u00e1n, Shehbaz Sharif<\/p>\n<p>El sudeste asi\u00e1tico estar\u00e1 nutridamente representado,\u00a0en un momento en el que China trata de posicionarse en\u00a0esta regi\u00f3n como un socio m\u00e1s confiable que Estados Unidos.<\/p>\n<p>MS (DPA\/EFE)<\/p>\n<\/p>\n<\/div>\n\n","protected":false},"excerpt":{"rendered":"<p>Est\u00e1 previsto que las calles de Pek\u00edn se conviertan en una exhibici\u00f3n de poder militar durante el desfile del 3 de septiembre de 2025, en el que Xi pasar\u00e1 revista a las tropas y pronunciar\u00e1 un discurso para conmemorar el 80\u00ba aniversario del fin de la Segunda Guerra Mundial en el Pac\u00edfico. La capital china &hellip;<\/p>\n","protected":false},"author":1,"featured_media":42265,"comment_status":"open","ping_status":"open","sticky":false,"template":"","format":"standard","meta":{"fifu_image_url":"https:\/\/static.dw.com\/image\/73759168_6.jpg","fifu_image_alt":"","footnotes":""},"categories":[13],"tags":[],"class_list":["post-42264","post","type-post","status-publish","format-standard","has-post-thumbnail","","category-mundo"],"_links":{"self":[{"href":"https:\/\/noticiasveraces.com\/index.php?rest_route=\/wp\/v2\/posts\/42264","targetHints":{"allow":["GET"]}}],"collection":[{"href":"https:\/\/noticiasveraces.com\/index.php?rest_route=\/wp\/v2\/posts"}],"about":[{"href":"https:\/\/noticiasveraces.com\/index.php?rest_route=\/wp\/v2\/types\/post"}],"author":[{"embeddable":true,"href":"https:\/\/noticiasveraces.com\/index.php?rest_route=\/wp\/v2\/users\/1"}],"replies":[{"embeddable":true,"href":"https:\/\/noticiasveraces.com\/index.php?rest_route=%2Fwp%2Fv2%2Fcomments&post=42264"}],"version-history":[{"count":0,"href":"https:\/\/noticiasveraces.com\/index.php?rest_route=\/wp\/v2\/posts\/42264\/revisions"}],"wp:featuredmedia":[{"embeddable":true,"href":"https:\/\/noticiasveraces.com\/index.php?rest_route=\/wp\/v2\/media\/42265"}],"wp:attachment":[{"href":"https:\/\/noticiasveraces.com\/index.php?rest_route=%2Fwp%2Fv2%2Fmedia&parent=42264"}],"wp:term":[{"taxonomy":"category","embeddable":true,"href":"https:\/\/noticiasveraces.com\/index.php?rest_route=%2Fwp%2Fv2%2Fcategories&post=42264"},{"taxonomy":"post_tag","embeddable":true,"href":"https:\/\/noticiasveraces.com\/index.php?rest_route=%2Fwp%2Fv2%2Ftags&post=42264"}],"curies":[{"name":"wp","href":"https:\/\/api.w.org\/{rel}","templated":true}]}}