{"id":42215,"date":"2025-08-27T21:10:13","date_gmt":"2025-08-28T01:10:13","guid":{"rendered":"https:\/\/noticiasveraces.com\/?p=42215"},"modified":"2025-08-27T21:10:13","modified_gmt":"2025-08-28T01:10:13","slug":"ejercito-de-israel-intensifica-presion-sobre-ciudad-de-gaza-dw-27-08-2025","status":"publish","type":"post","link":"https:\/\/noticiasveraces.com\/?p=42215","title":{"rendered":"Ej\u00e9rcito de Israel intensifica presi\u00f3n sobre Ciudad de Gaza \u2013 DW \u2013 27\/08\/2025"},"content":{"rendered":"<p> \n<\/p>\n<div data-tracking-name=\"rich-text\" data-tracking-skip=\"true\">\n<p>El Ej\u00e9rcito israel\u00ed intensific\u00f3 el mi\u00e9rcoles, 27 de agosto de 2025, sus operaciones alrededor de Ciudad de Gaza, a pesar de la presi\u00f3n interna y externa que enfrenta el Gobierno de Israel para poner fin a su campa\u00f1a de casi dos a\u00f1os en la Franja.<\/p>\n<p>Ayer, decenas de miles de manifestantes se congregaron en Tel Aviv para exigir el fin de la guerra y un acuerdo para liberar a los rehenes en manos de Ham\u00e1s.<\/p>\n<p>El Ej\u00e9rcito se alista para tomar la mayor ciudad del territorio a la espera de que el presidente estadounidense, Donald Trump, celebre en la Casa Blanca una reuni\u00f3n sobre la posguerra en el devastado territorio palestino.<\/p>\n<p>Los mediadores transmitieron un borrador de acuerdo para un alto el fuego y la liberaci\u00f3n de rehenes que fue aceptado por el movimiento palestino Ham\u00e1s, considerado terrorista por Alemania, Estados Unidos y diversos pa\u00edses, cuyo ataque contra Israel del 7 de octubre de 2023 desat\u00f3 la guerra en Gaza. Israel a\u00fan no ha respondido.<\/p>\n<h2>Evacuaci\u00f3n \u00abinevitable\u00bb<\/h2>\n<p>En el propio terreno, el Ej\u00e9rcito israel\u00ed ha afirmado que la evacuaci\u00f3n de Ciudad de Gaza es \u00abinevitable\u00bb. \u00abLa evacuaci\u00f3n de Ciudad de Gaza es inevitable (&#8230;), cada familia que se reubique en el sur recibir\u00e1 la mayor ayuda humanitaria posible\u00bb, escribi\u00f3 en la red X el portavoz en \u00e1rabe delEej\u00e9rcito, Avichay Adraee. <\/p>\n<p>Seg\u00fan vecinos del barrio Zeit\u00fan de la ciudad, durante la noche hubo intensos bombardeos israel\u00edes.<\/p>\n<p>MS (AFP\/Reuters)<\/p>\n<\/p>\n<\/div>\n\n","protected":false},"excerpt":{"rendered":"<p>El Ej\u00e9rcito israel\u00ed intensific\u00f3 el mi\u00e9rcoles, 27 de agosto de 2025, sus operaciones alrededor de Ciudad de Gaza, a pesar de la presi\u00f3n interna y externa que enfrenta el Gobierno de Israel para poner fin a su campa\u00f1a de casi dos a\u00f1os en la Franja. Ayer, decenas de miles de manifestantes se congregaron en Tel &hellip;<\/p>\n","protected":false},"author":1,"featured_media":42216,"comment_status":"open","ping_status":"open","sticky":false,"template":"","format":"standard","meta":{"fifu_image_url":"https:\/\/static.dw.com\/image\/73783700_6.jpg","fifu_image_alt":"","footnotes":""},"categories":[13],"tags":[],"class_list":["post-42215","post","type-post","status-publish","format-standard","has-post-thumbnail","","category-mundo"],"_links":{"self":[{"href":"https:\/\/noticiasveraces.com\/index.php?rest_route=\/wp\/v2\/posts\/42215","targetHints":{"allow":["GET"]}}],"collection":[{"href":"https:\/\/noticiasveraces.com\/index.php?rest_route=\/wp\/v2\/posts"}],"about":[{"href":"https:\/\/noticiasveraces.com\/index.php?rest_route=\/wp\/v2\/types\/post"}],"author":[{"embeddable":true,"href":"https:\/\/noticiasveraces.com\/index.php?rest_route=\/wp\/v2\/users\/1"}],"replies":[{"embeddable":true,"href":"https:\/\/noticiasveraces.com\/index.php?rest_route=%2Fwp%2Fv2%2Fcomments&post=42215"}],"version-history":[{"count":0,"href":"https:\/\/noticiasveraces.com\/index.php?rest_route=\/wp\/v2\/posts\/42215\/revisions"}],"wp:featuredmedia":[{"embeddable":true,"href":"https:\/\/noticiasveraces.com\/index.php?rest_route=\/wp\/v2\/media\/42216"}],"wp:attachment":[{"href":"https:\/\/noticiasveraces.com\/index.php?rest_route=%2Fwp%2Fv2%2Fmedia&parent=42215"}],"wp:term":[{"taxonomy":"category","embeddable":true,"href":"https:\/\/noticiasveraces.com\/index.php?rest_route=%2Fwp%2Fv2%2Fcategories&post=42215"},{"taxonomy":"post_tag","embeddable":true,"href":"https:\/\/noticiasveraces.com\/index.php?rest_route=%2Fwp%2Fv2%2Ftags&post=42215"}],"curies":[{"name":"wp","href":"https:\/\/api.w.org\/{rel}","templated":true}]}}