{"id":42213,"date":"2025-08-27T20:41:04","date_gmt":"2025-08-28T00:41:04","guid":{"rendered":"https:\/\/noticiasveraces.com\/?p=42213"},"modified":"2025-08-27T20:41:04","modified_gmt":"2025-08-28T00:41:04","slug":"el-gobierno-fija-las-directrices-para-que-las-autonomias-elaboren-los-planes-preventivos-contra-el-fuego-clima-y-medio-ambiente","status":"publish","type":"post","link":"https:\/\/noticiasveraces.com\/?p=42213","title":{"rendered":"El Gobierno fija las directrices para que las autonom\u00edas elaboren los planes preventivos contra el fuego | Clima y Medio Ambiente"},"content":{"rendered":"<p> \n<\/p>\n<div data-dtm-region=\"articulo_cuerpo\">\n<p class=\"\">El Consejo de Ministros ha aprobado este martes el real decreto a trav\u00e9s del que el Estado fija las directrices y criterios comunes que deben incluirse en los planes auton\u00f3micos de prevenci\u00f3n de incendios. Esta norma estaba pendiente desde la oleada de incendios de 2022, que hasta este agosto hab\u00eda sido el peor a\u00f1o del siglo en cuanto a incendios. Pero el Ministerio para la Transici\u00f3n Ecol\u00f3gica aduce que, al tratarse de una competencia compartida con las comunidades aut\u00f3nomas, el proceso de alegaciones ha sido muy complejo y no se ha podido aprobar hasta tres a\u00f1os despu\u00e9s. <\/p>\n<p class=\"\">La ministra de Educaci\u00f3n y portavoz del Gobierno, Pilar Alegr\u00eda, que ha confirmado la aprobaci\u00f3n de esta norma, ha recalcado que, en cualquier caso, \u201cla elaboraci\u00f3n de los planes anuales es competencia exclusiva de las comunidades aut\u00f3nomas\u201d. Y desde el Ministerio para la Transici\u00f3n Ecol\u00f3gica han indicado que el nuevo real decreto permitir\u00e1 \u201cla homogenizaci\u00f3n de los planes auton\u00f3micos al equiparar los criterios t\u00e9cnicos que apliquen\u201d. Esto es importante, entre otros asuntos, para tener informaci\u00f3n actualizada sobre los medios antiincendios de los que se disponen en el conjunto del pa\u00eds. <\/p>\n<figure class=\"a_m a_m-h \"><span class=\"_db a_m_w _pr lb_btn\"><img alt=\"La portavoz y ministra de Educaci\u00f3n, Formaci\u00f3n Profesional y Deportes, Pilar Alegr\u00eda, en la rueda de prensa posterior a la reuni\u00f3n del Consejo de Ministros, este martes en Madrid.\" decoding=\"auto\" class=\"_re lazyload a_m-h\" height=\"286\" srcset=\"https:\/\/imagenes.elpais.com\/resizer\/v2\/J6VI7SIVGVG7VIJX5S2LPT7SOI.jpg?auth=b6bb5b6c95cd0c52a6302fb9a16955c69159927f1c9c573c69caab17712a7f2b&amp;width=414 414w,https:\/\/imagenes.elpais.com\/resizer\/v2\/J6VI7SIVGVG7VIJX5S2LPT7SOI.jpg?auth=b6bb5b6c95cd0c52a6302fb9a16955c69159927f1c9c573c69caab17712a7f2b&amp;width=828 640w,https:\/\/imagenes.elpais.com\/resizer\/v2\/J6VI7SIVGVG7VIJX5S2LPT7SOI.jpg?auth=b6bb5b6c95cd0c52a6302fb9a16955c69159927f1c9c573c69caab17712a7f2b&amp;width=980 1000w,https:\/\/imagenes.elpais.com\/resizer\/v2\/J6VI7SIVGVG7VIJX5S2LPT7SOI.jpg?auth=b6bb5b6c95cd0c52a6302fb9a16955c69159927f1c9c573c69caab17712a7f2b&amp;width=1960 1960w\" width=\"414\" sizes=\"auto, (min-width:1199px) 1155px,(min-width:1001px) calc(100vw - 44px),(min-width:768px) 767px, 100vw\" src=\"https:\/\/imagenes.elpais.com\/resizer\/v2\/J6VI7SIVGVG7VIJX5S2LPT7SOI.jpg?auth=b6bb5b6c95cd0c52a6302fb9a16955c69159927f1c9c573c69caab17712a7f2b&amp;width=414\" loading=\"lazy\"\/><svg aria-hidden=\"true\" class=\"icon_multimedia_ampliar | _pa a_m_i a_m_i-a _dn\" viewbox=\"0 0 40 40\"><use xlink:href=\"#svg-ampliar\"\/><\/svg><\/span><figcaption class=\"a_m_p\" aria-hidden=\"true\"><span>La portavoz y ministra de Educaci\u00f3n, Formaci\u00f3n Profesional y Deportes, Pilar Alegr\u00eda, en la rueda de prensa posterior a la reuni\u00f3n del Consejo de Ministros, este martes en Madrid.<\/span><span class=\"a_m_m\">\u00c1lvaro Garc\u00eda<\/span><\/figcaption><\/figure>\n<p class=\"\">2022 fue un a\u00f1o tambi\u00e9n terrible de incendios, con los dos fuegos en la sierra de la Culebra como los m\u00e1s impactantes de verano. A finales de julio de aquel a\u00f1o, el Consejo de Ministros aprob\u00f3 un real decreto ley por el que se adoptaban \u201cmedidas urgentes en materia de incendios forestales\u201d. Y se modific\u00f3 la Ley de Montes para establecer que \u201clas comunidades aut\u00f3nomas ante el riesgo general de incendios forestales, elaborar\u00e1n y aprobar\u00e1n planes anuales para la prevenci\u00f3n, vigilancia y extinci\u00f3n de incendios forestales\u201d. Adem\u00e1s, esos documentos \u201ccomprender\u00e1n la totalidad de las actuaciones a desarrollar y abarcar\u00e1n la totalidad del territorio de la comunidad aut\u00f3noma correspondiente\u201d. <\/p>\n<p class=\"\">La misma norma se\u00f1alaba que el Ministerio para la Transici\u00f3n Ecol\u00f3gica deb\u00eda elaborar, \u201ccon la participaci\u00f3n de las comunidades aut\u00f3nomas y previo informe del Comit\u00e9 de Lucha contra Incendios Forestales, las directrices y criterios comunes precisos para la elaboraci\u00f3n de los referidos planes, que se aprobar\u00e1n mediante real decreto\u201d. Tras varias reuniones de ese comit\u00e9 para redactar la norma, el ministerio sac\u00f3 a informaci\u00f3n p\u00fablica un borrador a finales de 2023 para que los interesados pudieran presentar alegaciones. <\/p>\n<p class=\"\">Transici\u00f3n Ecol\u00f3gica asegur\u00f3 la semana pasada que era una norma que se hab\u00eda querido tramitar \u201ccon la mayor agilidad, pero como se trata de competencias auton\u00f3micas ha habido que generar un consenso con las mismas y eso ha llevado tiempo\u201d. Seg\u00fan estas mismas fuentes, en el proceso de alegaciones algunas comunidades trasladaron \u201cactitudes compatibles con la percepci\u00f3n de que se trataba de un ejercicio de fiscalizaci\u00f3n por parte del ministerio\u201d. \u201cAlgunas consideraban que no pod\u00edamos regular aspectos de competencias propias, en otros casos se aduc\u00eda dificultad de hacer planes anuales, en vez de cada cinco a\u00f1os, o la dificultad que ten\u00edan para la elaboraci\u00f3n de estad\u00edsticas o que el seguimiento podr\u00eda llevar a la asunci\u00f3n de responsabilidades\u201d, expon\u00edan desde el departamento de Sara Aagesen. Finalmente, el Consejo de Estado emiti\u00f3 el dictamen sobre el real decreto que se ha aprobado este martes a finales de julio, apenas unos d\u00edas antes de que se desatase la brutal ola de incendios en Espa\u00f1a.<\/p>\n<p class=\"\">Una vez que EL PA\u00cdS public\u00f3 la semana pasada que, por un lado, la fiscal\u00eda estaba indagando sobre si los municipios afectados por los peores incendios contaban con planes de prevenci\u00f3n y que, por otro lado, el Gobierno no hab\u00eda aprobado a\u00fan el real decreto con las directrices pendiente desde 2022, Transici\u00f3n Ecol\u00f3gica asegur\u00f3 que esta norma no era \u201ccondici\u00f3n imprescindible\u201d para que las autonom\u00edas pudieran elaborar sus programas anuales. Adem\u00e1s, el ministerio asegur\u00f3 que las autonom\u00edas ya estaban obligadas antes de 2022 a desarrollar \u201cplanes de prevenci\u00f3n de incendios forestales\u201d. Fuentes gubernamentales han asegurado este martes que todas las comunidades, salvo la valenciana, ten\u00edan este a\u00f1o plan de prevenci\u00f3n de incendios. <\/p>\n<figure class=\"a_m a_m-h \"><span class=\"_db a_m_w _pr lb_btn\"><img alt=\"Un hombre camina sobre el \u00e1rea afectada por los incendios de la Sierra de la Culebra de 2022, en Villardeciervos, Zamora, el 21 de junio de ese a\u00f1o. \" decoding=\"auto\" class=\"_re lazyload a_m-h\" height=\"277\" srcset=\"https:\/\/imagenes.elpais.com\/resizer\/v2\/Y7HACQ5Y75HWLNV26MNI33DGGI.jpg?auth=279aedf8f9ef171ad2fa0572cc677045c3728f06864f1377100f5894853a917b&amp;width=414 414w,https:\/\/imagenes.elpais.com\/resizer\/v2\/Y7HACQ5Y75HWLNV26MNI33DGGI.jpg?auth=279aedf8f9ef171ad2fa0572cc677045c3728f06864f1377100f5894853a917b&amp;width=828 640w,https:\/\/imagenes.elpais.com\/resizer\/v2\/Y7HACQ5Y75HWLNV26MNI33DGGI.jpg?auth=279aedf8f9ef171ad2fa0572cc677045c3728f06864f1377100f5894853a917b&amp;width=980 1000w,https:\/\/imagenes.elpais.com\/resizer\/v2\/Y7HACQ5Y75HWLNV26MNI33DGGI.jpg?auth=279aedf8f9ef171ad2fa0572cc677045c3728f06864f1377100f5894853a917b&amp;width=1960 1960w\" width=\"414\" sizes=\"auto, (min-width:1199px) 1155px,(min-width:1001px) calc(100vw - 44px),(min-width:768px) 767px, 100vw\" src=\"https:\/\/imagenes.elpais.com\/resizer\/v2\/Y7HACQ5Y75HWLNV26MNI33DGGI.jpg?auth=279aedf8f9ef171ad2fa0572cc677045c3728f06864f1377100f5894853a917b&amp;width=414\" loading=\"lazy\"\/><svg aria-hidden=\"true\" class=\"icon_multimedia_ampliar | _pa a_m_i a_m_i-a _dn\" viewbox=\"0 0 40 40\"><use xlink:href=\"#svg-ampliar\"\/><\/svg><\/span><figcaption class=\"a_m_p\" aria-hidden=\"true\"><span>Un hombre camina sobre el \u00e1rea afectada por los incendios de la Sierra de la Culebra de 2022, en Villardeciervos, Zamora, el 21 de junio de ese a\u00f1o. <\/span><span class=\"a_m_m\">Europa Press News (Europa Press a trav\u00e9s de Getty Images)<\/span><\/figcaption><\/figure>\n<p class=\"\">En el real decreto ley de hace tres a\u00f1os se explicaba que \u201cla experiencia de los \u00faltimos a\u00f1os ha evidenciado que el riesgo de los incendios forestales se extiende a todo el territorio y de forma desestacionalizada\u201d. Por ello, continuaba el texto, se \u201crequiere disponer de un instrumento nuevo, de mayor alcance que los planes de defensa, hasta ahora previstos solo para las zonas de alto riesgo\u201d. Y aclaraba que \u201clos nuevos planes de prevenci\u00f3n, vigilancia y extinci\u00f3n de los incendios forestales deben incluir la totalidad de las actuaciones a desarrollar y abarcar\u00e1n la totalidad del territorio de cada comunidad aut\u00f3noma, deben ser actualizados con la suficiente antelaci\u00f3n y se aplicar\u00e1n de manera continua durante todo el a\u00f1o\u201d. Se instaba a las autonom\u00edas a que los aprobaran anualmente, como alguna de ellas ha hecho desde entonces. <\/p>\n<p class=\"\">M\u00e1s all\u00e1 de pol\u00e9micas e interpretaciones de las normas, M\u00f3nica Parrilla, de Greenpeace, ha celebrado este martes la aprobaci\u00f3n del real decreto con las directrices. \u201cResulta realmente complicado valorar el cumplimiento de las Administraciones de las obligaciones relativas a los planes anuales as\u00ed como informar del propio cumplimiento debido a la variedad de denominaciones, figuras, niveles de planificaci\u00f3n preventiva, emergencias y criterios para aplicarla, como as\u00ed se ha expuesto en distintos informes publicados\u201d, ha se\u00f1alado Parrilla sobre la importancia de este real decreto. <\/p>\n<p class=\"\">Entre otras cosas, los planes con informaci\u00f3n homog\u00e9nea deben servir para que con la informaci\u00f3n que aporten las comunidades y el resto de datos disponibles \u201cel Ministerio para la Transici\u00f3n Ecol\u00f3gica y el Reto Demogr\u00e1fico elaborar\u00e1 una herramienta de zonificaci\u00f3n de incendios forestales que consolide la informaci\u00f3n existente y facilite, con ello, la toma de decisiones en materia de prevenci\u00f3n y lucha contra los incendios\u201d, seg\u00fan aprob\u00f3 el Gobierno en 2022. Fuentes de Transici\u00f3n Ecol\u00f3gica se\u00f1alan que ya existe una versi\u00f3n eta de esta herramienta, que fue presentada en el Consejo Forestal Nacional del 22 de mayor de este a\u00f1o, aunque todav\u00eda se sigue trabajando en ella. Cuando se concluya el proceso de puesta en marcha, \u201cesta herramienta ser\u00e1 p\u00fablica y accesible en el portal del ministerio\u201d, a\u00f1aden estas fuentes.<\/p>\n<\/div>\n\n","protected":false},"excerpt":{"rendered":"<p>El Consejo de Ministros ha aprobado este martes el real decreto a trav\u00e9s del que el Estado fija las directrices y criterios comunes que deben incluirse en los planes auton\u00f3micos de prevenci\u00f3n de incendios. Esta norma estaba pendiente desde la oleada de incendios de 2022, que hasta este agosto hab\u00eda sido el peor a\u00f1o del &hellip;<\/p>\n","protected":false},"author":1,"featured_media":42214,"comment_status":"open","ping_status":"open","sticky":false,"template":"","format":"standard","meta":{"fifu_image_url":"https:\/\/imagenes.elpais.com\/resizer\/v2\/5AIYSE5BIVBY7OXZVCO6UAISPY.jpg?auth=2c7e901aa9fa2623ba8147ecfe4b0884df5b619d85b832ca0b8bc1c9bc4f4e45&width=1200","fifu_image_alt":"","footnotes":""},"categories":[11],"tags":[],"class_list":["post-42213","post","type-post","status-publish","format-standard","has-post-thumbnail","","category-viaje"],"_links":{"self":[{"href":"https:\/\/noticiasveraces.com\/index.php?rest_route=\/wp\/v2\/posts\/42213","targetHints":{"allow":["GET"]}}],"collection":[{"href":"https:\/\/noticiasveraces.com\/index.php?rest_route=\/wp\/v2\/posts"}],"about":[{"href":"https:\/\/noticiasveraces.com\/index.php?rest_route=\/wp\/v2\/types\/post"}],"author":[{"embeddable":true,"href":"https:\/\/noticiasveraces.com\/index.php?rest_route=\/wp\/v2\/users\/1"}],"replies":[{"embeddable":true,"href":"https:\/\/noticiasveraces.com\/index.php?rest_route=%2Fwp%2Fv2%2Fcomments&post=42213"}],"version-history":[{"count":0,"href":"https:\/\/noticiasveraces.com\/index.php?rest_route=\/wp\/v2\/posts\/42213\/revisions"}],"wp:featuredmedia":[{"embeddable":true,"href":"https:\/\/noticiasveraces.com\/index.php?rest_route=\/wp\/v2\/media\/42214"}],"wp:attachment":[{"href":"https:\/\/noticiasveraces.com\/index.php?rest_route=%2Fwp%2Fv2%2Fmedia&parent=42213"}],"wp:term":[{"taxonomy":"category","embeddable":true,"href":"https:\/\/noticiasveraces.com\/index.php?rest_route=%2Fwp%2Fv2%2Fcategories&post=42213"},{"taxonomy":"post_tag","embeddable":true,"href":"https:\/\/noticiasveraces.com\/index.php?rest_route=%2Fwp%2Fv2%2Ftags&post=42213"}],"curies":[{"name":"wp","href":"https:\/\/api.w.org\/{rel}","templated":true}]}}