{"id":42197,"date":"2025-08-27T17:06:09","date_gmt":"2025-08-27T21:06:09","guid":{"rendered":"https:\/\/noticiasveraces.com\/?p=42197"},"modified":"2025-08-27T17:06:09","modified_gmt":"2025-08-27T21:06:09","slug":"la-odisea-de-kilmar-abrego-deportado-por-error-de-ee-uu-dw-27-08-2025","status":"publish","type":"post","link":"https:\/\/noticiasveraces.com\/?p=42197","title":{"rendered":"La odisea de Kilmar \u00c1brego, deportado \u00abpor error\u00bb de EE.UU. \u2013 DW \u2013 27\/08\/2025"},"content":{"rendered":"<p> \n<\/p>\n<div data-tracking-name=\"rich-text\" data-tracking-skip=\"true\">\n<p>\u00abSoy Kilmar \u00c1brego Garc\u00eda. Nac\u00ed en El Salvador\u00a0y tengo 16 a\u00f1os. Me dedico a vender tortillas de ma\u00edz rellenas, &#8216;pupusas&#8217;, hechas por mi mam\u00e1 Cecilia.<\/p>\n<p>Pero en mi barrio, cerca de San Marcos, al sur de San Salvador, tienen el poder las pandillas, me amenazan a m\u00ed y a mi familia, y nos extorsionan\u00bb.<\/p>\n<p>Estas palabras no fueron pronunciadas por \u00c1brego Garc\u00eda. Son una recreaci\u00f3n period\u00edstica, basada en documentos y testimonios que reflejan la realidad que el joven enfrent\u00f3 en su pa\u00eds antes de huir hacia Estados Unidos.<\/p>\n<p>Lo cierto es que Kilmar \u00c1brego Garc\u00eda no vive ya cerca de San Marcos, ni vende pupusas junto a su madre. Su historia dio un giro dr\u00e1stico: tras haber llegado a Estados Unidos siendo muy joven, establecerse y solicitar asilo all\u00ed, fue detenido y deportado \u00abpor error\u00bb\u00a0a El Salvador, donde termin\u00f3 encarcelado como un pandillero.<\/p>\n<p>Luego llegar\u00edan muchas m\u00e1s idas y vueltas, hasta la situaci\u00f3n actual,\u00a0detenido en Virginia, Estados Unidos, y con la intenci\u00f3n declarada de la administraci\u00f3n Trump de deportarlo a Uganda.<\/p>\n<p>\u00bfC\u00f3mo se lleg\u00f3 hasta aqu\u00ed? Recapitulemos su historia.<\/p>\n<h2>Primeros a\u00f1os en EE.UU.<\/h2>\n<p>Lleg\u00f3 en 2011 y comenz\u00f3 a trabajar en la construcci\u00f3n. A\u00f1os m\u00e1s tarde, conoci\u00f3 a Jennifer Vasquez Sura, con quien se cas\u00f3.<\/p>\n<p>En 2019 llegar\u00eda su primera detenci\u00f3n. Seg\u00fan documentos judiciales, fue detenido cuando se encontraba fuera de un <em>Dep\u00f3sito de hogar <\/em>junto a otros hombres, por considerarse que era miembro de una pandilla porque \u00abllevaba una gorra de los <em>Bulls de Chicago<\/em> y un buzo con capucha\u00bb, y porque \u00abun informante confidencial dijo que era un miembro activo de la MS-13\u00bb\u00a0(o mara Salvatrucha).<\/p>\n<p>Su abogado rechaz\u00f3 las acusaciones y \u00c1brego Garc\u00eda solicit\u00f3 asilo. Pero un juez de inmigraci\u00f3n se lo neg\u00f3, por haberlo solicitado cuando ya se hab\u00eda vencido el plazo para hacerlo. Sin embargo, le otorg\u00f3 protecci\u00f3n contra ser deportado a El Salvador\u00a0por su \u00abmiedo bien fundado\u00bb (<em>Miedo bien fundado<\/em>)\u00a0de sufrir amenazas o violencia all\u00ed.\u00a0Tras esta decisi\u00f3n, el salvadore\u00f1o fue liberado.<\/p>\n<h2>Deportaci\u00f3n a El Salvador<\/h2>\n<p>Sin embargo, en marzo de este a\u00f1o, bajo el nuevo Gobierno de Trump, a pesar de la protecci\u00f3n legal con la que contaba, \u00c1brego Garc\u00eda fue detenido y enviado al Centro de Confinamiento del Terrorismo (CECOT) de El Salvador.<\/p>\n<p>D\u00edas despu\u00e9s, demanda de por medio, el Gobierno de Trump admiti\u00f3 en un documento judicial que la deportaci\u00f3n fue \u00abun error administrativo\u00bb.<\/p>\n<h2>Regreso a Estados Unidos<\/h2>\n<p>Casi tres\u00a0meses despu\u00e9s de su deportaci\u00f3n, la Casa Blanca aprob\u00f3 la decisi\u00f3n de devolverlo a Estados Unidos, pero no para liberarlo, sino para que enfrente cargos penales: lo acusan ahora de transportar ilegalmente a inmigrantes indocumentados.<\/p>\n<figure class=\"placeholder-image master_landscape big\"><img data-format=\"MASTER_LANDSCAPE\" data-id=\"73760328\" data-url=\"https:\/\/static.dw.com\/image\/73760328_${formatId}.jpg\" data-aspect-ratio=\"16\/9\" alt=\"  \u00c1brego Garc\u00eda de perfil, rodeado de personas que lo apoyan y medios de prensa.\" style=\"padding-bottom: 56.25%; height: 0; max-height: 0;\"\/><figcaption class=\"img-caption\">Kilmar \u00c1brego Garc\u00eda ingresa este lunes 25 de agosto a las oficinas de la autoridad migratoria de Estados Unidos, ICE, donde ser\u00eda detenido.<small class=\"copyright\">Imagen: Anna Moneymaker\/Getty Images North America\/Getty Images\/AFP<\/small><\/figcaption><\/figure>\n<p>Tras una breve liberaci\u00f3n del 22 al 25 de agosto pasados, \u00c1brego Garc\u00eda fue detenido por la autoridad migratoria de Estados Unidos (ICE), y sobre \u00e9l pende la deportaci\u00f3n a Uganda, pa\u00eds que tiene acuerdos migratorios\u00a0de cooperaci\u00f3n con EE.UU. para recibir deportados de terceras naciones.<\/p>\n<p>Hasta aqu\u00ed, los hechos de un caso que se ha tornado emblem\u00e1tico.<\/p>\n<h2>\u00bfQu\u00e9 hay detr\u00e1s?<\/h2>\n<p>\u00abEste caso representa la versi\u00f3n m\u00e1s acabada de la destrucci\u00f3n de las libertades constitucionales, del derecho a juicio previo a la condena, y la ruptura del contrato social, por el cual todo acusado es inocente hasta que se pruebe lo contrario\u00bb, sostiene en di\u00e1logo con DW Anah\u00ed Viladrich, profesora de Sociolog\u00eda y Antropolog\u00eda de la Universidad de la Ciudad de Nueva York.<\/p>\n<p>Sobre el env\u00edo al CECOT, la experta en migraciones analiza: \u00abEsto pone en evidencia la solidificaci\u00f3n del Estado corporativo que, a cambio de dinero, financia &#8216;campos de concentraci\u00f3n&#8217;\u00a0en Estados complacientes\u00bb.<\/p>\n<p>Asimismo, critica\u00a0\u00abla enunciaci\u00f3n discursiva de culpabilidad sin pruebas ni proceso judicial en ninguno de los pa\u00edses involucrados\u00bb.<\/p>\n<p>Nada de esto es casual, seg\u00fan la acad\u00e9mica, sino \u00abconsecuente con la necesidad de crear y fortalecer un enemigo interno dentro de la naci\u00f3n, a los efectos de galvanizar el apoyo incondicional a un Estado autoritario\u00bb.<\/p>\n<p>\u00abAl vincular migrantes con actividades delictivas o amenazas a la seguridad, aun sin evidencia clara, se refuerza la idea de que la migraci\u00f3n irregular es un problema de seguridad que debe combatirse con mano dura\u00bb, indica Junek Vargas, internacionalista de la UNAM, en entrevista con DW.<\/p>\n<p>\u00abKilmar, y con \u00e9l miles de migrantes, son presentados m\u00e1s como amenazas que como v\u00edctimas de contextos complejos (violencia, pobreza, persecuci\u00f3n), sostiene. Esto \u00abreduce la empat\u00eda social y justifica la indiferencia frente a las violaciones de derechos humanos\u00bb, advierte cr\u00edtica.<\/p>\n<p><span data-slot-id=\"Article_InContent-1\" class=\"rich-text-ad\"\/><\/p>\n<h2>\u00abUn migrante cualquiera\u00bb<\/h2>\n<p>\u00abKilmar es, en realidad, un ejemplo de un migrante cualquiera, que viene a EE.UU. buscando la posibilidad de mejorar su vida, y de muchos inmigrantes que batallan con el hecho de adaptarse a un nuevo sistema\u00bb, sostiene Carmen Rodr\u00edguez, periodista salvadore\u00f1a residente en Estados Unidos.<\/p>\n<p>\u00abAhora, la administraci\u00f3n no puede quedar mal con sus bases, porque ellas han cre\u00eddo en la narrativa de que Kilmar es un &#8216;pandillero, golpeador, depredador sexual y persona peligrosa para la comunidad&#8217;. Entonces, si a Kilmar lo liberan, es un punto negativo para Trump\u00bb, explica Rodr\u00edguez, quien se ha involucrado en gestiones en ambos pa\u00edses para dar a conocer las irregularidades del caso.<\/p>\n<p>\u00abNo es que lo defienda, pero si ha tenido denuncias por violencia de g\u00e9nero, pues tiene que haber un proceso para que rinda cuentas por ese hecho, pero esto es algo separado\u00bb, puntualiza Rodr\u00edguez sobre la denuncia por violencia que, efectivamente, la mujer de \u00c1brego Garc\u00eda radic\u00f3 y luego retir\u00f3 en 2021.<\/p>\n<p>\u00abDejen de jugar juegos pol\u00edticos con la vida de Kilmar\u00bb, les ha reclamado, en tanto, la esposa del salvadore\u00f1o detenido a Trump y Bukele.<\/p>\n<p>La odisea de Kilmar \u00c1brego, el migrante salvadore\u00f1o deportado \u00abpor error\u00bb de Estados Unidos, no parece haber llegado a su fin.<\/p>\n<\/div>\n\n","protected":false},"excerpt":{"rendered":"<p>\u00abSoy Kilmar \u00c1brego Garc\u00eda. Nac\u00ed en El Salvador\u00a0y tengo 16 a\u00f1os. Me dedico a vender tortillas de ma\u00edz rellenas, &#8216;pupusas&#8217;, hechas por mi mam\u00e1 Cecilia. Pero en mi barrio, cerca de San Marcos, al sur de San Salvador, tienen el poder las pandillas, me amenazan a m\u00ed y a mi familia, y nos extorsionan\u00bb. Estas &hellip;<\/p>\n","protected":false},"author":1,"featured_media":42198,"comment_status":"open","ping_status":"open","sticky":false,"template":"","format":"standard","meta":{"fifu_image_url":"https:\/\/static.dw.com\/image\/73759745_6.jpg","fifu_image_alt":"","footnotes":""},"categories":[13],"tags":[],"class_list":["post-42197","post","type-post","status-publish","format-standard","has-post-thumbnail","","category-mundo"],"_links":{"self":[{"href":"https:\/\/noticiasveraces.com\/index.php?rest_route=\/wp\/v2\/posts\/42197","targetHints":{"allow":["GET"]}}],"collection":[{"href":"https:\/\/noticiasveraces.com\/index.php?rest_route=\/wp\/v2\/posts"}],"about":[{"href":"https:\/\/noticiasveraces.com\/index.php?rest_route=\/wp\/v2\/types\/post"}],"author":[{"embeddable":true,"href":"https:\/\/noticiasveraces.com\/index.php?rest_route=\/wp\/v2\/users\/1"}],"replies":[{"embeddable":true,"href":"https:\/\/noticiasveraces.com\/index.php?rest_route=%2Fwp%2Fv2%2Fcomments&post=42197"}],"version-history":[{"count":0,"href":"https:\/\/noticiasveraces.com\/index.php?rest_route=\/wp\/v2\/posts\/42197\/revisions"}],"wp:featuredmedia":[{"embeddable":true,"href":"https:\/\/noticiasveraces.com\/index.php?rest_route=\/wp\/v2\/media\/42198"}],"wp:attachment":[{"href":"https:\/\/noticiasveraces.com\/index.php?rest_route=%2Fwp%2Fv2%2Fmedia&parent=42197"}],"wp:term":[{"taxonomy":"category","embeddable":true,"href":"https:\/\/noticiasveraces.com\/index.php?rest_route=%2Fwp%2Fv2%2Fcategories&post=42197"},{"taxonomy":"post_tag","embeddable":true,"href":"https:\/\/noticiasveraces.com\/index.php?rest_route=%2Fwp%2Fv2%2Ftags&post=42197"}],"curies":[{"name":"wp","href":"https:\/\/api.w.org\/{rel}","templated":true}]}}