{"id":42191,"date":"2025-08-27T15:04:10","date_gmt":"2025-08-27T19:04:10","guid":{"rendered":"https:\/\/noticiasveraces.com\/?p=42191"},"modified":"2025-08-27T15:04:10","modified_gmt":"2025-08-27T19:04:10","slug":"merz-y-macron-muestran-apoyo-a-moldavia-frente-a-rusia-dw-27-08-2025","status":"publish","type":"post","link":"https:\/\/noticiasveraces.com\/?p=42191","title":{"rendered":"Merz y Macron muestran apoyo a Moldavia frente a Rusia \u2013 DW \u2013 27\/08\/2025"},"content":{"rendered":"<p> \n<\/p>\n<div data-tracking-name=\"rich-text\" data-tracking-skip=\"true\">\n<p>El presidente de Francia, Emmanuel Macron, el canciller alem\u00e1n, Friedrich Merz, y el primer ministro polaco, Donald Tusk, abrieron este mi\u00e9rcoles (27.08.2025) a Moldavia las puertas de la Uni\u00f3n Europea (UE), frente a la agresi\u00f3n rusa en la vecina Ucrania, que amenaza tambi\u00e9n a esta antigua rep\u00fablica sovi\u00e9tica.<\/p>\n<p>\u00abHemos venido a Moldavia con dos mensajes. El primero es que la puerta de la Uni\u00f3n Europea est\u00e1 abierta\u00bb para Moldavia, dijo Merz durante una rueda de prensa conjunta en Chisinau con ocasi\u00f3n del D\u00eda de la Independencia de ese pa\u00eds.<\/p>\n<p>Merz subray\u00f3 que el presidente ruso, Vlad\u00edmir Putin, no tiene nada que celebrar este mi\u00e9rcoles, ya que est\u00e1 deseando que una independiente Moldavia regrese a \u00abla esfera de influencia\u00bb del Kremlin.<\/p>\n<p>El conocido como Tri\u00e1ngulo de Weimar, ya que fue fundado en esa ciudad en 1991, viaj\u00f3 a Moldavia a falta de un mes para las cruciales elecciones legislativas en las que el Gobierno se juega su futuro europeo frente a la oposici\u00f3n patrocinada por el Kremlin, a la que aventaja en las encuestas, pero que se ha unido para desbancar al gobernante Acci\u00f3n y Solidaridad.<\/p>\n<p>Al respecto, Macron subray\u00f3 que, al contrario que Rusia, \u00abla UE no amenaza a nadie y respeta la soberan\u00eda de todos. Es una uni\u00f3n de prosperidad y de paz. No es, en absoluto, como la Uni\u00f3n Sovi\u00e9tica\u00bb.<\/p>\n<p>Dirigi\u00e9ndose a su anfitriona, la presidenta moldava Maia Sandu, una europe\u00edsta convencida, destac\u00f3 que la UE \u00abes una comunidad de valores\u00bb democr\u00e1ticos, que ha hecho una apuesta \u00abclara\u00bb por el ingreso de Moldavia en la Uni\u00f3n.<\/p>\n<p>Macron record\u00f3 que en el refer\u00e9ndum europe\u00edsta de 2024 los habitantes de la antigua rep\u00fablica sovi\u00e9tica apoyaron la adhesi\u00f3n frente a la oposici\u00f3n del Kremlin, que considera ahora a la UE su enemiga por apoyar a Ucrania.<\/p>\n<p>\u00abLos ciudadanos de Moldavia han entendido que la adhesi\u00f3n a la UE representa una oportunidad hist\u00f3rica para el futuro de su pa\u00eds, una oportunidad para la prosperidad y para la seguridad\u00bb que llevar\u00e1 a modernizar las infraestructuras y la econom\u00eda, y abrir\u00e1 el pa\u00eds a un mercado de 450 millones de consumidores, subray\u00f3.<\/p>\n<p>Chisinau acogi\u00f3 el pasado 4 de julio de la primera cumbre UE-Moldavia en la que Bruselas impuls\u00f3 las negociaciones de ingreso de la peque\u00f1a rep\u00fablica que tiene estrechos lazos \u00e9tnicos y culturales con la vecina Ruman\u00eda.<\/p>\n<p>CT (EFE, AFP)<\/p>\n<\/div>\n\n","protected":false},"excerpt":{"rendered":"<p>El presidente de Francia, Emmanuel Macron, el canciller alem\u00e1n, Friedrich Merz, y el primer ministro polaco, Donald Tusk, abrieron este mi\u00e9rcoles (27.08.2025) a Moldavia las puertas de la Uni\u00f3n Europea (UE), frente a la agresi\u00f3n rusa en la vecina Ucrania, que amenaza tambi\u00e9n a esta antigua rep\u00fablica sovi\u00e9tica. \u00abHemos venido a Moldavia con dos mensajes. &hellip;<\/p>\n","protected":false},"author":1,"featured_media":42192,"comment_status":"open","ping_status":"open","sticky":false,"template":"","format":"standard","meta":{"fifu_image_url":"https:\/\/static.dw.com\/image\/73787524_6.jpg","fifu_image_alt":"","footnotes":""},"categories":[13],"tags":[],"class_list":["post-42191","post","type-post","status-publish","format-standard","has-post-thumbnail","","category-mundo"],"_links":{"self":[{"href":"https:\/\/noticiasveraces.com\/index.php?rest_route=\/wp\/v2\/posts\/42191","targetHints":{"allow":["GET"]}}],"collection":[{"href":"https:\/\/noticiasveraces.com\/index.php?rest_route=\/wp\/v2\/posts"}],"about":[{"href":"https:\/\/noticiasveraces.com\/index.php?rest_route=\/wp\/v2\/types\/post"}],"author":[{"embeddable":true,"href":"https:\/\/noticiasveraces.com\/index.php?rest_route=\/wp\/v2\/users\/1"}],"replies":[{"embeddable":true,"href":"https:\/\/noticiasveraces.com\/index.php?rest_route=%2Fwp%2Fv2%2Fcomments&post=42191"}],"version-history":[{"count":0,"href":"https:\/\/noticiasveraces.com\/index.php?rest_route=\/wp\/v2\/posts\/42191\/revisions"}],"wp:featuredmedia":[{"embeddable":true,"href":"https:\/\/noticiasveraces.com\/index.php?rest_route=\/wp\/v2\/media\/42192"}],"wp:attachment":[{"href":"https:\/\/noticiasveraces.com\/index.php?rest_route=%2Fwp%2Fv2%2Fmedia&parent=42191"}],"wp:term":[{"taxonomy":"category","embeddable":true,"href":"https:\/\/noticiasveraces.com\/index.php?rest_route=%2Fwp%2Fv2%2Fcategories&post=42191"},{"taxonomy":"post_tag","embeddable":true,"href":"https:\/\/noticiasveraces.com\/index.php?rest_route=%2Fwp%2Fv2%2Ftags&post=42191"}],"curies":[{"name":"wp","href":"https:\/\/api.w.org\/{rel}","templated":true}]}}