{"id":42150,"date":"2025-08-27T08:40:20","date_gmt":"2025-08-27T12:40:20","guid":{"rendered":"https:\/\/noticiasveraces.com\/?p=42150"},"modified":"2025-08-27T08:40:20","modified_gmt":"2025-08-27T12:40:20","slug":"receta-para-un-buen-pacto-de-estado-por-la-emergencia-climatica-ciencia-clima-y-medio-ambiente","status":"publish","type":"post","link":"https:\/\/noticiasveraces.com\/?p=42150","title":{"rendered":"Receta para un buen pacto de Estado por la emergencia clim\u00e1tica: ciencia | Clima y Medio Ambiente"},"content":{"rendered":"<p> \n<br \/><img decoding=\"async\" src=\"https:\/\/imagenes.elpais.com\/resizer\/v2\/3GF453A6JBM4BOSDOHMJ35UBJU.jpg?auth=c9ccf06d0106d30f9610d0d9dec9b24d41f0049fffcff661deb6467da7755ae9\" \/><\/p>\n<div data-dtm-region=\"articulo_cuerpo\">\n<p class=\"\">El 17 de agosto, en medio de la oleada de incendios, el presidente del Gobierno anunci\u00f3 la negociaci\u00f3n de un pacto de Estado por la emergencia clim\u00e1tica a partir de septiembre. El primer pas\u00f3 ser\u00e1 la creaci\u00f3n de la comisi\u00f3n interministerial para impulsarlo, anunciada para esta semana. Las personas que trabajamos en campos de la ciencia relacionados con dicha emergencia vemos en este pacto una oportunidad hist\u00f3rica. Espa\u00f1a tiene ante s\u00ed la posibilidad de ir todos a una: administraciones, partidos pol\u00edticos, empresas, sindicatos, comunidades aut\u00f3nomas, sociedad civil y sector cient\u00edfico. El reto es enorme y sist\u00e9mico por lo que para que este pacto sea realmente transformador, debe ser el m\u00e1ximo de transversal posible, pensado a largo plazo, m\u00e1s all\u00e1 de una legislatura y reconocer a la ciencia y a la naturaleza como sus ejes centrales. <\/p>\n<p class=\"\">La ciencia, como elemento y sector bidireccional, es clave. La ciencia puede situarnos en la senda de una acci\u00f3n clim\u00e1tica ambiciosa, efectiva y justa. La investigaci\u00f3n no solo nos alerta sobre los riesgos, sino que proporciona soluciones, herramientas y escenarios de acci\u00f3n que permiten orientar decisiones y pol\u00edticas. Para que Espa\u00f1a avance de manera efectiva en la lucha contra el cambio clim\u00e1tico, es imprescindible el refuerzo de la investigaci\u00f3n clim\u00e1tica, con financiaci\u00f3n estable para seguimiento de riesgos y la generaci\u00f3n de conocimiento \u00fatil para la prevenci\u00f3n y la adaptaci\u00f3n. M\u00e1s all\u00e1 de la investigaci\u00f3n, la ciencia debe tener un di\u00e1logo fluido y continuado con las administraciones, tanto central como auton\u00f3micas, y los centros de investigaci\u00f3n deben ocupar su espacio en la interfaz ciencia-pol\u00edtica. Por su parte, las administraciones deben garantizar el uso estrat\u00e9gico y sistem\u00e1tico de los recursos existentes y las estructuras consolidadas en el \u00e1mbito del asesoramiento cient\u00edfico con las que Espa\u00f1a ya cuenta \u2014como la Oficina Nacional de Asesoramiento Cient\u00edfico (ONAC) o el Consejo Asesor del Parlamento sobre Ciencia y Tecnolog\u00eda (CAPCIT) en Catalu\u00f1a\u2014 para pasar de un asesoramiento puntual o reactivo a una integraci\u00f3n continuada y transversal de la evidencia cient\u00edfica en todas las decisiones relevantes. Esta conexi\u00f3n efectiva entre ciencia y pol\u00edtica es clave para que las medidas sean m\u00e1s precisas, coherentes y adaptadas a la complejidad del reto. <\/p>\n<p class=\"\">Por otro lado, se tiene que poner el foco en la biodiversidad. El pacto de Estado debe mirar m\u00e1s all\u00e1 de la reducci\u00f3n de emisiones de gases de efecto invernadero, principalmente di\u00f3xido de carbono, la llamada visi\u00f3n de t\u00fanel del carbono. Debe abordar tambi\u00e9n la adaptaci\u00f3n al cambio y la prevenci\u00f3n de sus efectos negativos sobre las especies y los ecosistemas, incorporando soluciones basadas en la naturaleza: bosques gestionados de forma sostenible que reducen el riesgo de incendios catastr\u00f3ficos y protegen la biodiversidad; cuencas hidrogr\u00e1ficas planificadas de manera participativa que nos ayudan a afrontar sequ\u00edas e inundaciones; agricultura regenerativa para fortalecer la resiliencia de los sistemas rurales; y ciudades verdes y ecol\u00f3gicas que contribuyen a mitigar olas de calor y fen\u00f3menos extremos. La naturaleza no es un recurso opcional: es la base de nuestro bienestar y de la seguridad de nuestra sociedad. <\/p>\n<p class=\"\">Por \u00faltimo, el pacto de Estado debe ser integral y transversal, reconociendo la complejidad del desaf\u00edo clim\u00e1tico en los diversos sectores y escalas. No existen soluciones \u00fanicas; cada territorio y sector requiere medidas adaptadas a su contexto y escala temporal. La colaboraci\u00f3n entre gobiernos, administraciones locales y comunidades aut\u00f3nomas es esencial, as\u00ed como la participaci\u00f3n de la sociedad civil, las empresas y los sindicatos. La educaci\u00f3n, la comunicaci\u00f3n cient\u00edfica y la ciudadan\u00eda informada son herramientas indispensables para construir un consenso social que respalde las decisiones pol\u00edticas y facilite su implementaci\u00f3n. Solo una ciudadan\u00eda consciente y comprometida permitir\u00e1 que las pol\u00edticas se sostengan m\u00e1s all\u00e1 del corto plazo y las coyunturas electorales.<\/p>\n<p class=\"\">La evidencia cient\u00edfica nos indica que el tiempo juega en nuestra contra: cada a\u00f1o que retrasamos medidas ambiciosas, aumentan los riesgos y se agravan los impactos. No se trata solo de evitar da\u00f1os econ\u00f3micos o materiales, sino de proteger vidas humanas, preservar ecosistemas \u00fanicos y garantizar un futuro viable para las pr\u00f3ximas generaciones. Espa\u00f1a tiene la oportunidad de demostrar que la acci\u00f3n clim\u00e1tica no es solo una obligaci\u00f3n, sino tambi\u00e9n una oportunidad de liderazgo, innovaci\u00f3n y cohesi\u00f3n social. Cada decisi\u00f3n cuenta, cada inversi\u00f3n importa, cada pol\u00edtica bien dise\u00f1ada puede marcar la diferencia. Un pacto de Estado por la emergencia clim\u00e1tica no puede ser un ejercicio simb\u00f3lico; debe ser un acuerdo estructural y ambicioso, capaz de integrar ciencia, naturaleza y acci\u00f3n pol\u00edtica en una misma direcci\u00f3n.<\/p>\n<aside class=\"a_np\">\n<p>Al\u00edcia P\u00e9rez -Porro es jefa de interacci\u00f3n pol\u00edtica y relaciones institucionales del CREAF, y\u00a0Joan Pino es director del CREAF y catedr\u00e1tico de ecolog\u00eda de la UAB.<\/p>\n<\/aside>\n<\/div>\n\n","protected":false},"excerpt":{"rendered":"<p>El 17 de agosto, en medio de la oleada de incendios, el presidente del Gobierno anunci\u00f3 la negociaci\u00f3n de un pacto de Estado por la emergencia clim\u00e1tica a partir de septiembre. El primer pas\u00f3 ser\u00e1 la creaci\u00f3n de la comisi\u00f3n interministerial para impulsarlo, anunciada para esta semana. Las personas que trabajamos en campos de la &hellip;<\/p>\n","protected":false},"author":1,"featured_media":42152,"comment_status":"open","ping_status":"open","sticky":false,"template":"","format":"standard","meta":{"fifu_image_url":"https:\/\/imagenes.elpais.com\/resizer\/v2\/3GF453A6JBM4BOSDOHMJ35UBJU.jpg?auth=c9ccf06d0106d30f9610d0d9dec9b24d41f0049fffcff661deb6467da7755ae9&width=1200","fifu_image_alt":"","footnotes":""},"categories":[11],"tags":[],"class_list":["post-42150","post","type-post","status-publish","format-standard","has-post-thumbnail","","category-viaje"],"_links":{"self":[{"href":"https:\/\/noticiasveraces.com\/index.php?rest_route=\/wp\/v2\/posts\/42150","targetHints":{"allow":["GET"]}}],"collection":[{"href":"https:\/\/noticiasveraces.com\/index.php?rest_route=\/wp\/v2\/posts"}],"about":[{"href":"https:\/\/noticiasveraces.com\/index.php?rest_route=\/wp\/v2\/types\/post"}],"author":[{"embeddable":true,"href":"https:\/\/noticiasveraces.com\/index.php?rest_route=\/wp\/v2\/users\/1"}],"replies":[{"embeddable":true,"href":"https:\/\/noticiasveraces.com\/index.php?rest_route=%2Fwp%2Fv2%2Fcomments&post=42150"}],"version-history":[{"count":0,"href":"https:\/\/noticiasveraces.com\/index.php?rest_route=\/wp\/v2\/posts\/42150\/revisions"}],"wp:featuredmedia":[{"embeddable":true,"href":"https:\/\/noticiasveraces.com\/index.php?rest_route=\/wp\/v2\/media\/42152"}],"wp:attachment":[{"href":"https:\/\/noticiasveraces.com\/index.php?rest_route=%2Fwp%2Fv2%2Fmedia&parent=42150"}],"wp:term":[{"taxonomy":"category","embeddable":true,"href":"https:\/\/noticiasveraces.com\/index.php?rest_route=%2Fwp%2Fv2%2Fcategories&post=42150"},{"taxonomy":"post_tag","embeddable":true,"href":"https:\/\/noticiasveraces.com\/index.php?rest_route=%2Fwp%2Fv2%2Ftags&post=42150"}],"curies":[{"name":"wp","href":"https:\/\/api.w.org\/{rel}","templated":true}]}}