{"id":42116,"date":"2025-08-27T04:54:14","date_gmt":"2025-08-27T08:54:14","guid":{"rendered":"https:\/\/noticiasveraces.com\/?p=42116"},"modified":"2025-08-27T04:54:14","modified_gmt":"2025-08-27T08:54:14","slug":"ivan-cepeda-la-figura-de-izquierda-que-puede-sacudir-la-campana-presidencial-en-colombia","status":"publish","type":"post","link":"https:\/\/noticiasveraces.com\/?p=42116","title":{"rendered":"Iv\u00e1n Cepeda, la figura de izquierda que puede sacudir la campa\u00f1a presidencial en Colombia"},"content":{"rendered":"<p> \n<br \/><img decoding=\"async\" src=\"https:\/\/s.france24.com\/media\/display\/34b010e4-82d9-11f0-b033-005056bfb2b6\/w:1024\/p:16x9\/AA-5.jpg\" \/><br \/>Iv\u00e1n Cepeda emerge como una figura relativamente inesperada en un periodo preelectoral sacudido por las pol\u00e9micas en el Gobierno de Gustavo Petro, con una derecha en reconstrucci\u00f3n y un ambiente de creciente violencia pol\u00edtica.\u00a0\u201cEl \u00fanico camino que tiene un pa\u00eds como Colombia, que viene de casi siete d\u00e9cadas de violencia, es buscar la paz mediante el di\u00e1logo y enfrentando a los grupos armados que no tienen voluntad de paz\u201d, dijo Cepeda a France 24.<br \/>\n<br \/>\n","protected":false},"excerpt":{"rendered":"<p>Iv\u00e1n Cepeda emerge como una figura relativamente inesperada en un periodo preelectoral sacudido por las pol\u00e9micas en el Gobierno de Gustavo Petro, con una derecha en reconstrucci\u00f3n y un ambiente de creciente violencia pol\u00edtica.\u00a0\u201cEl \u00fanico camino que tiene un pa\u00eds como Colombia, que viene de casi siete d\u00e9cadas de violencia, es buscar la paz mediante &hellip;<\/p>\n","protected":false},"author":1,"featured_media":42118,"comment_status":"open","ping_status":"open","sticky":false,"template":"","format":"standard","meta":{"fifu_image_url":"https:\/\/s.france24.com\/media\/display\/34b010e4-82d9-11f0-b033-005056bfb2b6\/w:1024\/p:16x9\/AA-5.jpg","fifu_image_alt":"","footnotes":""},"categories":[13],"tags":[],"class_list":["post-42116","post","type-post","status-publish","format-standard","has-post-thumbnail","","category-mundo"],"_links":{"self":[{"href":"https:\/\/noticiasveraces.com\/index.php?rest_route=\/wp\/v2\/posts\/42116","targetHints":{"allow":["GET"]}}],"collection":[{"href":"https:\/\/noticiasveraces.com\/index.php?rest_route=\/wp\/v2\/posts"}],"about":[{"href":"https:\/\/noticiasveraces.com\/index.php?rest_route=\/wp\/v2\/types\/post"}],"author":[{"embeddable":true,"href":"https:\/\/noticiasveraces.com\/index.php?rest_route=\/wp\/v2\/users\/1"}],"replies":[{"embeddable":true,"href":"https:\/\/noticiasveraces.com\/index.php?rest_route=%2Fwp%2Fv2%2Fcomments&post=42116"}],"version-history":[{"count":0,"href":"https:\/\/noticiasveraces.com\/index.php?rest_route=\/wp\/v2\/posts\/42116\/revisions"}],"wp:featuredmedia":[{"embeddable":true,"href":"https:\/\/noticiasveraces.com\/index.php?rest_route=\/wp\/v2\/media\/42118"}],"wp:attachment":[{"href":"https:\/\/noticiasveraces.com\/index.php?rest_route=%2Fwp%2Fv2%2Fmedia&parent=42116"}],"wp:term":[{"taxonomy":"category","embeddable":true,"href":"https:\/\/noticiasveraces.com\/index.php?rest_route=%2Fwp%2Fv2%2Fcategories&post=42116"},{"taxonomy":"post_tag","embeddable":true,"href":"https:\/\/noticiasveraces.com\/index.php?rest_route=%2Fwp%2Fv2%2Ftags&post=42116"}],"curies":[{"name":"wp","href":"https:\/\/api.w.org\/{rel}","templated":true}]}}