{"id":42099,"date":"2025-08-26T23:30:02","date_gmt":"2025-08-27T03:30:02","guid":{"rendered":"https:\/\/noticiasveraces.com\/?p=42099"},"modified":"2025-08-26T23:30:02","modified_gmt":"2025-08-27T03:30:02","slug":"microsoft-organiza-la-conferencia-de-prensa-de-emergencia-despues-de-los-manifestantes-storm-a-building","status":"publish","type":"post","link":"https:\/\/noticiasveraces.com\/?p=42099","title":{"rendered":"Microsoft organiza la conferencia de prensa de emergencia despu\u00e9s de los manifestantes &#8216;Storm A Building&#8217;"},"content":{"rendered":"<p> \n<\/p>\n<div>\n<p class=\"duet--article--dangerously-set-cms-markup duet--article--standard-paragraph _1ymtmqpi _17nnmdy1 _17nnmdy0 _1xwtict1\">El presidente de Microsoft, Brad Smith, organiz\u00f3 una conferencia de prensa improvisada el martes por la tarde, solo unas horas despu\u00e9s de que los manifestantes obtuvieron acceso a un edificio en la sede de la compa\u00f1\u00eda y realizaron una manifestaci\u00f3n sentada dentro de su oficina.<\/p>\n<\/div>\n<div>\n<p class=\"duet--article--dangerously-set-cms-markup duet--article--standard-paragraph _1ymtmqpi _17nnmdy1 _17nnmdy0 _1xwtict1\">Sentado en el borde de su escritorio, en la oficina que hab\u00eda sido ocupado por manifestantes ese d\u00eda, Smith se dirigi\u00f3 a un grupo de reporteros y espectadores en una transmisi\u00f3n en vivo. \u00abObviamente, este fue un d\u00eda inusual\u00bb, dijo, la c\u00e1mara temblando mientras hablaba.<\/p>\n<\/div>\n<div>\n<p class=\"duet--article--dangerously-set-cms-markup duet--article--standard-paragraph _1ymtmqpi _17nnmdy1 _17nnmdy0 _1xwtict1\">Los manifestantes fueron parte del grupo No Azure for Apartheid, que en varias ocasiones este a\u00f1o interrumpi\u00f3 las presentaciones p\u00fablicas de Microsoft para exigir que la compa\u00f1\u00eda rescinda todos los contratos con el gobierno y el ej\u00e9rcito israel\u00edes.<\/p>\n<\/div>\n<div>\n<p class=\"duet--article--dangerously-set-cms-markup duet--article--standard-paragraph _1ymtmqpi _17nnmdy1 _17nnmdy0 _1xwtict1\">Smith dijo que Microsoft est\u00e1 \u00abcomprometido a garantizar que sus principios de derechos humanos y sus t\u00e9rminos contractuales de servicio se mantengan en el Medio Oriente\u00bb. Dijo que la compa\u00f1\u00eda lanz\u00f3 una investigaci\u00f3n a principios de este mes despu\u00e9s del <em>Guardi\u00e1n <\/em>inform\u00f3 que la plataforma Cloud Azure de Microsoft se estaba utilizando para la vigilancia de los palestinos. Smith dijo que Microsoft no estuvo de acuerdo con algunos de los hallazgos del informe, pero que otros justificaron la investigaci\u00f3n.<\/p>\n<\/div>\n<div>\n<p class=\"duet--article--dangerously-set-cms-markup duet--article--standard-paragraph _1ymtmqpi _17nnmdy1 _17nnmdy0 _1xwtict1\">\u00abEstamos trabajando todos los d\u00edas para llegar al fondo de lo que est\u00e1 sucediendo, y lo haremos\u00bb, dijo Smith.<\/p>\n<\/div>\n<div>\n<p class=\"duet--article--dangerously-set-cms-markup duet--article--standard-paragraph _1ymtmqpi _17nnmdy1 _17nnmdy0 _1xwtict1\">Un organizador de No Azure para el apartheid, Abdo Mohamed, dijo hoy <em>El borde<\/em> Que los empleados de Microsoft Riki Fameli y Anna Hattle fueran parte de la protesta. A ellos se unieron los ex empleados de Microsoft Vaniya Agrawal, Hossam Nasr y Joe L\u00f3pez.<\/p>\n<\/div>\n<div>\n<p class=\"duet--article--dangerously-set-cms-markup duet--article--standard-paragraph _1ymtmqpi _17nnmdy1 _17nnmdy0 _1xwtict1\">Smith dijo que siete personas en total estaban involucradas con las protestas de hoy, y dos de ellas eran empleados de Microsoft. La gente fue retirada por la polic\u00eda de Redmond, dijo.<\/p>\n<\/div>\n<div>\n<p class=\"duet--article--dangerously-set-cms-markup duet--article--standard-paragraph _1ymtmqpi _17nnmdy1 _17nnmdy0 _1xwtict1\">\u00abCuando siete personas hacen lo que hicieron hoy, asaltaron un edificio, ocupan una oficina, bloquean a otras personas de la oficina, plantan dispositivos de escucha, incluso en forma cruda, en forma de tel\u00e9fonos, tel\u00e9fonos celulares escondidos debajo de los sof\u00e1s y detr\u00e1s de los libros, eso no est\u00e1 bien\u00bb, dijo Smith. \u00abCuando se les pide que se vayan y se negaron, eso no est\u00e1 bien\u00bb.<\/p>\n<\/div>\n\n","protected":false},"excerpt":{"rendered":"<p>El presidente de Microsoft, Brad Smith, organiz\u00f3 una conferencia de prensa improvisada el martes por la tarde, solo unas horas despu\u00e9s de que los manifestantes obtuvieron acceso a un edificio en la sede de la compa\u00f1\u00eda y realizaron una manifestaci\u00f3n sentada dentro de su oficina. Sentado en el borde de su escritorio, en la oficina &hellip;<\/p>\n","protected":false},"author":1,"featured_media":42100,"comment_status":"open","ping_status":"open","sticky":false,"template":"","format":"standard","meta":{"fifu_image_url":"https:\/\/platform.theverge.com\/wp-content\/uploads\/sites\/2\/2025\/08\/Screenshot-2025-08-26-at-7.26.46%E2%80%AFPM.png?quality=90&strip=all&crop=0%2C3.8212651564845%2C100%2C92.357469687031&w=1200","fifu_image_alt":"","footnotes":""},"categories":[2],"tags":[],"class_list":["post-42099","post","type-post","status-publish","format-standard","has-post-thumbnail","","category-tecnologia"],"_links":{"self":[{"href":"https:\/\/noticiasveraces.com\/index.php?rest_route=\/wp\/v2\/posts\/42099","targetHints":{"allow":["GET"]}}],"collection":[{"href":"https:\/\/noticiasveraces.com\/index.php?rest_route=\/wp\/v2\/posts"}],"about":[{"href":"https:\/\/noticiasveraces.com\/index.php?rest_route=\/wp\/v2\/types\/post"}],"author":[{"embeddable":true,"href":"https:\/\/noticiasveraces.com\/index.php?rest_route=\/wp\/v2\/users\/1"}],"replies":[{"embeddable":true,"href":"https:\/\/noticiasveraces.com\/index.php?rest_route=%2Fwp%2Fv2%2Fcomments&post=42099"}],"version-history":[{"count":0,"href":"https:\/\/noticiasveraces.com\/index.php?rest_route=\/wp\/v2\/posts\/42099\/revisions"}],"wp:featuredmedia":[{"embeddable":true,"href":"https:\/\/noticiasveraces.com\/index.php?rest_route=\/wp\/v2\/media\/42100"}],"wp:attachment":[{"href":"https:\/\/noticiasveraces.com\/index.php?rest_route=%2Fwp%2Fv2%2Fmedia&parent=42099"}],"wp:term":[{"taxonomy":"category","embeddable":true,"href":"https:\/\/noticiasveraces.com\/index.php?rest_route=%2Fwp%2Fv2%2Fcategories&post=42099"},{"taxonomy":"post_tag","embeddable":true,"href":"https:\/\/noticiasveraces.com\/index.php?rest_route=%2Fwp%2Fv2%2Ftags&post=42099"}],"curies":[{"name":"wp","href":"https:\/\/api.w.org\/{rel}","templated":true}]}}