{"id":42094,"date":"2025-08-26T22:48:04","date_gmt":"2025-08-27T02:48:04","guid":{"rendered":"https:\/\/noticiasveraces.com\/?p=42094"},"modified":"2025-08-26T22:48:04","modified_gmt":"2025-08-27T02:48:04","slug":"francia-al-borde-de-su-quinto-primer-ministro-en-20-meses-dw-26-08-2025","status":"publish","type":"post","link":"https:\/\/noticiasveraces.com\/?p=42094","title":{"rendered":"Francia, al borde de su quinto primer ministro en 20 meses \u2013 DW \u2013 26\/08\/2025"},"content":{"rendered":"<p> \n<\/p>\n<div data-tracking-name=\"rich-text\" data-tracking-skip=\"true\">\n<p>Cuando Fran\u00e7ois Bayrou compareci\u00f3 este lunes ante la prensa, se mostr\u00f3 m\u00e1s sereno de lo que cabr\u00eda esperar de un pol\u00edtico en la cuerda floja: voz tranquila, mirada seria. Dijo haber pedido al presidente que convocara al Parlamento a una sesi\u00f3n extraordinaria el 8 de septiembre para plantear una moci\u00f3n de confianza antes del inicio de los debates presupuestarios.<\/p>\n<p>Con esta decisi\u00f3n sorpresiva, el primer ministro busca respaldo para el presupuesto de austeridad proyectado, que genera un fuerte rechazo en Francia. El Gobierno minoritario planea recortes de unos 44.000 millones de euros para reducir en 2026 el d\u00e9ficit al 4,6 % del PIB, todav\u00eda lejos de los criterios de la UE. Entre las medidas simb\u00f3licas est\u00e1 incluso la eliminaci\u00f3n de dos d\u00edas festivos.<\/p>\n<p>Con la moci\u00f3n de confianza, Bayrou da un paso que no solo pone en riesgo su propia carrera. Si fracasa, el presidente Emmanuel Macron tendr\u00eda que sustituir en unos 600 d\u00edas a su cuarto premier y nombrar a un quinto jefe de Gobierno, tras \u00c9lisabeth Borne, Gabriel Attal y Michel Barnier. Un desgaste comparable \u00fanicamente con los a\u00f1os de crisis de la Tercera Rep\u00fablica.<\/p>\n<h2>Pol\u00edtica interna de Francia: \u00bfcomo en 1932\/33?<\/h2>\n<p>A comienzos de los a\u00f1os treinta, Francia tambaleaba por las secuelas de la Gran Depresi\u00f3n. Los Gobiernos se suced\u00edan y los primeros ministros ca\u00edan casi cada mes. Entre 1932 y 1933, la Tercera Rep\u00fablica quem\u00f3 seis jefes de Gobierno, un r\u00e9cord que evidenci\u00f3 su par\u00e1lisis pol\u00edtica.<\/p>\n<p>La causa era casi siempre la misma: la disputa sobre el presupuesto, la \u00abprerrogativa real\u00bb del Parlamento. Cada intento de cuadrar las cuentas fracasaba ante la resistencia de los diputados. Subidas de impuestos, recortes, contribuciones extraordinarias: todos los planes se estrellaban. El presupuesto se convirti\u00f3 en una piedra de tropiezo que erosion\u00f3 la confianza en la democracia y paraliz\u00f3 a la Tercera Rep\u00fablica.<\/p>\n<p><span data-slot-id=\"Article_InContent-1\" class=\"rich-text-ad\"\/><\/p>\n<h2>El Dilema de Bayrou<\/h2>\n<p>Noventa a\u00f1os despu\u00e9s, ciertas cosas suenan familiares. Francia carga con una deuda de m\u00e1s de 3 billones de euros, cuyos intereses se llevan cada a\u00f1o decenas de miles de millones del presupuesto. Bruselas exige disciplina y los mercados financieros observan a la pol\u00edtica parisina con lupa.<\/p>\n<p>Tras el anuncio de Bayrou, la Bolsa reaccion\u00f3 con ca\u00eddas y subieron las primas de riesgo de la deuda p\u00fablica, que este mes incluso superaron temporalmente el nivel de Grecia. Sin un plan de consolidaci\u00f3n cre\u00edble, Par\u00eds se expone a una rebaja de calificaci\u00f3n.<\/p>\n<p>El Gobierno apuesta por un presupuesto que combina recortes de subvenciones, contenci\u00f3n del gasto social y alzas moderadas de impuestos para los m\u00e1s ricos: un \u00abajuste <em>luz<\/em>\u00ab, como reclaman economistas desde hace a\u00f1os. Pero el problema no est\u00e1 en las cifras, sino en el Parlamento.<\/p>\n<h2>La oposici\u00f3n francesa: unida contra el premier<\/h2>\n<p>Desde las elecciones del verano de 2024, el Gobierno no cuenta con mayor\u00eda absoluta en un Parlamento dividido en tres grandes bloques: la extrema derecha de\u00a0Rassemblement National (RN), el centro que respalda al presidente y la coalici\u00f3n de izquierda.<\/p>\n<p>RN apuesta abiertamente por nuevas elecciones. \u00abVotaremos en contra de la moci\u00f3n de confianza. Solo una disoluci\u00f3n dar\u00e1 a los franceses la oportunidad de decidir sobre su futuro\u00bb, declar\u00f3 Marine Le Pen en la plataforma X, aunque probablemente no podr\u00eda presentarse de nuevo tras un proceso judicial. En lugar de recortes, RN reclama inversiones en polic\u00eda, ej\u00e9rcito y poder adquisitivo, financiadas con m\u00e1s deuda.<\/p>\n<p>Desde la izquierda tambi\u00e9n critican que Bayrou haya elegido la palanca equivocada. La izquierda populista de La France Insoumise (LFI) convoca el 10 de septiembre a una protesta similar a una huelga general. Pero tambi\u00e9n verdes, comunistas y socialistas excluyen ya cualquier apoyo al premier, por lo que actualmente no se vislumbra una mayor\u00eda para Bayrou. El l\u00edder socialista Olivier Faure tach\u00f3 el plan de un \u00abpresupuesto injusto\u00bb y prometi\u00f3 en televisi\u00f3n un \u00abpresupuesto alternativo\u00bb, previsiblemente con nuevos impuestos a grandes empresas y patrimonios.<\/p>\n<figure class=\"placeholder-image master_landscape big\"><img data-format=\"MASTER_LANDSCAPE\" data-id=\"70391053\" data-url=\"https:\/\/static.dw.com\/image\/70391053_${formatId}.jpg\" data-aspect-ratio=\"16\/9\" alt=\"Mucha gente protesta con numerosas pancartas.\" style=\"padding-bottom: 56.25%; height: 0; max-height: 0;\"\/><figcaption class=\"img-caption\">Los sindicatos protestan contra el presidente Macron (octubre de 2024).<small class=\"copyright\">Imagen: Alain Pitton\/Nurphoto\/Imelo<\/small><\/figcaption><\/figure>\n<p>En el campo conservador tampoco hay consenso sobre la austeridad. Xavier Bertrand, presidente de la regi\u00f3n Hauts-de-France, advirti\u00f3 contra una carga excesiva para las clases medias. Un ajuste demasiado severo, temen, no resolver\u00eda los problemas de deuda y reforzar\u00eda \u00fanicamente al RN, que lidera en las encuestas.<\/p>\n<h2>El Gobierno\u00a0advierte sobre una intervenci\u00f3n del FMI<\/h2>\n<p>El Ejecutivo busca apoyo y, al mismo tiempo, advierte de las consecuencias de un fracaso. El ministro de Finanzas \u00c9ric Lombard declar\u00f3 este martes en la radio francesa que no se pretende \u00abhacer pol\u00edtica del miedo\u00bb, pero que el riesgo es real: en el peor escenario, incluso el Fondo Monetario Internacional podr\u00eda intervenir.<\/p>\n<p>\u00abNuestra responsabilidad es mantener la confianza de los mercados. Estamos en la senda\u00bb, asegur\u00f3 Lombard, aunque advirti\u00f3 de la creciente carga de intereses. Ya ahora, dijo, Francia corre el riesgo de pagar pronto m\u00e1s por sus cr\u00e9ditos que Italia.<\/p>\n<p>Para 2026 anunci\u00f3 un \u00abpresupuesto de saneamiento y equidad\u00bb. Se prev\u00e9n recortes de 44.000 millones de euros. Los que tienen hombros m\u00e1s fuertes deber\u00edan contribuir m\u00e1s, de modo que la poblaci\u00f3n perciba que el ajuste es justo. \u00abLos franceses deben ver que el sacrificio se comparte\u00bb, dijo.<\/p>\n<h2>Fran\u00e7ois Bayrou: un premier en la cuerda floja<\/h2>\n<p>Bayrou est\u00e1 en un callej\u00f3n sin salida. Sin recortes dr\u00e1sticos, pierde la confianza de los mercados. Con ellos, no logra mayor\u00eda en el Parlamento para el presupuesto 2026. La moci\u00f3n de confianza es, por tanto, tambi\u00e9n una apuesta por la estabilidad de todo el sistema.<\/p>\n<p>Si fracasa el 8 de septiembre, el presidente Macron, que respalda expresamente el plan de austeridad, enfrentar\u00e1 decisiones dif\u00edciles. \u00bfConvoca de nuevo elecciones parlamentarias tras apenas un a\u00f1o? \u00bfNombra un Gobierno de expertos o un primer ministro de otra corriente pol\u00edtica? \u00bfO incluso, a un a\u00f1o y medio de la elecci\u00f3n presidencial, pone en cuesti\u00f3n su propio mandato y allana el camino a un relevo anticipado en el poder?<\/p>\n<p>Por el momento, sin embargo, la pregunta central sigue sin respuesta: \u00bfc\u00f3mo gobernar un pa\u00eds cuyas finanzas se descontrolan si ninguna mayor\u00eda est\u00e1 dispuesta a asumir las cargas?<\/p>\n<p>(GG\/RML)<\/p>\n<\/div>\n\n","protected":false},"excerpt":{"rendered":"<p>Cuando Fran\u00e7ois Bayrou compareci\u00f3 este lunes ante la prensa, se mostr\u00f3 m\u00e1s sereno de lo que cabr\u00eda esperar de un pol\u00edtico en la cuerda floja: voz tranquila, mirada seria. Dijo haber pedido al presidente que convocara al Parlamento a una sesi\u00f3n extraordinaria el 8 de septiembre para plantear una moci\u00f3n de confianza antes del inicio &hellip;<\/p>\n","protected":false},"author":1,"featured_media":42095,"comment_status":"open","ping_status":"open","sticky":false,"template":"","format":"standard","meta":{"fifu_image_url":"https:\/\/static.dw.com\/image\/73770842_6.jpg","fifu_image_alt":"","footnotes":""},"categories":[13],"tags":[],"class_list":["post-42094","post","type-post","status-publish","format-standard","has-post-thumbnail","","category-mundo"],"_links":{"self":[{"href":"https:\/\/noticiasveraces.com\/index.php?rest_route=\/wp\/v2\/posts\/42094","targetHints":{"allow":["GET"]}}],"collection":[{"href":"https:\/\/noticiasveraces.com\/index.php?rest_route=\/wp\/v2\/posts"}],"about":[{"href":"https:\/\/noticiasveraces.com\/index.php?rest_route=\/wp\/v2\/types\/post"}],"author":[{"embeddable":true,"href":"https:\/\/noticiasveraces.com\/index.php?rest_route=\/wp\/v2\/users\/1"}],"replies":[{"embeddable":true,"href":"https:\/\/noticiasveraces.com\/index.php?rest_route=%2Fwp%2Fv2%2Fcomments&post=42094"}],"version-history":[{"count":0,"href":"https:\/\/noticiasveraces.com\/index.php?rest_route=\/wp\/v2\/posts\/42094\/revisions"}],"wp:featuredmedia":[{"embeddable":true,"href":"https:\/\/noticiasveraces.com\/index.php?rest_route=\/wp\/v2\/media\/42095"}],"wp:attachment":[{"href":"https:\/\/noticiasveraces.com\/index.php?rest_route=%2Fwp%2Fv2%2Fmedia&parent=42094"}],"wp:term":[{"taxonomy":"category","embeddable":true,"href":"https:\/\/noticiasveraces.com\/index.php?rest_route=%2Fwp%2Fv2%2Fcategories&post=42094"},{"taxonomy":"post_tag","embeddable":true,"href":"https:\/\/noticiasveraces.com\/index.php?rest_route=%2Fwp%2Fv2%2Ftags&post=42094"}],"curies":[{"name":"wp","href":"https:\/\/api.w.org\/{rel}","templated":true}]}}