{"id":42084,"date":"2025-08-26T21:47:07","date_gmt":"2025-08-27T01:47:07","guid":{"rendered":"https:\/\/noticiasveraces.com\/?p=42084"},"modified":"2025-08-26T21:47:07","modified_gmt":"2025-08-27T01:47:07","slug":"anuncian-gran-reunion-sobre-gaza-el-miercoles-en-ee-uu-dw-27-08-2025","status":"publish","type":"post","link":"https:\/\/noticiasveraces.com\/?p=42084","title":{"rendered":"Anuncian \u00abgran reuni\u00f3n\u00bb sobre Gaza el mi\u00e9rcoles en EE.UU. \u2013 DW \u2013 27\/08\/2025"},"content":{"rendered":"<p> \n<\/p>\n<div data-tracking-name=\"rich-text\" data-tracking-skip=\"true\">\n<p>El presidente de Estados Unidos, Donald Trump, organizar\u00e1 una reuni\u00f3n el mi\u00e9rcoles (27.08.2025) sobre planes para Gaza despu\u00e9s de la guerra, dijo su enviado Steve Witkoff el martes.<\/p>\n<p>\u00abTenemos una gran reuni\u00f3n en la Casa Blanca ma\u00f1ana, presidida por el presidente, y es (sobre) un plan muy completo que estamos elaborando para el d\u00eda despu\u00e9s\u00bb, dijo Witkoff en una entrevista con Fox News, sin ofrecer m\u00e1s detalles.<\/p>\n<p>Witkoff no dio detalles sobre los funcionarios o invitados a la reuni\u00f3n, pero agreg\u00f3 que existe \u00aboptimismo\u00bb respecto a que la Administraci\u00f3n Trump encuentre un camino que permita poner fin al conflicto\u00a0en 2026.<\/p>\n<p>Este martes, durante una reuni\u00f3n de gabinete\u00a0que se extendi\u00f3 por m\u00e1s de tres horas, Trump asegur\u00f3 que no ve un \u00abfinal concluyente\u00bb para el conflicto entre Israel y los palestinos a corto plazo, pese a que 24 horas antes hab\u00eda dicho lo contrario. <\/p>\n<p>\u00abNo hay nada concluyente. Esto lleva mucho tiempo ocurriendo\u00bb, dijo Trump durante una reuni\u00f3n de gabinete, cuando fue cuestionado por reporteros sobre las posibilidad de encontrar acuerdos. <\/p>\n<p>Por su parte, la organizaci\u00f3n Human Rigth Watch (HRW) consider\u00f3 este martes, en un comunicado que el Ej\u00e9rcito de Estados Unidos \u00abpuede enfrentarse a consecuencias legales\u00bb por haber presentado asistencia a las fuerzas armadas de Israel en comisi\u00f3n de cr\u00edmenes de guerra en Gaza.<\/p>\n<p>La guerra en Gaza se desencaden\u00f3 por el ataque del movimiento islamista palestino\u00a0Ham\u00e1s contra Israel en octubre de 2023, que caus\u00f3 la muerte de 1.219 personas, en su mayor\u00eda civiles, seg\u00fan un recuento basado en cifras oficiales.<\/p>\n<p>Ham\u00e1s es un grupo considerado terrorista por Israel, Estados Unidos, la Uni\u00f3n Europea y otros pa\u00edses.<\/p>\n<p>GS (AFP, Reuters)<\/p>\n<div class=\"vjs-wrapper embed big\">\n<h2 aria-label=\"Video integrado \u2014 El reportero - Gaza: censurada\" class=\"headline\"><svg xmlns=\"http:\/\/www.w3.org\/2000\/svg\" viewbox=\"0 0 20 20\"><g fill-rule=\"evenodd\"><path d=\"M14.114 7.599H13.5l.002 4.706h.601l4.582 3.25-.005-11.11zM11.084 4.444l-9.007.002-1.336.797.002 9.514 1.334.793 9.007.006 1.509-.799-.004-9.516z\"\/><\/g><\/svg>El reportero &#8211; Gaza: censurada<\/h2>\n<p><video id=\"video-73736804\" controls=\"\" playsinline=\"\" preload=\"none\" poster=\"data:image\/png;base64,iVBORw0KGgoAAAANSUhEUgAAAAEAAAABCAQAAAC1HAwCAAAAC0lEQVR42mNkYAAAAAYAAjCB0C8AAAAASUVORK5CYII=\" data-id=\"73736804\" data-posterurl=\"https:\/\/static.dw.com\/image\/73737477_605.webp\" data-duration=\"12:34\"><source src=\"https:\/\/hlsvod.dw.com\/i\/dwtv_video\/flv\/repos\/repos20250823_GesamtHD_,AVC_480x270,AVC_512x288,AVC_640x360,AVC_960x540,AVC_1280x720,AVC_1920x1080,.mp4.csmil\/master.m3u8\" type=\"application\/x-mpegURL\"><source src=\"https:\/\/tvdownloaddw-a.akamaihd.net\/dwtv_video\/flv\/repos\/repos20250823_GesamtHD_AVC_1920x1080.mp4\" type=\"video\/mp4\"><track src=\"https:\/\/www.dw.com\/media\/subtitles\/73775948\" srclang=\"es\" label=\"SPANISH\" default=\"\"><p class=\"vjs-no-js\">Para ver este video, habilite JavaScript y considere actualizar a un navegador web que admite el video HTML5<\/p>\n<\/track><\/source><\/source><\/video><\/div>\n<\/div>\n\n","protected":false},"excerpt":{"rendered":"<p>El presidente de Estados Unidos, Donald Trump, organizar\u00e1 una reuni\u00f3n el mi\u00e9rcoles (27.08.2025) sobre planes para Gaza despu\u00e9s de la guerra, dijo su enviado Steve Witkoff el martes. \u00abTenemos una gran reuni\u00f3n en la Casa Blanca ma\u00f1ana, presidida por el presidente, y es (sobre) un plan muy completo que estamos elaborando para el d\u00eda despu\u00e9s\u00bb, &hellip;<\/p>\n","protected":false},"author":1,"featured_media":42085,"comment_status":"open","ping_status":"open","sticky":false,"template":"","format":"standard","meta":{"fifu_image_url":"https:\/\/static.dw.com\/image\/73769066_6.jpg","fifu_image_alt":"","footnotes":""},"categories":[13],"tags":[],"class_list":["post-42084","post","type-post","status-publish","format-standard","has-post-thumbnail","","category-mundo"],"_links":{"self":[{"href":"https:\/\/noticiasveraces.com\/index.php?rest_route=\/wp\/v2\/posts\/42084","targetHints":{"allow":["GET"]}}],"collection":[{"href":"https:\/\/noticiasveraces.com\/index.php?rest_route=\/wp\/v2\/posts"}],"about":[{"href":"https:\/\/noticiasveraces.com\/index.php?rest_route=\/wp\/v2\/types\/post"}],"author":[{"embeddable":true,"href":"https:\/\/noticiasveraces.com\/index.php?rest_route=\/wp\/v2\/users\/1"}],"replies":[{"embeddable":true,"href":"https:\/\/noticiasveraces.com\/index.php?rest_route=%2Fwp%2Fv2%2Fcomments&post=42084"}],"version-history":[{"count":0,"href":"https:\/\/noticiasveraces.com\/index.php?rest_route=\/wp\/v2\/posts\/42084\/revisions"}],"wp:featuredmedia":[{"embeddable":true,"href":"https:\/\/noticiasveraces.com\/index.php?rest_route=\/wp\/v2\/media\/42085"}],"wp:attachment":[{"href":"https:\/\/noticiasveraces.com\/index.php?rest_route=%2Fwp%2Fv2%2Fmedia&parent=42084"}],"wp:term":[{"taxonomy":"category","embeddable":true,"href":"https:\/\/noticiasveraces.com\/index.php?rest_route=%2Fwp%2Fv2%2Fcategories&post=42084"},{"taxonomy":"post_tag","embeddable":true,"href":"https:\/\/noticiasveraces.com\/index.php?rest_route=%2Fwp%2Fv2%2Ftags&post=42084"}],"curies":[{"name":"wp","href":"https:\/\/api.w.org\/{rel}","templated":true}]}}