{"id":42076,"date":"2025-08-26T20:45:05","date_gmt":"2025-08-27T00:45:05","guid":{"rendered":"https:\/\/noticiasveraces.com\/?p=42076"},"modified":"2025-08-26T20:45:05","modified_gmt":"2025-08-27T00:45:05","slug":"iran-pide-a-europa-y-onu-decision-correcta-sobre-sanciones-dw-27-08-2025","status":"publish","type":"post","link":"https:\/\/noticiasveraces.com\/?p=42076","title":{"rendered":"Ir\u00e1n pide a Europa y ONU \u00abdecisi\u00f3n correcta\u00bb sobre sanciones \u2013 DW \u2013 27\/08\/2025"},"content":{"rendered":"<p> \n<\/p>\n<div data-tracking-name=\"rich-text\" data-tracking-skip=\"true\">\n<p>Ir\u00e1n inst\u00f3 este martes (26.08.2025) a las potencias europeas y al Consejo de Seguridad de la ONU a tomar la \u00abdecisi\u00f3n correcta\u00bb tras nuevas conversaciones celebradas el martes en Ginebra para impedir el restablecimiento de las sanciones internacionales previstas en el acuerdo nuclear de 2015.<\/p>\n<p>\u00abYa es hora de que el E3 (Alemania, Francia y Reino Unido) y el Consejo de Seguridad de las Naciones Unidas tomen la decisi\u00f3n correcta y den tiempo y espacio a la diplomacia\u00bb, declar\u00f3 en X el viceministro de Relaciones Exteriores de Ir\u00e1n, Kazem Qaribabadi, que particip\u00f3 en las negociaciones.<\/p>\n<p>\u00abSe convino que los contactos entre las partes contin\u00faen en los pr\u00f3ximos d\u00edas\u00bb, declar\u00f3 por su lado el portavoz del ministerio iran\u00ed de Relaciones\u00a0 exteriores, Esmaeil Baqaei, a la televisi\u00f3n estatal.<\/p>\n<p>Los tres pa\u00edses europeos &#8211;el E3 en lenguaje diplom\u00e1tico&#8211; amenazan con activar en oto\u00f1o el mecanismo de restablecimiento autom\u00e1tico de sanciones internacionales (\u00absnapback\u00bb) contra Ir\u00e1n, previsto en el acuerdo nuclear iran\u00ed de 2015, en caso de que no se alcance una soluci\u00f3n negociada.<\/p>\n<p>Este acuerdo, conocido como JCPOA, establec\u00eda importantes restricciones al programa nuclear iran\u00ed a cambio de un levantamiento progresivo de las sanciones de la ONU.<\/p>\n<p>\u00abNuestra prioridad es impedir cualquier acci\u00f3n o incidente que pueda costarle caro al pa\u00eds\u00bb, afirm\u00f3 el portavoz del Ministerio de Relaciones Exteriores, Esmail Baqai, en una rueda de prensa semanal, antes de las conversaciones en Ginebra.<\/p>\n<p><span data-slot-id=\"Article_InContent-1\" class=\"rich-text-ad\"\/><\/p>\n<h2>Temor a un arma nuclear iran\u00ed<\/h2>\n<p>Los europeos retomaron el di\u00e1logo con Teher\u00e1n a finales de julio sobre su programa nuclear durante una reuni\u00f3n en Estambul, la primera tras la guerra de 12 d\u00edas entre Israel e Ir\u00e1n desencadenada el 13 de junio por un ataque israel\u00ed contra instalaciones nucleares y militares iran\u00edes.<\/p>\n<p>Las potencias occidentales temen que Ir\u00e1n desarrolle un arma nuclear, algo que las autoridades iran\u00edes niegan.<\/p>\n<p>Estados Unidos se retir\u00f3 unilateralmente del JCPOA en 2018 y reimpuso sus sanciones, pero los miembros del E3 reafirmaron su compromiso con el texto de 2015 y su voluntad de mantener los intercambios comerciales con Ir\u00e1n.<\/p>\n<p>Las sanciones de la ONU y los pa\u00edses europeos, por tanto, no fueron restablecidas.<\/p>\n<h2>Europeos dicen que Teher\u00e1n incumpli\u00f3<\/h2>\n<p>Pero los europeos acusan a Teher\u00e1n de no haber cumplido con sus compromisos y amenazan con restablecerlas antes de la expiraci\u00f3n, en octubre, de una cl\u00e1usula del acuerdo que lo permite. Propusieron a Teher\u00e1n prorrogar este plazo si Ir\u00e1n retoma las conversaciones con Washington y restablece su cooperaci\u00f3n con el Organismo Internacional de la Energ\u00eda At\u00f3mica (OIEA).<\/p>\n<p>\u00abNo permitiremos que esta cuesti\u00f3n se convierta en un instrumento de guerra psicol\u00f3gica contra (&#8230;) nuestros ciudadanos\u00bb, advirti\u00f3 Baqai.<\/p>\n<p>El canciller iran\u00ed, Ab\u00e1s Araqchi, subray\u00f3 el viernes la \u00abfalta de competencia jur\u00eddica y moral\u00bb de las potencias europeas para recurrir al mecanismo de \u00absnapback\u00bb.<\/p>\n<p>JC (AFP, AP)<\/p>\n<\/div>\n\n","protected":false},"excerpt":{"rendered":"<p>Ir\u00e1n inst\u00f3 este martes (26.08.2025) a las potencias europeas y al Consejo de Seguridad de la ONU a tomar la \u00abdecisi\u00f3n correcta\u00bb tras nuevas conversaciones celebradas el martes en Ginebra para impedir el restablecimiento de las sanciones internacionales previstas en el acuerdo nuclear de 2015. \u00abYa es hora de que el E3 (Alemania, Francia y &hellip;<\/p>\n","protected":false},"author":1,"featured_media":42077,"comment_status":"open","ping_status":"open","sticky":false,"template":"","format":"standard","meta":{"fifu_image_url":"https:\/\/static.dw.com\/image\/70916345_6.jpg","fifu_image_alt":"","footnotes":""},"categories":[13],"tags":[],"class_list":["post-42076","post","type-post","status-publish","format-standard","has-post-thumbnail","","category-mundo"],"_links":{"self":[{"href":"https:\/\/noticiasveraces.com\/index.php?rest_route=\/wp\/v2\/posts\/42076","targetHints":{"allow":["GET"]}}],"collection":[{"href":"https:\/\/noticiasveraces.com\/index.php?rest_route=\/wp\/v2\/posts"}],"about":[{"href":"https:\/\/noticiasveraces.com\/index.php?rest_route=\/wp\/v2\/types\/post"}],"author":[{"embeddable":true,"href":"https:\/\/noticiasveraces.com\/index.php?rest_route=\/wp\/v2\/users\/1"}],"replies":[{"embeddable":true,"href":"https:\/\/noticiasveraces.com\/index.php?rest_route=%2Fwp%2Fv2%2Fcomments&post=42076"}],"version-history":[{"count":0,"href":"https:\/\/noticiasveraces.com\/index.php?rest_route=\/wp\/v2\/posts\/42076\/revisions"}],"wp:featuredmedia":[{"embeddable":true,"href":"https:\/\/noticiasveraces.com\/index.php?rest_route=\/wp\/v2\/media\/42077"}],"wp:attachment":[{"href":"https:\/\/noticiasveraces.com\/index.php?rest_route=%2Fwp%2Fv2%2Fmedia&parent=42076"}],"wp:term":[{"taxonomy":"category","embeddable":true,"href":"https:\/\/noticiasveraces.com\/index.php?rest_route=%2Fwp%2Fv2%2Fcategories&post=42076"},{"taxonomy":"post_tag","embeddable":true,"href":"https:\/\/noticiasveraces.com\/index.php?rest_route=%2Fwp%2Fv2%2Ftags&post=42076"}],"curies":[{"name":"wp","href":"https:\/\/api.w.org\/{rel}","templated":true}]}}