{"id":42011,"date":"2025-08-26T08:37:16","date_gmt":"2025-08-26T12:37:16","guid":{"rendered":"https:\/\/noticiasveraces.com\/?p=42011"},"modified":"2025-08-26T08:37:16","modified_gmt":"2025-08-26T12:37:16","slug":"la-falta-de-avances-en-la-reforma-del-profesorado-amenaza-con-desatar-una-tormenta-educativa-en-el-inicio-de-curso-educacion","status":"publish","type":"post","link":"https:\/\/noticiasveraces.com\/?p=42011","title":{"rendered":"La falta de avances en la reforma del profesorado amenaza con desatar una tormenta educativa en el inicio de curso | Educaci\u00f3n"},"content":{"rendered":"<p> \n<\/p>\n<div data-dtm-region=\"articulo_cuerpo\">\n<p class=\"\">El Ministerio de Educaci\u00f3n situ\u00f3, al inicio del curso pasado, la reforma a fondo del profesorado como su gran prioridad con un mensaje ambicioso. A principios de 2025 comenz\u00f3 la negociaci\u00f3n con los sindicatos, y se constituyeron grupos que abarcan casi todas las \u00e1reas relacionadas con la profesi\u00f3n: desde lo que aprenden los futuros docentes en la universidad al formato de las oposiciones, pasando por la ratio de estudiantes por aula y la carrera profesional. Pasados los meses, sin embargo, los avances han sido muy peque\u00f1os, advierten los sindicatos m\u00e1s implicados en la negociaci\u00f3n, y el Gobierno todav\u00eda no les ha presentado ninguna propuesta concreta al margen de un documento de car\u00e1cter t\u00e9cnico sobre el marco de competencias docentes. <\/p>\n<p class=\"\">Azuzados por lo que muchas voces en el mundo de la ense\u00f1anza describen como un malestar creciente en los centros educativos, los sindicatos avisan de que el clima educativo puede empeorar bruscamente si el Ejecutivo no da pasos claros tras la vuelta de vacaciones o si estos resultan insuficientes. \u201cNos est\u00e1n poniendo en una situaci\u00f3n muy complicada. Si la cosa sigue as\u00ed, saldremos a la calle\u201d, se\u00f1ala una fuente sindical. <\/p>\n<p class=\"\">Dicho malestar escolar se basa en buena medida en el aumento de la complejidad de las aulas \u2015con un alumnado m\u00e1s diverso\u2015 y la mayor dificultad de la tarea que se exige a sus profesionales \u2015una ense\u00f1anza m\u00e1s competencial y una atenci\u00f3n m\u00e1s personalizada\u2015 sin que se haya producido un incremento paralelo en los recursos, coinciden las fuentes.<\/p>\n<figure class=\"a_m a_m-h \"><span class=\"_db a_m_w _pr lb_btn\"><img alt=\"Reuni\u00f3n del profesorado del instituto escuela Arts de Sants, en septiembre de 2023. \" decoding=\"auto\" class=\"_re lazyload a_m-h\" height=\"271\" srcset=\"https:\/\/imagenes.elpais.com\/resizer\/v2\/65WVLSVENFCJDMSZ7BHVIMSNEE.jpg?auth=4e28711527c5764b11da93d4c29704ddeccebb8848dbca30597cae8252ab5183&amp;width=414 414w,https:\/\/imagenes.elpais.com\/resizer\/v2\/65WVLSVENFCJDMSZ7BHVIMSNEE.jpg?auth=4e28711527c5764b11da93d4c29704ddeccebb8848dbca30597cae8252ab5183&amp;width=828 640w,https:\/\/imagenes.elpais.com\/resizer\/v2\/65WVLSVENFCJDMSZ7BHVIMSNEE.jpg?auth=4e28711527c5764b11da93d4c29704ddeccebb8848dbca30597cae8252ab5183&amp;width=980 1000w,https:\/\/imagenes.elpais.com\/resizer\/v2\/65WVLSVENFCJDMSZ7BHVIMSNEE.jpg?auth=4e28711527c5764b11da93d4c29704ddeccebb8848dbca30597cae8252ab5183&amp;width=1960 1960w\" width=\"414\" sizes=\"auto, (min-width:1199px) 1155px,(min-width:1001px) calc(100vw - 44px),(min-width:768px) 767px, 100vw\" src=\"https:\/\/imagenes.elpais.com\/resizer\/v2\/65WVLSVENFCJDMSZ7BHVIMSNEE.jpg?auth=4e28711527c5764b11da93d4c29704ddeccebb8848dbca30597cae8252ab5183&amp;width=414\" loading=\"lazy\"\/><svg aria-hidden=\"true\" class=\"icon_multimedia_ampliar | _pa a_m_i a_m_i-a _dn\" viewbox=\"0 0 40 40\"><use xlink:href=\"#svg-ampliar\"\/><\/svg><\/span><figcaption class=\"a_m_p\" aria-hidden=\"true\"><span>Reuni\u00f3n del profesorado del instituto escuela Arts de Sants, en septiembre de 2023. <\/span><span class=\"a_m_m\">Gianluca Battista<\/span><\/figcaption><\/figure>\n<p class=\"\">El \u00faltimo a\u00f1o del Gobierno ha sido complejo: sigue sin presupuestos, no goza de una mayor\u00eda segura en el Congreso, y ha recibido una gran presi\u00f3n por parte de Estados Unidos y la OTAN para aumentar el gasto en defensa, por citar tres elementos que complican una reforma que, en su mejor versi\u00f3n, requiere muchos fondos y un cambio en la legislaci\u00f3n educativa. <\/p>\n<p class=\"\">Las centrales sindicales, con todo, esperan que a la vuelta del verano haya, al menos, un primer avance en el cap\u00edtulo de la ratio de alumnos por aula \u2015cuyo m\u00e1ximo est\u00e1 ahora fijado en 25 en infantil y primaria, 30 en la ESO, y 35 en Bachillerato, con posibilidad incluso de superar ligeramente dichas cifras en situaciones extraordinarias\u2015 y en las horas de clase del profesorado \u2015de modo que quede, al menos, en 18 en secundaria y 23 en infantil y primaria, algo que ya sucede en la mayor parte de las comunidades aut\u00f3nomas, pero no en todas, y que los sindicatos quieren blindar por ley\u2015, seg\u00fan lo que les ha trasladado el ministerio. Este, por su parte, mantiene desde el inicio del proceso la m\u00e1xima de no hacer declaraciones p\u00fablicas mientras negocia.<\/p>\n<p class=\"\">Simplificando, los cinco principales sindicatos docentes que participan en las conversaciones con el ministerio pueden dividirse entre los que han mantenido una postura constructiva, aceptando la idea de alcanzar acuerdos concretos que vayan mejorando las condiciones del profesorado y la calidad del sistema, entre los que figuraran CC OO, ANPE, y UGT. Y aquellos que, por motivos y posiciones ideol\u00f3gicas muy distantes, han transmitido casi desde el principio desconfianza hacia la utilidad del proceso y en que vaya a desembocar en mejorar significativas, CSIF y STES. <\/p>\n<h3 class=\"\">Protestas y cambios<\/h3>\n<p class=\"\">Si la negociaci\u00f3n acaba quedando en nada \u2015o en casi nada, porque la mejora que les plantee el Gobierno sea muy exigua\u2015, los tres sindicatos que han mantenido una actitud constructiva quedar\u00edan en peor posici\u00f3n que los que han venido desconfiando del proceso. Pero, adem\u00e1s, podr\u00edan verse superados por el fen\u00f3meno relativamente nuevo que ya se observ\u00f3 en la reciente crisis educativa de Asturias, en el que las protestas surgieron con una fuerza inesperada de los propios centros educativos. <\/p>\n<p class=\"\">Como casi todo, el mundo docente tambi\u00e9n est\u00e1 cambiando. Sindicalistas con d\u00e9cadas de experiencia aseguran que la revuelta asturiana \u2015que forz\u00f3 la dimisi\u00f3n de la consejera de Educaci\u00f3n Lydia Espina y solo se cerr\u00f3 tras la firma de un acuerdo que incluy\u00f3 numerosas mejoras\u2015 tuvo elementos que nunca hab\u00edan visto. Como la organizaci\u00f3n de protestas muy eficaces al margen de los cauces sindicales, la utilizaci\u00f3n para ello de las redes sociales, especialmente de canales de Telegram, y la infiltraci\u00f3n de mensajes de car\u00e1cter antisindical, de un maximalismo que parec\u00eda calculado para que las peticiones no pudieran ser aceptadas por la administraci\u00f3n, y, en algunos casos, abiertamente de ultraderecha, algo tradicionalmente ajeno a esta clase de protestas.<\/p>\n<p class=\"\">Los sindicatos que se han mantenido abiertos a pactar la reforma del profesorado coinciden en que si el tiempo sigue pasando sin concreciones, no solo se sumar\u00e1n a las eventuales protestas, sino que las encabezar\u00e1n. \u201cSi no hay propuestas firmes, lo preguntaremos, lo debatiremos, haremos asambleas y escucharemos a lo que diga el personal docente, pero plantearemos que tiene que haber una movilizaci\u00f3n\u201d, afirma Teresa Esperab\u00e9, secretaria de la Federaci\u00f3n de Ense\u00f1anza de CC OO. \u201cSi el escenario que vamos a seguir padeciendo es el mismo que hemos experimentado el curso pasado, no descartamos ninguna medida. Tenemos muy claro que esto es insostenible\u201d, a\u00f1ade el presidente de ANPE, Francisco Venzal\u00e1. Un mensaje parecido transmite la responsable de Educaci\u00f3n de UGT, Beatriz Garc\u00eda.<\/p>\n<h3 class=\"\">C\u00f3mo bajar la ratio<\/h3>\n<p class=\"\">El n\u00famero m\u00e1ximo de alumnos por aula en Espa\u00f1a es el mismo desde 1990, cuando se aprob\u00f3 la Logse \u2015anteriormente era mayor\u2015. Para cambiarlo de ra\u00edz y obligar a las comunidades a aplicar el nuevo techo, ser\u00eda necesario cambiar la ley de educaci\u00f3n, la Lomloe. El Gobierno precisar\u00eda por tanto el apoyo de sus socios. Ello no es imposible, pero como ya se vio durante la tramitaci\u00f3n de la Lomloe, los partidos nacionalistas tienden a ser reacios a regular con car\u00e1cter estatal cuestiones que afectan a \u00e1mbitos en los que, por otro lado, tienen la competencia, como la organizaci\u00f3n escolar. En este caso, adem\u00e1s, bajar la ratio de alumnos tiene un coste econ\u00f3mico que en principio recaer\u00eda en las comunidades aut\u00f3nomas: implica contratar m\u00e1s docentes y, como puso de relieve la reducci\u00f3n del tama\u00f1o de los grupos en la pandemia, en ciertos centros puede requerir, adem\u00e1s, aulas adicionales. <\/p>\n<p class=\"\">Por otro lado, sin embargo, el descenso de la natalidad hace m\u00e1s f\u00e1cil aplicar la medida, sobre todo en los colegios de infantil y primaria. Y, de hecho, buena parte de las comunidades aut\u00f3nomas ya han empezado a hacerlo, al menos en parte de sus municipios.<\/p>\n<p class=\"\">Para evitar tener que llevar la medida al Congreso y chocar con los Ejecutivos regionales, el Ministerio de Educaci\u00f3n dispone de otra opci\u00f3n, apuntan fuentes sindicales, que incluir\u00eda corresponsabilizarse de la inversi\u00f3n. La ratio m\u00e1xima no se cambiar\u00eda en la ley, aunque podr\u00eda plantearse como una recomendaci\u00f3n a las consejer\u00edas de educaci\u00f3n auton\u00f3micas, y, sobre todo, se crear\u00eda un programa potente, con fondos del Gobierno, para financiar la bajada de alumnos por clase, a las que las comunidades aut\u00f3nomas que quisieran sumarse podr\u00edan hacerlo, como ya se ha hecho con \u00e9xito en casi toda Espa\u00f1a con la creaci\u00f3n de plazas de Infantil de 0 a 3 a\u00f1os y de Formaci\u00f3n Profesional.<\/p>\n<\/div>\n\n","protected":false},"excerpt":{"rendered":"<p>El Ministerio de Educaci\u00f3n situ\u00f3, al inicio del curso pasado, la reforma a fondo del profesorado como su gran prioridad con un mensaje ambicioso. A principios de 2025 comenz\u00f3 la negociaci\u00f3n con los sindicatos, y se constituyeron grupos que abarcan casi todas las \u00e1reas relacionadas con la profesi\u00f3n: desde lo que aprenden los futuros docentes &hellip;<\/p>\n","protected":false},"author":1,"featured_media":42012,"comment_status":"open","ping_status":"open","sticky":false,"template":"","format":"standard","meta":{"fifu_image_url":"https:\/\/imagenes.elpais.com\/resizer\/v2\/THUD3WEBARCB5LEYGQ45QMTZ5Q.JPG?auth=f8bfd7598173f897893c4d5b592d3e473ddb7ca24bae8d260e672357ba9a6644&width=1200","fifu_image_alt":"","footnotes":""},"categories":[11],"tags":[],"class_list":["post-42011","post","type-post","status-publish","format-standard","has-post-thumbnail","","category-viaje"],"_links":{"self":[{"href":"https:\/\/noticiasveraces.com\/index.php?rest_route=\/wp\/v2\/posts\/42011","targetHints":{"allow":["GET"]}}],"collection":[{"href":"https:\/\/noticiasveraces.com\/index.php?rest_route=\/wp\/v2\/posts"}],"about":[{"href":"https:\/\/noticiasveraces.com\/index.php?rest_route=\/wp\/v2\/types\/post"}],"author":[{"embeddable":true,"href":"https:\/\/noticiasveraces.com\/index.php?rest_route=\/wp\/v2\/users\/1"}],"replies":[{"embeddable":true,"href":"https:\/\/noticiasveraces.com\/index.php?rest_route=%2Fwp%2Fv2%2Fcomments&post=42011"}],"version-history":[{"count":0,"href":"https:\/\/noticiasveraces.com\/index.php?rest_route=\/wp\/v2\/posts\/42011\/revisions"}],"wp:featuredmedia":[{"embeddable":true,"href":"https:\/\/noticiasveraces.com\/index.php?rest_route=\/wp\/v2\/media\/42012"}],"wp:attachment":[{"href":"https:\/\/noticiasveraces.com\/index.php?rest_route=%2Fwp%2Fv2%2Fmedia&parent=42011"}],"wp:term":[{"taxonomy":"category","embeddable":true,"href":"https:\/\/noticiasveraces.com\/index.php?rest_route=%2Fwp%2Fv2%2Fcategories&post=42011"},{"taxonomy":"post_tag","embeddable":true,"href":"https:\/\/noticiasveraces.com\/index.php?rest_route=%2Fwp%2Fv2%2Ftags&post=42011"}],"curies":[{"name":"wp","href":"https:\/\/api.w.org\/{rel}","templated":true}]}}