{"id":41968,"date":"2025-08-26T02:25:03","date_gmt":"2025-08-26T06:25:03","guid":{"rendered":"https:\/\/noticiasveraces.com\/?p=41968"},"modified":"2025-08-26T02:25:03","modified_gmt":"2025-08-26T06:25:03","slug":"australia-expulsa-a-diplomaticos-iranies-sobre-ataques-antisemitas-recientes","status":"publish","type":"post","link":"https:\/\/noticiasveraces.com\/?p=41968","title":{"rendered":"Australia expulsa a diplom\u00e1ticos iran\u00edes sobre ataques antisemitas recientes"},"content":{"rendered":"<p> \n<\/p>\n<div>\n<div id=\"beyondwords-wrapper\" class=\"beyondwords-wrapper\">\n<p><span class=\"label-bg\">NUEVO<\/span>\u00a1Ahora puedes escuchar art\u00edculos de Fox News!\n  <\/p>\n<\/div>\n<p class=\"speakable\">El gobierno australiano dice que est\u00e1 expulsando a dos diplom\u00e1ticos iran\u00edes despu\u00e9s de alegar que la Rep\u00fablica Isl\u00e1mica estaba detr\u00e1s de al menos dos ataques antisem\u00edticos en Sydney y Melbourne. <\/p>\n<p class=\"speakable\">En declaraciones a los periodistas, el primer ministro Anthony Albanese dijo que la principal agencia de esp\u00edas nacionales del pa\u00eds, ASIO, hab\u00eda \u00abreunido suficiente inteligencia cre\u00edble para llegar a una conclusi\u00f3n profundamente inquietante\u00bb. <\/p>\n<p>\u00abEl gobierno iran\u00ed dirigi\u00f3 al menos dos de estos ataques\u00bb, dijo Albanese, refiri\u00e9ndose a ataques recientes contra un restaurante de Sydney y una sinagoga de Melbourne. \u00abIr\u00e1n ha tratado de disfrazar su participaci\u00f3n, pero Asio eval\u00faa que estaba detr\u00e1s de los ataques\u00bb. <\/p>\n<p>El gobierno australiano inform\u00f3 al embajador de Ir\u00e1n en Australia poco antes del anuncio de Albanese de que ser\u00edan expulsados. Tambi\u00e9n retir\u00f3 a los diplom\u00e1ticos australianos publicados en Ir\u00e1n a un tercer pa\u00eds.<\/p>\n<p><strong><u>Los atacantes antisem\u00edticos apuntan violentamente a la sinagoga, restaurante israel\u00ed en Australia<\/u><\/strong><\/p>\n<div class=\"image-ct inline\">\n<div class=\"m\"><picture><source media=\"(max-width: 767px)\" srcset=\"https:\/\/a57.foxnews.com\/static.foxnews.com\/foxnews.com\/content\/uploads\/2025\/08\/343\/192\/australia-prime-minister-anthony-albanese.jpg?ve=1&amp;tl=1, https:\/\/a57.foxnews.com\/static.foxnews.com\/foxnews.com\/content\/uploads\/2025\/08\/686\/384\/australia-prime-minister-anthony-albanese.jpg?ve=1&amp;tl=1 2x\" height=\"192\" width=\"343\"><source media=\"(min-width: 768px) and (max-width: 1023px)\" srcset=\"https:\/\/a57.foxnews.com\/static.foxnews.com\/foxnews.com\/content\/uploads\/2025\/08\/672\/378\/australia-prime-minister-anthony-albanese.jpg?ve=1&amp;tl=1, https:\/\/a57.foxnews.com\/static.foxnews.com\/foxnews.com\/content\/uploads\/2025\/08\/1344\/756\/australia-prime-minister-anthony-albanese.jpg?ve=1&amp;tl=1 2x\" height=\"378\" width=\"672\"><source media=\"(min-width: 1024px) and (max-width: 1279px)\" srcset=\"https:\/\/a57.foxnews.com\/static.foxnews.com\/foxnews.com\/content\/uploads\/2025\/08\/931\/523\/australia-prime-minister-anthony-albanese.jpg?ve=1&amp;tl=1, https:\/\/a57.foxnews.com\/static.foxnews.com\/foxnews.com\/content\/uploads\/2025\/08\/1862\/1046\/australia-prime-minister-anthony-albanese.jpg?ve=1&amp;tl=1 2x\" height=\"523\" width=\"931\"><source media=\"(min-width: 1280px)\" srcset=\"https:\/\/a57.foxnews.com\/static.foxnews.com\/foxnews.com\/content\/uploads\/2025\/08\/720\/405\/australia-prime-minister-anthony-albanese.jpg?ve=1&amp;tl=1, https:\/\/a57.foxnews.com\/static.foxnews.com\/foxnews.com\/content\/uploads\/2025\/08\/1440\/810\/australia-prime-minister-anthony-albanese.jpg?ve=1&amp;tl=1 2x\" height=\"405\" width=\"720\"><img loading=\"lazy\" decoding=\"async\" src=\"https:\/\/a57.foxnews.com\/static.foxnews.com\/foxnews.com\/content\/uploads\/2025\/08\/1200\/675\/australia-prime-minister-anthony-albanese.jpg?ve=1&amp;tl=1\" alt=\"Primer ministro australiano Anthony Albanese\" width=\"1200\" height=\"675\"\/><\/source><\/source><\/source><\/source><\/picture><\/div>\n<div class=\"info\">\n<div class=\"caption\">\n<p><span>El primer ministro australiano, Anthony Albanese, anuncia que Australia reconocer\u00e1 a un estado palestino en una conferencia de prensa en Canberra, el lunes 11 de agosto de 2025. <\/span> <span>(Imagen Mick Tsikas\/AAP a trav\u00e9s de AP)<\/span><\/p>\n<\/div>\n<\/div>\n<\/div>\n<p>Los incidentes antisemitas tanto en Melbourne como en Sydney se levantaron despu\u00e9s de la masacre del 7 de octubre de 2023 en Israel que desencaden\u00f3 la ofensiva continua de Israel en Gaza. <\/p>\n<p>El primer ministro tambi\u00e9n dijo que Australia planea designar el Cuerpo de la Guardia Revolucionaria Isl\u00e1mica de Ir\u00e1n como una organizaci\u00f3n terrorista.<\/p>\n<div class=\"image-ct inline\">\n<div class=\"m\"><picture><source media=\"(max-width: 767px)\" srcset=\"https:\/\/a57.foxnews.com\/static.foxnews.com\/foxnews.com\/content\/uploads\/2025\/08\/343\/192\/australia-synagogue-attacked.jpg?ve=1&amp;tl=1, https:\/\/a57.foxnews.com\/static.foxnews.com\/foxnews.com\/content\/uploads\/2025\/08\/686\/384\/australia-synagogue-attacked.jpg?ve=1&amp;tl=1 2x\" height=\"192\" width=\"343\"><source media=\"(min-width: 768px) and (max-width: 1023px)\" srcset=\"https:\/\/a57.foxnews.com\/static.foxnews.com\/foxnews.com\/content\/uploads\/2025\/08\/672\/378\/australia-synagogue-attacked.jpg?ve=1&amp;tl=1, https:\/\/a57.foxnews.com\/static.foxnews.com\/foxnews.com\/content\/uploads\/2025\/08\/1344\/756\/australia-synagogue-attacked.jpg?ve=1&amp;tl=1 2x\" height=\"378\" width=\"672\"><source media=\"(min-width: 1024px) and (max-width: 1279px)\" srcset=\"https:\/\/a57.foxnews.com\/static.foxnews.com\/foxnews.com\/content\/uploads\/2025\/08\/931\/523\/australia-synagogue-attacked.jpg?ve=1&amp;tl=1, https:\/\/a57.foxnews.com\/static.foxnews.com\/foxnews.com\/content\/uploads\/2025\/08\/1862\/1046\/australia-synagogue-attacked.jpg?ve=1&amp;tl=1 2x\" height=\"523\" width=\"931\"><source media=\"(min-width: 1280px)\" srcset=\"https:\/\/a57.foxnews.com\/static.foxnews.com\/foxnews.com\/content\/uploads\/2025\/08\/720\/405\/australia-synagogue-attacked.jpg?ve=1&amp;tl=1, https:\/\/a57.foxnews.com\/static.foxnews.com\/foxnews.com\/content\/uploads\/2025\/08\/1440\/810\/australia-synagogue-attacked.jpg?ve=1&amp;tl=1 2x\" height=\"405\" width=\"720\"><img loading=\"lazy\" decoding=\"async\" src=\"https:\/\/a57.foxnews.com\/static.foxnews.com\/foxnews.com\/content\/uploads\/2025\/08\/1200\/675\/australia-synagogue-attacked.jpg?ve=1&amp;tl=1\" alt=\"Ataque de la sinagoga de Australia\" width=\"1200\" height=\"675\"\/><\/source><\/source><\/source><\/source><\/picture><\/div>\n<div class=\"info\">\n<div class=\"caption\">\n<p><span>Un miembro de la comunidad jud\u00eda recupera un pergamino de la Tor\u00e1 de la sinagoga de Adass Israel el 6 de diciembre de 2024 en Melbourne, Australia.<\/span> <span>(Sankanka Ratnayake\/Getty Images))<\/span><\/p>\n<\/div>\n<\/div>\n<\/div>\n<p>La medida se produce despu\u00e9s de que Australia anunci\u00f3 a principios de este mes que planea reconocer la estadidad palestina en la Asamblea General de las Naciones Unidas en septiembre. <\/p>\n<div class=\"image-ct inline\">\n<div class=\"m\"><picture><source media=\"(max-width: 767px)\" srcset=\"https:\/\/a57.foxnews.com\/static.foxnews.com\/foxnews.com\/content\/uploads\/2025\/08\/343\/192\/iran-embassy-australia.jpg?ve=1&amp;tl=1, https:\/\/a57.foxnews.com\/static.foxnews.com\/foxnews.com\/content\/uploads\/2025\/08\/686\/384\/iran-embassy-australia.jpg?ve=1&amp;tl=1 2x\" height=\"192\" width=\"343\"><source media=\"(min-width: 768px) and (max-width: 1023px)\" srcset=\"https:\/\/a57.foxnews.com\/static.foxnews.com\/foxnews.com\/content\/uploads\/2025\/08\/672\/378\/iran-embassy-australia.jpg?ve=1&amp;tl=1, https:\/\/a57.foxnews.com\/static.foxnews.com\/foxnews.com\/content\/uploads\/2025\/08\/1344\/756\/iran-embassy-australia.jpg?ve=1&amp;tl=1 2x\" height=\"378\" width=\"672\"><source media=\"(min-width: 1024px) and (max-width: 1279px)\" srcset=\"https:\/\/a57.foxnews.com\/static.foxnews.com\/foxnews.com\/content\/uploads\/2025\/08\/931\/523\/iran-embassy-australia.jpg?ve=1&amp;tl=1, https:\/\/a57.foxnews.com\/static.foxnews.com\/foxnews.com\/content\/uploads\/2025\/08\/1862\/1046\/iran-embassy-australia.jpg?ve=1&amp;tl=1 2x\" height=\"523\" width=\"931\"><source media=\"(min-width: 1280px)\" srcset=\"https:\/\/a57.foxnews.com\/static.foxnews.com\/foxnews.com\/content\/uploads\/2025\/08\/720\/405\/iran-embassy-australia.jpg?ve=1&amp;tl=1, https:\/\/a57.foxnews.com\/static.foxnews.com\/foxnews.com\/content\/uploads\/2025\/08\/1440\/810\/iran-embassy-australia.jpg?ve=1&amp;tl=1 2x\" height=\"405\" width=\"720\"><img loading=\"lazy\" decoding=\"async\" src=\"https:\/\/a57.foxnews.com\/static.foxnews.com\/foxnews.com\/content\/uploads\/2025\/08\/1200\/675\/iran-embassy-australia.jpg?ve=1&amp;tl=1\" alt=\"Embajada iran\u00ed en Australia\" width=\"1200\" height=\"675\"\/><\/source><\/source><\/source><\/source><\/picture><\/div>\n<div class=\"info\">\n<div class=\"caption\">\n<p><span>Una visi\u00f3n general de la embajada iran\u00ed en Canberra, Australia, viernes 10 de febrero de 2023. <\/span> <span>(Imagen de Lukas Coch\/AAP a trav\u00e9s de AP)<\/span><\/p>\n<\/div>\n<\/div>\n<\/div>\n<p>El anuncio provoc\u00f3 una respuesta mordaz del primer ministro Benjamin Netanyahu, quien acus\u00f3 a Australia de traicionar a Israel. <\/p>\n<p><strong>Haga clic aqu\u00ed para obtener la aplicaci\u00f3n Fox News<\/strong><\/p>\n<p>\u00abLa historia recordar\u00e1 a Albanese por lo que es: un pol\u00edtico d\u00e9bil que traicion\u00f3 a Israel y abandon\u00f3 a los jud\u00edos de Australia\u00bb, dijo Netanyahu.<\/p>\n<p><i>Associated Press contribuy\u00f3 a este informe.<\/i><\/p>\n<div class=\"article-meta\">\n<div class=\"author-bio\">\n<p>Bradford Betz es un reportero de Fox News Digital Breaking que cubre el crimen, los problemas pol\u00edticos y mucho m\u00e1s. <\/p>\n<\/div>\n<\/div>\n<\/div>\n\n","protected":false},"excerpt":{"rendered":"<p>NUEVO\u00a1Ahora puedes escuchar art\u00edculos de Fox News! El gobierno australiano dice que est\u00e1 expulsando a dos diplom\u00e1ticos iran\u00edes despu\u00e9s de alegar que la Rep\u00fablica Isl\u00e1mica estaba detr\u00e1s de al menos dos ataques antisem\u00edticos en Sydney y Melbourne. En declaraciones a los periodistas, el primer ministro Anthony Albanese dijo que la principal agencia de esp\u00edas nacionales &hellip;<\/p>\n","protected":false},"author":1,"featured_media":41970,"comment_status":"open","ping_status":"open","sticky":false,"template":"","format":"standard","meta":{"fifu_image_url":"https:\/\/static.foxnews.com\/foxnews.com\/content\/uploads\/2025\/05\/australia-election.jpg","fifu_image_alt":"","footnotes":""},"categories":[13],"tags":[],"class_list":["post-41968","post","type-post","status-publish","format-standard","has-post-thumbnail","","category-mundo"],"_links":{"self":[{"href":"https:\/\/noticiasveraces.com\/index.php?rest_route=\/wp\/v2\/posts\/41968","targetHints":{"allow":["GET"]}}],"collection":[{"href":"https:\/\/noticiasveraces.com\/index.php?rest_route=\/wp\/v2\/posts"}],"about":[{"href":"https:\/\/noticiasveraces.com\/index.php?rest_route=\/wp\/v2\/types\/post"}],"author":[{"embeddable":true,"href":"https:\/\/noticiasveraces.com\/index.php?rest_route=\/wp\/v2\/users\/1"}],"replies":[{"embeddable":true,"href":"https:\/\/noticiasveraces.com\/index.php?rest_route=%2Fwp%2Fv2%2Fcomments&post=41968"}],"version-history":[{"count":0,"href":"https:\/\/noticiasveraces.com\/index.php?rest_route=\/wp\/v2\/posts\/41968\/revisions"}],"wp:featuredmedia":[{"embeddable":true,"href":"https:\/\/noticiasveraces.com\/index.php?rest_route=\/wp\/v2\/media\/41970"}],"wp:attachment":[{"href":"https:\/\/noticiasveraces.com\/index.php?rest_route=%2Fwp%2Fv2%2Fmedia&parent=41968"}],"wp:term":[{"taxonomy":"category","embeddable":true,"href":"https:\/\/noticiasveraces.com\/index.php?rest_route=%2Fwp%2Fv2%2Fcategories&post=41968"},{"taxonomy":"post_tag","embeddable":true,"href":"https:\/\/noticiasveraces.com\/index.php?rest_route=%2Fwp%2Fv2%2Ftags&post=41968"}],"curies":[{"name":"wp","href":"https:\/\/api.w.org\/{rel}","templated":true}]}}