{"id":41960,"date":"2025-08-25T23:40:15","date_gmt":"2025-08-26T03:40:15","guid":{"rendered":"https:\/\/noticiasveraces.com\/?p=41960"},"modified":"2025-08-25T23:40:15","modified_gmt":"2025-08-26T03:40:15","slug":"carlos-antonio-velez-pidio-a-dayro-moreno-y-otros-dos-jugadores-a-seleccion-colombia-seleccion-colombia","status":"publish","type":"post","link":"https:\/\/noticiasveraces.com\/?p=41960","title":{"rendered":"Carlos Antonio V\u00e9lez pidi\u00f3 a Dayro Moreno y otros dos jugadores a Selecci\u00f3n Colombia | Selecci\u00f3n Colombia"},"content":{"rendered":"<p> \n<br \/><img decoding=\"async\" src=\"https:\/\/www.futbolred.com\/files\/article_graphic\/uploads\/2025\/06\/10\/6848eb9d06ce7.jpeg\" \/><\/p>\n<div id=\"cuerpoArticulo\">\n<p class=\"texto intro\" id=\"p254038-m350-349-351\">N\u00e9stor Lorenzo se prepara para ir alistando la anhelada lista de convocados para la doble fecha final de las Eliminatorias al Mundial 2026 contra Bolivia y Venezuela, as\u00ed que a semanas de conocerse los jugadores que buscar\u00e1n la clasificaci\u00f3n directa, los nombres empiezan a aparecer, as\u00ed como las postulaciones.<\/p>\n<p class=\"texto contenido-parrafo-articulo\" id=\"p254038-m368-2-369\">Uno de los m\u00e1s cr\u00edticos de la Selecci\u00f3n como lo es Carlos Antonio V\u00e9lez, empez\u00f3 a hacer sus an\u00e1lisis sobre qui\u00e9nes deber\u00edan ir por m\u00e9rito a estos dos juegos definitivos, dando en su programa &#8216;Palabras Mayores&#8217; tres nombres que a su parecer s\u00ed o s\u00ed no tendr\u00edan l\u00edo de aparecer para aportar por su gran momento.<\/p>\n<p>El reconocido analista dej\u00f3 claro que los tres que pondr\u00eda a ojo cerrado son Jhohan Roma\u00f1a, Kevin Serna y Dayro Moreno, quienes vienen demostrando su buena actualidad.<\/p>\n<p class=\"texto contenido-parrafo-articulo\" id=\"p254038-m406-4-407\">\u00abA lo \u00fanico que aspiro es a que se respete la meritocracia. S\u00e9 que cuesta y es dif\u00edcil el club de amigos y el que bien est\u00e1 no lo convocan, pero no se pierde la esperanza que jugadores como Roma\u00f1a, Serna y Dayro Moreno, por ejemplo, est\u00e9n en la selecci\u00f3n nacional\u00bb, dijo V\u00e9lez.<\/p>\n<p>Adem\u00e1s, agreg\u00f3 que \u00abtendr\u00edamos garantizado un ataque con Dur\u00e1n, Dayro, Jhon C\u00f3rdoba, Kevin Serna, que est\u00e1n en un momento brillante. Obviamente Luis D\u00edaz para aquellos que les gusta decir fulano y diez m\u00e1s\u00bb.<\/p>\n<p class=\"texto contenido-parrafo-articulo\" id=\"p254038-m418-6-419\">Por ahora, se desconoce si finalmente Dayro Moreno, goleador de la Sudamericana pueda ser convocado a Selecci\u00f3n Colombia, aunque s\u00ed Kevin Serna est\u00e1 bloqueado en Fluminense, pero no se tiene certeza que sea convocado.<\/p>\n<p>Lo cierto, es que Colombia debe clasificar directamente al Mundial 2026 y alejar dudas en el rendimiento de juego ante Bolivia y Venezuela que tantos l\u00edos les ha generado en este remate de Eliminatorias.<\/p>\n<\/div>\n\n","protected":false},"excerpt":{"rendered":"<p>N\u00e9stor Lorenzo se prepara para ir alistando la anhelada lista de convocados para la doble fecha final de las Eliminatorias al Mundial 2026 contra Bolivia y Venezuela, as\u00ed que a semanas de conocerse los jugadores que buscar\u00e1n la clasificaci\u00f3n directa, los nombres empiezan a aparecer, as\u00ed como las postulaciones. Uno de los m\u00e1s cr\u00edticos de &hellip;<\/p>\n","protected":false},"author":1,"featured_media":41962,"comment_status":"open","ping_status":"open","sticky":false,"template":"","format":"standard","meta":{"fifu_image_url":"https:\/\/www.futbolred.com\/files\/og_thumbnail\/uploads\/2025\/06\/10\/6848eb9d06ce7.jpeg","fifu_image_alt":"","footnotes":""},"categories":[6],"tags":[],"class_list":["post-41960","post","type-post","status-publish","format-standard","has-post-thumbnail","","category-deportes"],"_links":{"self":[{"href":"https:\/\/noticiasveraces.com\/index.php?rest_route=\/wp\/v2\/posts\/41960","targetHints":{"allow":["GET"]}}],"collection":[{"href":"https:\/\/noticiasveraces.com\/index.php?rest_route=\/wp\/v2\/posts"}],"about":[{"href":"https:\/\/noticiasveraces.com\/index.php?rest_route=\/wp\/v2\/types\/post"}],"author":[{"embeddable":true,"href":"https:\/\/noticiasveraces.com\/index.php?rest_route=\/wp\/v2\/users\/1"}],"replies":[{"embeddable":true,"href":"https:\/\/noticiasveraces.com\/index.php?rest_route=%2Fwp%2Fv2%2Fcomments&post=41960"}],"version-history":[{"count":0,"href":"https:\/\/noticiasveraces.com\/index.php?rest_route=\/wp\/v2\/posts\/41960\/revisions"}],"wp:featuredmedia":[{"embeddable":true,"href":"https:\/\/noticiasveraces.com\/index.php?rest_route=\/wp\/v2\/media\/41962"}],"wp:attachment":[{"href":"https:\/\/noticiasveraces.com\/index.php?rest_route=%2Fwp%2Fv2%2Fmedia&parent=41960"}],"wp:term":[{"taxonomy":"category","embeddable":true,"href":"https:\/\/noticiasveraces.com\/index.php?rest_route=%2Fwp%2Fv2%2Fcategories&post=41960"},{"taxonomy":"post_tag","embeddable":true,"href":"https:\/\/noticiasveraces.com\/index.php?rest_route=%2Fwp%2Fv2%2Ftags&post=41960"}],"curies":[{"name":"wp","href":"https:\/\/api.w.org\/{rel}","templated":true}]}}