{"id":41952,"date":"2025-08-25T23:11:09","date_gmt":"2025-08-26T03:11:09","guid":{"rendered":"https:\/\/noticiasveraces.com\/?p=41952"},"modified":"2025-08-25T23:11:09","modified_gmt":"2025-08-26T03:11:09","slug":"hombre-arrestado-por-la-bandera-ardiendo-cerca-de-la-casa-blanca-despues-de-la-orden-ejecutiva-de-trump","status":"publish","type":"post","link":"https:\/\/noticiasveraces.com\/?p=41952","title":{"rendered":"Hombre arrestado por la bandera ardiendo cerca de la Casa Blanca despu\u00e9s de la orden ejecutiva de Trump"},"content":{"rendered":"<p> \n<br \/><img decoding=\"async\" src=\"https:\/\/media-cldnry.s-nbcnews.com\/image\/upload\/t_fit_1500w\/rockcms\/2025-08\/250825-Lafayette-Park-ew-948p-ea4337.jpg\" \/><\/p>\n<div>\n<p id=\"anchor-129bf1\" class=\"body-graf\">WASHINGTON &#8211; Las autoridades federales arrestaron el lunes a un hombre al otro lado de la calle de la Casa Blanca despu\u00e9s de incendiar una bandera estadounidense el d\u00eda en que el presidente Donald Trump firm\u00f3 una orden ejecutiva destinada a tomar medidas en\u00e9rgicas contra la quema de bandera.<\/p>\n<p id=\"anchor-752494\" class=\"body-graf\">El hombre, que se identific\u00f3 a s\u00ed mismo como un veterano de combate de 20 a\u00f1os en un video publicado en las redes sociales por la tienda de noticias The Bulwark, dijo: \u00abEstoy quemando esta bandera como una protesta a ese presidente fascista ilegal que se encuentra en esa casa\u00bb, mientras se\u00f1alaba la Casa Blanca desde Lafayette Square.<\/p>\n<p id=\"anchor-837dd5\" class=\"body-graf\">El Servicio Secreto dijo en un comunicado que deten\u00eda al hombre alrededor de las 6:15 pm ET \u00abpor encender un objeto\u00bb y que fue entregado a la polic\u00eda de EE. UU.<\/p>\n<p id=\"anchor-612a58\" class=\"body-graf\">La polic\u00eda de Park dijo que arrestaron al hombre por violar un estatuto que proh\u00edbe iluminar un incendio en un parque p\u00fablico.<\/p>\n<p id=\"anchor-284bc8\" class=\"body-graf\">El arresto se produjo horas despu\u00e9s de que Trump firm\u00f3 una orden ejecutiva de tomar medidas en\u00e9rgicas contra la \u00abprofanaci\u00f3n\u00bb de la bandera estadounidense en relaci\u00f3n con incitar a la violencia o violar otras leyes.<\/p>\n<p id=\"anchor-93fa02\" class=\"body-graf\">La orden ordena a la Fiscal General Pam Bondi que \u00abprocese en\u00e9rgicamente\u00bb a las personas que queman la bandera estadounidense mientras participan en otros delitos, y dice que \u00abpuede buscar litigios para aclarar el alcance de las excepciones de la Primera Enmienda en esta \u00e1rea\u00bb.<\/p>\n<p id=\"anchor-04fef9\" class=\"body-graf\">La Corte Suprema dictamin\u00f3 5-4 en 1989 que la Constituci\u00f3n protege la quema de la bandera estadounidense.<\/p>\n<p id=\"anchor-66ebed\" class=\"body-graf\">La orden de Trump no hace que la bandera queme un delito o eval\u00fae una penalizaci\u00f3n por ello, pero argumenta que quemar banderas de una manera que \u00abprobablemente incite a una acci\u00f3n inminente sin ley\u00bb o equivale a \u00abpalabras de lucha\u00bb no est\u00e1 protegida constitucionalmente.<\/p>\n<p id=\"anchor-5090b6\" class=\"body-graf\">Cuando firm\u00f3 la orden, Trump dijo: \u00abCuando quemas la bandera estadounidense, incita a los disturbios en los niveles que nunca antes hab\u00edamos visto. La gente se vuelve loca\u00bb.<\/p>\n<p id=\"anchor-5f95dd\" class=\"endmark body-graf\">La fiscal estadounidense de DC, Jeanine Pirro, ha desempe\u00f1ado un papel clave en los esfuerzos de la administraci\u00f3n Trump para ejercer control federal sobre partes de Washington y ha mostrado una voluntad de perseguir agresivamente transgresiones de bajo nivel. Ella dijo este mes que su oficina hab\u00eda acusado a un hombre acusado de lanzar un s\u00e1ndwich a un agente federal en DC con asalto por delito grave.<\/p>\n<\/div>\n<div>\n<div class=\"expanded-byline-contributors articleBylineContainer\">\n<div class=\"expanded-byline article-expanded-byline\" data-activity-map=\"expanded-byline-article-bottom\"><span class=\"byline-thumbnail byline-thumbnail--no-image expanded-byline__thumbnail\" data-testid=\"byline-thumbnail\"\/><span class=\"byline-name expanded-byline__name\" data-testid=\"byline-name\">Kevin Kirby<\/span><span class=\"byline-social expanded-byline__social\"\/><\/p>\n<div class=\"expanded-byline__bio-wrapper\">\n<p class=\"byline-bio expanded-byline__bio\">Kevin Kirby es editor de escritorio de la oficina de NBC News &#8216;Washington, DC.<\/p>\n<\/div>\n<\/div>\n<div class=\"expanded-byline article-expanded-byline\" data-activity-map=\"expanded-byline-article-bottom\"><span class=\"byline-thumbnail byline-thumbnail--no-image expanded-byline__thumbnail\" data-testid=\"byline-thumbnail\"\/><span class=\"byline-name expanded-byline__name\" data-testid=\"byline-name\">Zo\u00eb Richards<\/span><span class=\"byline-social expanded-byline__social\"><span class=\"icon icon-twitter\"\/><\/span><\/p>\n<div class=\"expanded-byline__bio-wrapper\">\n<p class=\"byline-bio expanded-byline__bio\">Zo\u00eb Richards es un reportero de pol\u00edtica de NBC News.<\/p>\n<\/div>\n<\/div>\n<p>Caroline Kenny<!-- --> <!-- -->aportado<!-- -->.<\/p>\n<\/div>\n<\/div>\n\n","protected":false},"excerpt":{"rendered":"<p>WASHINGTON &#8211; Las autoridades federales arrestaron el lunes a un hombre al otro lado de la calle de la Casa Blanca despu\u00e9s de incendiar una bandera estadounidense el d\u00eda en que el presidente Donald Trump firm\u00f3 una orden ejecutiva destinada a tomar medidas en\u00e9rgicas contra la quema de bandera. El hombre, que se identific\u00f3 a &hellip;<\/p>\n","protected":false},"author":1,"featured_media":41954,"comment_status":"open","ping_status":"open","sticky":false,"template":"","format":"standard","meta":{"fifu_image_url":"https:\/\/media-cldnry.s-nbcnews.com\/image\/upload\/t_nbcnews-fp-1200-630,f_auto,q_auto:best\/rockcms\/2025-08\/250825-Lafayette-Park-ew-948p-ea4337.jpg","fifu_image_alt":"","footnotes":""},"categories":[4],"tags":[],"class_list":["post-41952","post","type-post","status-publish","format-standard","has-post-thumbnail","","category-historias-destacadas"],"_links":{"self":[{"href":"https:\/\/noticiasveraces.com\/index.php?rest_route=\/wp\/v2\/posts\/41952","targetHints":{"allow":["GET"]}}],"collection":[{"href":"https:\/\/noticiasveraces.com\/index.php?rest_route=\/wp\/v2\/posts"}],"about":[{"href":"https:\/\/noticiasveraces.com\/index.php?rest_route=\/wp\/v2\/types\/post"}],"author":[{"embeddable":true,"href":"https:\/\/noticiasveraces.com\/index.php?rest_route=\/wp\/v2\/users\/1"}],"replies":[{"embeddable":true,"href":"https:\/\/noticiasveraces.com\/index.php?rest_route=%2Fwp%2Fv2%2Fcomments&post=41952"}],"version-history":[{"count":0,"href":"https:\/\/noticiasveraces.com\/index.php?rest_route=\/wp\/v2\/posts\/41952\/revisions"}],"wp:featuredmedia":[{"embeddable":true,"href":"https:\/\/noticiasveraces.com\/index.php?rest_route=\/wp\/v2\/media\/41954"}],"wp:attachment":[{"href":"https:\/\/noticiasveraces.com\/index.php?rest_route=%2Fwp%2Fv2%2Fmedia&parent=41952"}],"wp:term":[{"taxonomy":"category","embeddable":true,"href":"https:\/\/noticiasveraces.com\/index.php?rest_route=%2Fwp%2Fv2%2Fcategories&post=41952"},{"taxonomy":"post_tag","embeddable":true,"href":"https:\/\/noticiasveraces.com\/index.php?rest_route=%2Fwp%2Fv2%2Ftags&post=41952"}],"curies":[{"name":"wp","href":"https:\/\/api.w.org\/{rel}","templated":true}]}}