{"id":41950,"date":"2025-08-25T22:21:47","date_gmt":"2025-08-26T02:21:47","guid":{"rendered":"https:\/\/noticiasveraces.com\/?p=41950"},"modified":"2025-08-25T22:21:47","modified_gmt":"2025-08-26T02:21:47","slug":"zelenski-anuncia-reuniones-entre-ucrania-y-ee-uu-dw-25-08-2025","status":"publish","type":"post","link":"https:\/\/noticiasveraces.com\/?p=41950","title":{"rendered":"Zelenski anuncia reuniones entre Ucrania y EE. UU. \u2013 DW \u2013 25\/08\/2025"},"content":{"rendered":"<p> \n<\/p>\n<div data-tracking-name=\"rich-text\" data-tracking-skip=\"true\">\n<p>El presidente ucraniano, Volod\u00edmir Zelenski, anunci\u00f3 este lunes (25.08.2025) que habr\u00e1 contactos con el enviado de Washington para Ucrania, Keith Kellogg, y a finales de esta semana tendr\u00e1 lugar una reuni\u00f3n entre delegaciones de Ucrania y EE. UU. para abordar la situaci\u00f3n ante unas posibles conversaciones de paz con Rusia.<\/p>\n<p>El objetivo es \u00abdesarrollar los preparativos ante la posibilidad de un futuro encuentro con la parte rusa\u00bb, dijo Zelenski en una rueda de prensa en Kiev con el primer ministro noruego, Jonas Gahr Store.<\/p>\n<p>En la comparecencia, el presidente ucraniano record\u00f3 los contactos que su Gobierno ha mantenido en los \u00faltimos d\u00edas con sus aliados, despu\u00e9s de la cumbre en la que particip\u00f3 en Washington hace una semana con el presidente estadounidense Donald Trump y varios l\u00edderes europeos y de la OTAN.<\/p>\n<p>A lo largo de esta semana, habr\u00e1 \u00abun plan b\u00e1sico sobre las garant\u00edas de seguridad\u00bb que recibir\u00e1 Ucrania de sus aliados en el caso de un acuerdo de paz con Rusia, aunque los detalles \u00abtodav\u00eda necesitan tiempo\u00bb, afirm\u00f3.<\/p>\n<p>\u00abDespu\u00e9s de eso, me gustar\u00eda comprender, de la parte estadounidense, si los rusos est\u00e1n listos (para un encuentro) y en qu\u00e9 configuraci\u00f3n. Si los rusos est\u00e1n dispuestos para la configuraci\u00f3n que se propuso en Estados Unidos y fue apoyada por Ucrania en presencia de los l\u00edderes europeos: un encuentro bilateral y despu\u00e9s otro trilateral\u00bb, indic\u00f3, en alusi\u00f3n a una reuni\u00f3n con el presidente ruso, Vlad\u00edmir Putin.<\/p>\n<p>CT (EFE, NTV)<\/p>\n<\/div>\n\n","protected":false},"excerpt":{"rendered":"<p>El presidente ucraniano, Volod\u00edmir Zelenski, anunci\u00f3 este lunes (25.08.2025) que habr\u00e1 contactos con el enviado de Washington para Ucrania, Keith Kellogg, y a finales de esta semana tendr\u00e1 lugar una reuni\u00f3n entre delegaciones de Ucrania y EE. UU. para abordar la situaci\u00f3n ante unas posibles conversaciones de paz con Rusia. El objetivo es \u00abdesarrollar los &hellip;<\/p>\n","protected":false},"author":1,"featured_media":41951,"comment_status":"open","ping_status":"open","sticky":false,"template":"","format":"standard","meta":{"fifu_image_url":"https:\/\/static.dw.com\/image\/73763662_6.jpg","fifu_image_alt":"","footnotes":""},"categories":[13],"tags":[],"class_list":["post-41950","post","type-post","status-publish","format-standard","has-post-thumbnail","","category-mundo"],"_links":{"self":[{"href":"https:\/\/noticiasveraces.com\/index.php?rest_route=\/wp\/v2\/posts\/41950","targetHints":{"allow":["GET"]}}],"collection":[{"href":"https:\/\/noticiasveraces.com\/index.php?rest_route=\/wp\/v2\/posts"}],"about":[{"href":"https:\/\/noticiasveraces.com\/index.php?rest_route=\/wp\/v2\/types\/post"}],"author":[{"embeddable":true,"href":"https:\/\/noticiasveraces.com\/index.php?rest_route=\/wp\/v2\/users\/1"}],"replies":[{"embeddable":true,"href":"https:\/\/noticiasveraces.com\/index.php?rest_route=%2Fwp%2Fv2%2Fcomments&post=41950"}],"version-history":[{"count":0,"href":"https:\/\/noticiasveraces.com\/index.php?rest_route=\/wp\/v2\/posts\/41950\/revisions"}],"wp:featuredmedia":[{"embeddable":true,"href":"https:\/\/noticiasveraces.com\/index.php?rest_route=\/wp\/v2\/media\/41951"}],"wp:attachment":[{"href":"https:\/\/noticiasveraces.com\/index.php?rest_route=%2Fwp%2Fv2%2Fmedia&parent=41950"}],"wp:term":[{"taxonomy":"category","embeddable":true,"href":"https:\/\/noticiasveraces.com\/index.php?rest_route=%2Fwp%2Fv2%2Fcategories&post=41950"},{"taxonomy":"post_tag","embeddable":true,"href":"https:\/\/noticiasveraces.com\/index.php?rest_route=%2Fwp%2Fv2%2Ftags&post=41950"}],"curies":[{"name":"wp","href":"https:\/\/api.w.org\/{rel}","templated":true}]}}