{"id":41919,"date":"2025-08-25T17:39:20","date_gmt":"2025-08-25T21:39:20","guid":{"rendered":"https:\/\/noticiasveraces.com\/?p=41919"},"modified":"2025-08-25T17:39:20","modified_gmt":"2025-08-25T21:39:20","slug":"estas-son-las-nuevas-canciones-que-le-hicieron-a-luis-diaz-en-bayern-munich-hinchas-lo-quieren-colombianos-en-el-exterior","status":"publish","type":"post","link":"https:\/\/noticiasveraces.com\/?p=41919","title":{"rendered":"Estas son las nuevas canciones que le hicieron a Luis D\u00edaz en Bayern M\u00fanich: hinchas lo quieren | Colombianos en el Exterior"},"content":{"rendered":"<p> \n<br \/><img decoding=\"async\" src=\"https:\/\/www.futbolred.com\/files\/article_graphic\/uploads\/2025\/08\/22\/68a913d34c69c.png\" \/><\/p>\n<div id=\"cuerpoArticulo\">\n<p class=\"texto intro\" id=\"p254053-m1073-1072-1074\">Desde que Luis D\u00edaz aterriz\u00f3 en territorio alem\u00e1n para seguir escribiendo p\u00e1ginas doradas en su carrera profesional, la afici\u00f3n del Bayern M\u00fanich lo ha sabido acoger. Su talento y goles han sido un impulso para que, desde el primer momento, los hinchas conf\u00eden y apoyen al colombiano. <\/p>\n<p>Poco a poco, &#8216;Lucho&#8217; se ha venido ganando el cari\u00f1o de los seguidores &#8216;b\u00e1varos&#8217;, que tras el inicio prometedor de la temporada, han dejado claro que ya quieren al extremo, pues han empezado a dedicarle sus famosos c\u00e1nticos. <\/p>\n<p class=\"texto contenido-parrafo-articulo\" id=\"p254053-m1149-3-1150\">En una composici\u00f3n, creada por hincha y que se viraliz\u00f3 en las redes sociales, se conoci\u00f3 la letra especialmente tras la victoria 6-0 ante el Leipzig. En esta, se incluye el nombre de Luis D\u00edaz. <\/p>\n<p>\u00abOlise marc\u00f3 un doblete, D\u00edaz tambi\u00e9n marc\u00f3 un gol. Los Lederhosen est\u00e1n en plena forma hoy. Y luego Harry Kane anot\u00f3 un hat-trick, sellando los tres primeros puntos. Bayern M\u00fanich, D\u00edaz remat\u00f3 a puerta, Leipzig se fue a casa con seis goles. El Bayern M\u00fanich recibi\u00f3 un impulso con Karl, y solo tiene 17 a\u00f1os. Solo el FCB es campe\u00f3n de f\u00fatbol alem\u00e1n\u201d, es la letra, traducida al espa\u00f1ol, del primer canto conocido.<\/p>\n<p class=\"texto contenido-parrafo-articulo\" id=\"p254053-m1161-5-1162\">Sin embargo, esta no ha sido la \u00fanica canci\u00f3n, pues con el pasar de los d\u00edas, la afici\u00f3n ha dejado volar su imaginaci\u00f3n y creatividad, creando no solo un contagioso ritmo, sino tambi\u00e9n, una particular caricatura. <\/p>\n<p>\u00ab\u00a1Vamos Luis D\u00edaz, vamos Luis D\u00edaz, ah, ah, ah!\u00bb, es el coro de la composici\u00f3n que ha llamado la atenci\u00f3n en Alemania y Colombia. <\/p>\n<p>As\u00ed las cosas, empieza a quedar claro que la afici\u00f3n del Bayern, conf\u00eda en Luis, quien partido a partido tendr\u00e1 que demostrar, con goles, su talento y razones para estar en uno de los equipos m\u00e1s importantes del viejo continente.<\/p>\n<p><span class=\"articulo-subtitulo subtitulo2 espacio-contenido\" id=\"p254053-m1167-6-1168\">Escuche la nueva canci\u00f3n dedicada a Luis D\u00edaz<\/span><\/div>\n\n","protected":false},"excerpt":{"rendered":"<p>Desde que Luis D\u00edaz aterriz\u00f3 en territorio alem\u00e1n para seguir escribiendo p\u00e1ginas doradas en su carrera profesional, la afici\u00f3n del Bayern M\u00fanich lo ha sabido acoger. Su talento y goles han sido un impulso para que, desde el primer momento, los hinchas conf\u00eden y apoyen al colombiano. Poco a poco, &#8216;Lucho&#8217; se ha venido ganando &hellip;<\/p>\n","protected":false},"author":1,"featured_media":41921,"comment_status":"open","ping_status":"open","sticky":false,"template":"","format":"standard","meta":{"fifu_image_url":"https:\/\/www.futbolred.com\/files\/og_thumbnail\/uploads\/2025\/08\/22\/68a913d34c69c.png","fifu_image_alt":"","footnotes":""},"categories":[6],"tags":[],"class_list":["post-41919","post","type-post","status-publish","format-standard","has-post-thumbnail","","category-deportes"],"_links":{"self":[{"href":"https:\/\/noticiasveraces.com\/index.php?rest_route=\/wp\/v2\/posts\/41919","targetHints":{"allow":["GET"]}}],"collection":[{"href":"https:\/\/noticiasveraces.com\/index.php?rest_route=\/wp\/v2\/posts"}],"about":[{"href":"https:\/\/noticiasveraces.com\/index.php?rest_route=\/wp\/v2\/types\/post"}],"author":[{"embeddable":true,"href":"https:\/\/noticiasveraces.com\/index.php?rest_route=\/wp\/v2\/users\/1"}],"replies":[{"embeddable":true,"href":"https:\/\/noticiasveraces.com\/index.php?rest_route=%2Fwp%2Fv2%2Fcomments&post=41919"}],"version-history":[{"count":0,"href":"https:\/\/noticiasveraces.com\/index.php?rest_route=\/wp\/v2\/posts\/41919\/revisions"}],"wp:featuredmedia":[{"embeddable":true,"href":"https:\/\/noticiasveraces.com\/index.php?rest_route=\/wp\/v2\/media\/41921"}],"wp:attachment":[{"href":"https:\/\/noticiasveraces.com\/index.php?rest_route=%2Fwp%2Fv2%2Fmedia&parent=41919"}],"wp:term":[{"taxonomy":"category","embeddable":true,"href":"https:\/\/noticiasveraces.com\/index.php?rest_route=%2Fwp%2Fv2%2Fcategories&post=41919"},{"taxonomy":"post_tag","embeddable":true,"href":"https:\/\/noticiasveraces.com\/index.php?rest_route=%2Fwp%2Fv2%2Ftags&post=41919"}],"curies":[{"name":"wp","href":"https:\/\/api.w.org\/{rel}","templated":true}]}}