{"id":41914,"date":"2025-08-25T17:13:59","date_gmt":"2025-08-25T21:13:59","guid":{"rendered":"https:\/\/noticiasveraces.com\/?p=41914"},"modified":"2025-08-25T17:13:59","modified_gmt":"2025-08-25T21:13:59","slug":"el-apoyo-no-flaquea-dw-25-08-2025","status":"publish","type":"post","link":"https:\/\/noticiasveraces.com\/?p=41914","title":{"rendered":"el apoyo \u00abno flaquea\u00bb \u2013 DW \u2013 25\/08\/2025"},"content":{"rendered":"<p> \n<\/p>\n<div data-tracking-name=\"rich-text\" data-tracking-skip=\"true\">\n<p>La visita no se anunci\u00f3 por razones de seguridad. El ministro de Finanzas y vicecanciller alem\u00e1n, el socialdem\u00f3crata Lars Klingbeil,\u00a0lleg\u00f3 a Kiev en tren a las 6:30 de la ma\u00f1ana de este\u00a0lunes. El objetivo del Gobierno alem\u00e1n fue garantizar su pleno apoyo a la poblaci\u00f3n del pa\u00eds\u00a0asediado por Rusia, y demostrar el firme inter\u00e9s alem\u00e1n y europeo.<\/p>\n<h2>Socialdemocr\u00e1tas apoyan al canciller alem\u00e1n<\/h2>\n<p>A Lars Klingbeil, esta visita le brind\u00f3 la oportunidad de demostrar que los socialdem\u00f3cratas (SPD), el partido m\u00e1s peque\u00f1o de los dos socios de coalici\u00f3n en el nuevo Gobierno alem\u00e1n, tambi\u00e9n apoyan la pol\u00edtica exterior del canciller conservador, Friedrich Merz (de la\u00a0CDU\/CSU). Al fin y al cabo, las \u00faltimas semanas han estado muy influenciadas por los viajes e iniciativas del canciller. El momento culminante fue, desde luego, la visita a Donald Trump de Merz y otros gobernantes europeos, para apoyar su reuni\u00f3n con el presidente ucraniano, Volodimir Zelenski.<\/p>\n<h2>En medio de \u00abtanta din\u00e1mica\u00bb<\/h2>\n<p>Tras conversar con su hom\u00f3logo ucraniano, Serhij Martschenko, Klingbeil enfatiz\u00f3 que Alemania, antes de aceptar cualquier tipo de acuerdo con Vladimir Putin, sigue demandando un alto al fuego sostenible, as\u00ed como garant\u00edas de seguridad para Ucrania.<\/p>\n<p>Klingbeil estuvo por \u00faltima vez en Ucrania en 2023, cuando no formaba parte del Gobierno de coalici\u00f3n. Ahora, declar\u00f3 que \u00abvenir a Ucrania fue una cuesti\u00f3n personal, como vicecanciller y ministro de Finanzas. Ya estuve aqu\u00ed como jefe de partido hace dos a\u00f1os, pero ahora tambi\u00e9n en mi nuevo cargo. Y no estaba previsto que esto ocurriera en un momento en el que se est\u00e1 generando tanta din\u00e1mica y se est\u00e1n produciendo tantos debates en el \u00e1mbito politico\u00bb. Aunque el vicecanciller se apresur\u00f3 a a\u00f1adir que, por supuesto, su viaje hab\u00eda sido coordinado estrechamente con el canciller.<\/p>\n<figure class=\"placeholder-image master_landscape big\"><img data-format=\"MASTER_LANDSCAPE\" data-id=\"73748968\" data-url=\"https:\/\/static.dw.com\/image\/73748968_${formatId}.jpg\" data-aspect-ratio=\"16\/9\" alt=\"El vicecanciller alem\u00e1n, Lars Klingbeil, y el embajador alem\u00e1n en Ucrania, Martin J\u00e4ger. \" style=\"padding-bottom: 56.25%; height: 0; max-height: 0;\"\/><figcaption class=\"img-caption\">Llegada a primera hora de la ma\u00f1ana sin previo aviso: Klingbeil y el embajador de Alemania en Ucrania, Martin J\u00e4ger, en la estaci\u00f3n de trenes de Kiev.<small class=\"copyright\">Imagen: Kay Nietfeld\/dpa\/picture alliance<\/small><\/figcaption><\/figure>\n<h2>Numerosas iniciativas<\/h2>\n<p>De hecho, el viaje a Kiev marca el inicio de toda una serie de reuniones en los pr\u00f3ximos d\u00edas, que tambi\u00e9n se centrar\u00e1n en el futuro de Ucrania: este mi\u00e9rcoles 27 de agosto, por ejemplo, Merz viajar\u00e1 a Moldavia junto con el primer ministro polaco, Donald Tusk, y el presidente franc\u00e9s, Emmanuel Macron. El viernes, el Consejo de Ministros franco-alem\u00e1n se reunir\u00e1 en Tol\u00f3n (Francia), donde tambi\u00e9n se tratar\u00e1n cuestiones de seguridad, defensa y Ucrania.<\/p>\n<p>En Kiev, Klingbeil reiter\u00f3 que Alemania tiene la intenci\u00f3n de seguir apoyando proyectos de armamento en Ucrania con nueve mil millones de euros este a\u00f1o y el pr\u00f3ximo. Fondos que \u00abno flaquear\u00e1n\u00bb, como asegur\u00f3 Klingbeil a sus interlocutores.<\/p>\n<p>Y, quiz\u00e1s lo m\u00e1s importante para los ucranianos en este momento: Alemania tambi\u00e9n participar\u00e1 si los europeos ofrecen garant\u00edas de seguridad para Ucrania, posiblemente incluyendo tropas. Klingbeil declar\u00f3 que, \u00abdurante los tres a\u00f1os y medio que dura esta guerra, siempre hemos demostrado que no nos rendimos, sino que estamos del lado del pueblo ucraniano. Y esto tambi\u00e9n se aplicar\u00e1 a las garant\u00edas de seguridad\u00bb.<\/p>\n<p><span data-slot-id=\"Article_InContent-1\" class=\"rich-text-ad\"\/><\/p>\n<h2>\u00bfHabr\u00e1 garant\u00edas de seguridad?<\/h2>\n<p>El objetivo de Kiev es, primero, un alto al fuego; luego, garant\u00edas de seguridad militar y, finalmente, posibles negociaciones con el agresor ruso. Desde Mosc\u00fa, sentencian que no habr\u00e1 soldados de pa\u00edses de la UE ni de la OTAN en Ucrania. La esperada reuni\u00f3n\u00a0 entre los presidentes de Rusia y Ucrania, seg\u00fan lo previsto por el presidente estadounidense Donald Trump, sigue en el aire.<\/p>\n<h2>Optimismo cauteloso en Berl\u00edn<\/h2>\n<p>Los ataques contra Ucrania contin\u00faan sin cesar, incluso el d\u00eda del viaje de Klingbeil. Sin embargo, el portavoz del canciller Merz, Stefan Kornelius, afirm\u00f3 ver se\u00f1ales de progreso. Este\u00a0lunes declar\u00f3 en Berl\u00edn que, \u00aben todos estos procesos, se trata de motivar la voluntad de que Rusia quiera lograr la paz\u00bb.<\/p>\n<p>No obstante, Klinbeil afirm\u00f3 que Alemania sigue prepar\u00e1ndose para todos los escenarios, tambi\u00e9n para la continuaci\u00f3n indefinida de la guerra.<\/p>\n<p>(RMR\/RML)<\/p>\n<\/p>\n<\/div>\n\n","protected":false},"excerpt":{"rendered":"<p>La visita no se anunci\u00f3 por razones de seguridad. El ministro de Finanzas y vicecanciller alem\u00e1n, el socialdem\u00f3crata Lars Klingbeil,\u00a0lleg\u00f3 a Kiev en tren a las 6:30 de la ma\u00f1ana de este\u00a0lunes. El objetivo del Gobierno alem\u00e1n fue garantizar su pleno apoyo a la poblaci\u00f3n del pa\u00eds\u00a0asediado por Rusia, y demostrar el firme inter\u00e9s alem\u00e1n &hellip;<\/p>\n","protected":false},"author":1,"featured_media":41915,"comment_status":"open","ping_status":"open","sticky":false,"template":"","format":"standard","meta":{"fifu_image_url":"https:\/\/static.dw.com\/image\/73758909_6.jpg","fifu_image_alt":"","footnotes":""},"categories":[13],"tags":[],"class_list":["post-41914","post","type-post","status-publish","format-standard","has-post-thumbnail","","category-mundo"],"_links":{"self":[{"href":"https:\/\/noticiasveraces.com\/index.php?rest_route=\/wp\/v2\/posts\/41914","targetHints":{"allow":["GET"]}}],"collection":[{"href":"https:\/\/noticiasveraces.com\/index.php?rest_route=\/wp\/v2\/posts"}],"about":[{"href":"https:\/\/noticiasveraces.com\/index.php?rest_route=\/wp\/v2\/types\/post"}],"author":[{"embeddable":true,"href":"https:\/\/noticiasveraces.com\/index.php?rest_route=\/wp\/v2\/users\/1"}],"replies":[{"embeddable":true,"href":"https:\/\/noticiasveraces.com\/index.php?rest_route=%2Fwp%2Fv2%2Fcomments&post=41914"}],"version-history":[{"count":0,"href":"https:\/\/noticiasveraces.com\/index.php?rest_route=\/wp\/v2\/posts\/41914\/revisions"}],"wp:featuredmedia":[{"embeddable":true,"href":"https:\/\/noticiasveraces.com\/index.php?rest_route=\/wp\/v2\/media\/41915"}],"wp:attachment":[{"href":"https:\/\/noticiasveraces.com\/index.php?rest_route=%2Fwp%2Fv2%2Fmedia&parent=41914"}],"wp:term":[{"taxonomy":"category","embeddable":true,"href":"https:\/\/noticiasveraces.com\/index.php?rest_route=%2Fwp%2Fv2%2Fcategories&post=41914"},{"taxonomy":"post_tag","embeddable":true,"href":"https:\/\/noticiasveraces.com\/index.php?rest_route=%2Fwp%2Fv2%2Ftags&post=41914"}],"curies":[{"name":"wp","href":"https:\/\/api.w.org\/{rel}","templated":true}]}}