{"id":41902,"date":"2025-08-25T14:05:24","date_gmt":"2025-08-25T18:05:24","guid":{"rendered":"https:\/\/noticiasveraces.com\/?p=41902"},"modified":"2025-08-25T14:05:24","modified_gmt":"2025-08-25T18:05:24","slug":"un-precio-unico-para-la-luz-alemania-lo-discute-dw-25-08-2025","status":"publish","type":"post","link":"https:\/\/noticiasveraces.com\/?p=41902","title":{"rendered":"\u00bfUn precio \u00fanico para la luz? Alemania lo discute \u2013 DW \u2013 25\/08\/2025"},"content":{"rendered":"<p> \n<\/p>\n<div data-tracking-name=\"rich-text\" data-tracking-skip=\"true\">\n<p>A los clientes de electricidad en Alemania se les avecinan tiempos dif\u00edciles. Y a la coalici\u00f3n de Gobierno en Berl\u00edn, una nueva prueba de fuego. El motivo: la llamada \u00abzona \u00fanica de oferta el\u00e9ctrica\u00bb. Esta garantiza que la energ\u00eda\u00a0para grandes consumidores tenga el mismo precio en todo el pa\u00eds.<\/p>\n<p>Para muchos expertos, esto es una espina clavada.\u00a0Su exigencia: que el precio de la electricidad refleje la oferta y la demanda. En los estados del norte, cercanos a la costa, donde se produce energ\u00eda verde, la oferta es mayor que la demanda: ah\u00ed el precio deber\u00eda bajar. En cambio, en los estados m\u00e1s industrializados, donde la demanda supera a la oferta, el precio deber\u00eda subir.<\/p>\n<p>Eso supondr\u00eda, naturalmente, el fin de la zona \u00fanica en su forma actual: o bien se eliminar\u00eda o se sustituir\u00eda por un sistema con varias zonas. Pero, en Alemania, muchos actores influyentes quieren mantener el modelo vigente. Entre ellos, se cuentan los operadores de la red el\u00e9ctrica o la Asociaci\u00f3n Federal de la Energ\u00eda y el Agua (BDEW).<\/p>\n<figure class=\"placeholder-image master_landscape big\"><img data-format=\"MASTER_LANDSCAPE\" data-id=\"62235892\" data-url=\"https:\/\/static.dw.com\/image\/62235892_${formatId}.jpg\" data-aspect-ratio=\"16\/9\" alt=\"Aerogeneradores frente a una central t\u00e9rmica de lignito en la mina a cielo abierto de Garzweiler, en Renania del Norte-Westfalia.\" style=\"padding-bottom: 56.25%; height: 0; max-height: 0;\"\/><figcaption class=\"img-caption\">Una imagen com\u00fan en Alemania: \u00abenerg\u00eda limpia\u00bb y \u00abenerg\u00eda sucia\u00bb, una al lado de la otra.<small class=\"copyright\">Im\u00e1genes: Rupert Oberh\u00e4user\/DPA\/Picture Alliance<\/small><\/figcaption><\/figure>\n<h2>Los precios de la energ\u00eda como freno econ\u00f3mico<\/h2>\n<p>El problema debe resolverse cuanto antes, afirman representantes de la industria, ya que el alto precio de la electricidad en Alemania amenaza con estrangular la d\u00e9bil coyuntura. Un ejemplo es la industria del acero: su producci\u00f3n de acero bruto cay\u00f3 en el primer semestre casi un 12 %, hasta los 17,1 millones de toneladas, seg\u00fan la Asociaci\u00f3n Alemana del Acero en Berl\u00edn.<\/p>\n<p>\u00abEl desplome de la producci\u00f3n en nuestro sector muestra lo dram\u00e1tica que es la situaci\u00f3n para la industria en Alemania\u00bb, declar\u00f3 el mes pasado la directora general de la asociaci\u00f3n, Kerstin Maria Rippel, a la agencia dpa. \u00abPol\u00edticamente, hay que hacer todo lo posible para garantizar un precio de la electricidad competitivo a nivel internacional y fiable a largo plazo para industrias intensivas en energ\u00eda como la siderurgia\u00bb.<\/p>\n<h2>Qui\u00e9n debe pagar cu\u00e1nto<\/h2>\n<p>La Comisi\u00f3n Europea cree haber encontrado una v\u00eda para abaratar los precios de la electricidad para la industria: acabar con la zona \u00fanica, que rige en Alemania y Luxemburgo.<\/p>\n<p>Esto abre un nuevo frente de conflicto en la coalici\u00f3n de Gobierno en Berl\u00edn entre los conservadores de la CDU\/CSU y los socialdem\u00f3cratas del SPD. \u00bfBajar los precios en el norte y que Baviera pague m\u00e1s? Eso, con la CSUb\u00e1vara, es impensable. Desde el ministerio de Econom\u00eda lleg\u00f3 dos d\u00edas m\u00e1s tarde una clara respuesta: \u00abTal como se reafirma en el acuerdo de coalici\u00f3n, el Gobierno federal planea mantener la zona \u00fanica de precios el\u00e9ctricos en Alemania\u00bb.<\/p>\n<p>Tambi\u00e9n para el BDEW este es el camino correcto. Su portavoz, Katja Sandscheper, se\u00f1al\u00f3 en una declaraci\u00f3n a DW un estudio encargado por la agencia reguladora europea Acer, seg\u00fan el cual \u00abla idea de dividir la zona de precios de la electricidad en Alemania no convence desde el punto de vista econ\u00f3mico\u00bb.<\/p>\n<p><span data-slot-id=\"Article_InContent-1\" class=\"rich-text-ad\"\/><\/p>\n<h2>Una regulaci\u00f3n poco \u00fatil<\/h2>\n<p>Algunos expertos, sin embargo, opinan que la compleja situaci\u00f3n del mercado el\u00e9ctrico alem\u00e1n tambi\u00e9n debe reflejarse en la fijaci\u00f3n de precios. Porque en el norte, donde se produce la energ\u00eda verde (principalmente e\u00f3lica), cuesta lo mismo que en el sur y en el oeste, donde no se genera, pero s\u00ed se consume en grandes cantidades.<\/p>\n<p>Mientras no sea posible transportar suficiente electricidad hacia el sur \u2014por falta de capacidad en la red\u2014, los grandes consumidores de esas regiones tendr\u00e1n que ahorrar (lo cual no es viable econ\u00f3micamente) o pagar precios m\u00e1s altos por la energ\u00eda limpia. Hasta que la \u00abf\u00edsica de las redes\u00bb\u00a0permita un mayor transporte de electricidad o se produzca all\u00ed suficiente energ\u00eda verde.<\/p>\n<p>\u00abEn los \u00faltimos a\u00f1os, la oferta y la demanda en el mercado el\u00e9ctrico se han distanciado espacialmente cada vez m\u00e1s. La f\u00edsica y la econom\u00eda no encajan. Por eso, los precios locales y las desigualdades regionales de precios tienen sentido\u00bb, explic\u00f3 a DW Andreas L\u00f6schel, titular de la c\u00e1tedra de Econom\u00eda Ambiental y de Recursos en la Universidad del Ruhr en Bochum.<\/p>\n<p>Bernd Weber, del centro de estudios Epico (<em>Consejo de Pol\u00edtica e Innovaci\u00f3n de Energ\u00eda y Clima<\/em>) observa que \u00abla generaci\u00f3n de energ\u00edas renovables crece m\u00e1s r\u00e1pido que la expansi\u00f3n de la red\u00bb. Eso genera costes que podr\u00edan reducirse mediante \u00abse\u00f1ales de precios locales\u00bb: \u00abZonas de precios m\u00e1s peque\u00f1as son m\u00e1s eficientes econ\u00f3micamente, porque reflejan mejor las diferencias regionales en capacidad de generaci\u00f3n e infraestructura de red. De ello hay experiencias positivas, por ejemplo, en Escandinavia\u00bb, ilustra.<\/p>\n<h2>\u00bfQu\u00e9 ayuda a la econom\u00eda?<\/h2>\n<p>La Asociaci\u00f3n Federal de la Energ\u00eda y el Agua lo ve distinto. Una \u00abdivisi\u00f3n en zonas llevar\u00eda a\u00f1os\u00bb. Esa larga fase de transici\u00f3n generar\u00eda \u00abenorme incertidumbre de planificaci\u00f3n\u00bb. La consecuencia: decisiones de inversi\u00f3n podr\u00edan aplazarse o incluso reconsiderarse, \u00abun riesgo que Alemania no puede permitirse en la transformaci\u00f3n hacia la neutralidad clim\u00e1tica\u00bb.<\/p>\n<p>Bernd Weber, Del <em>tope<\/em> Epico, lamenta que el debate sobre una posible divisi\u00f3n de la zona de precios el\u00e9ctricos \u00abest\u00e9 fuertemente politizado y a menudo se quede corto\u00bb, y advierte: \u00abSi una divisi\u00f3nno es pol\u00edticamente viable \u2014como parece actualmente\u2014, los problemas estructurales seguir\u00e1n existiendo o incluso podr\u00edan agravarse\u00bb.<\/p>\n<p>(GG\/RML)<\/p>\n<\/div>\n\n","protected":false},"excerpt":{"rendered":"<p>A los clientes de electricidad en Alemania se les avecinan tiempos dif\u00edciles. Y a la coalici\u00f3n de Gobierno en Berl\u00edn, una nueva prueba de fuego. El motivo: la llamada \u00abzona \u00fanica de oferta el\u00e9ctrica\u00bb. Esta garantiza que la energ\u00eda\u00a0para grandes consumidores tenga el mismo precio en todo el pa\u00eds. Para muchos expertos, esto es una &hellip;<\/p>\n","protected":false},"author":1,"featured_media":41903,"comment_status":"open","ping_status":"open","sticky":false,"template":"","format":"standard","meta":{"fifu_image_url":"https:\/\/static.dw.com\/image\/62175903_6.jpg","fifu_image_alt":"","footnotes":""},"categories":[13],"tags":[],"class_list":["post-41902","post","type-post","status-publish","format-standard","has-post-thumbnail","","category-mundo"],"_links":{"self":[{"href":"https:\/\/noticiasveraces.com\/index.php?rest_route=\/wp\/v2\/posts\/41902","targetHints":{"allow":["GET"]}}],"collection":[{"href":"https:\/\/noticiasveraces.com\/index.php?rest_route=\/wp\/v2\/posts"}],"about":[{"href":"https:\/\/noticiasveraces.com\/index.php?rest_route=\/wp\/v2\/types\/post"}],"author":[{"embeddable":true,"href":"https:\/\/noticiasveraces.com\/index.php?rest_route=\/wp\/v2\/users\/1"}],"replies":[{"embeddable":true,"href":"https:\/\/noticiasveraces.com\/index.php?rest_route=%2Fwp%2Fv2%2Fcomments&post=41902"}],"version-history":[{"count":0,"href":"https:\/\/noticiasveraces.com\/index.php?rest_route=\/wp\/v2\/posts\/41902\/revisions"}],"wp:featuredmedia":[{"embeddable":true,"href":"https:\/\/noticiasveraces.com\/index.php?rest_route=\/wp\/v2\/media\/41903"}],"wp:attachment":[{"href":"https:\/\/noticiasveraces.com\/index.php?rest_route=%2Fwp%2Fv2%2Fmedia&parent=41902"}],"wp:term":[{"taxonomy":"category","embeddable":true,"href":"https:\/\/noticiasveraces.com\/index.php?rest_route=%2Fwp%2Fv2%2Fcategories&post=41902"},{"taxonomy":"post_tag","embeddable":true,"href":"https:\/\/noticiasveraces.com\/index.php?rest_route=%2Fwp%2Fv2%2Ftags&post=41902"}],"curies":[{"name":"wp","href":"https:\/\/api.w.org\/{rel}","templated":true}]}}