{"id":41899,"date":"2025-08-25T14:03:06","date_gmt":"2025-08-25T18:03:06","guid":{"rendered":"https:\/\/noticiasveraces.com\/?p=41899"},"modified":"2025-08-25T14:03:06","modified_gmt":"2025-08-25T18:03:06","slug":"gaza-israel-asesina-a-cinco-periodistas-mas-en-el-ataque-a-un-hospital-la-onu-condena-el-crimen","status":"publish","type":"post","link":"https:\/\/noticiasveraces.com\/?p=41899","title":{"rendered":"Gaza: Israel asesina a cinco periodistas m\u00e1s en el ataque a un hospital, la ONU condena el crimen"},"content":{"rendered":"<p> \n<br \/><img decoding=\"async\" src=\"https:\/\/global.unitednations.entermediadb.net\/assets\/mediadb\/services\/module\/asset\/downloads\/preset\/Libraries\/Production%20Library\/11-02-2025-UNDP-Gaza-Debris-2.JPG\/image560x340cropped.jpg\" \/><\/p>\n<div>\n<p>Las fuerzas israel\u00edes <strong>asesinaron este lunes a una veintena de personas, entre ellas cinco periodistas<\/strong>durante un ataque al hospital Nasser, en el sur de la Franja de Gaza.<\/p>\n<p>Seg\u00fan cifras extraoficiales, con los asesinatos de hoy <strong>suman casi 280 los periodistas abatidos<\/strong> desde el inicio de la embestida de Israel en ese territorio palestino, el 7 de octubre de 2023, tras los ataques liderados por Hamas en el sur de Israel. Los muertos en Gaza a la fecha superan los 61.000.<\/p>\n<p>Al conocer la noticia, el comisionado general de la Agencia de la ONU para los Refugiados Palestinos (UNRWA), afirm\u00f3 que <strong>se siguen silenciando \u201clas \u00faltimas voces<\/strong> que informan sobre ni\u00f1os que mueren en medio de la hambruna\u201d.<\/p>\n<p>\u201cM\u00e1s periodistas asesinados hoy (\u2026) La <strong>indiferencia e inacci\u00f3n del mundo son impactantes<\/strong>\u201d, acus\u00f3 Philippe Lazzarini en una publicaci\u00f3n en X.<\/p>\n<p>Los periodistas abatidos trabajaban para empresas internacionales como Reuters, Al Jazeera y Associated Press.<\/p>\n<h2>Condena en\u00e9rgica<\/h2>\n<p>El Secretario General de la ONU <strong>conden\u00f3 en\u00e9rgicamente el ataque y los asesinatos<\/strong>y destac\u00f3 que entre las v\u00edctimas, adem\u00e1s de civiles y periodistas hab\u00eda personal m\u00e9dico.<\/p>\n<p>\u201cEstos \u00faltimos y terribles asesinatos ponen de relieve los <strong>riesgos extremos que enfrentan el personal m\u00e9dico y los periodistas <\/strong>al realizar su labor vital en medio de este brutal conflicto\u201d, enfatiz\u00f3 Ant\u00f3nio Guterres en una declaraci\u00f3n le\u00edda por su portavoz.<\/p>\n<p>\u201cEl Secretario General recuerda que los civiles, incluidos el personal m\u00e9dico y los periodistas, deben ser respetados y protegidos en todo momento. Tambi\u00e9n <strong>exige una investigaci\u00f3n pronta e imparcial sobre estos asesinatos<\/strong>\u201d, precis\u00f3 Stephan Dujarric en su encuentro diario con la prensa.<\/p>\n<p>Una vez m\u00e1s, subray\u00f3 que el personal m\u00e9dico y los periodistas deben poder desempe\u00f1ar sus funciones esenciales sin interferencias, intimidaci\u00f3n ni da\u00f1os, en plena conformidad con <strong>el derecho internacional humanitario.<\/strong><\/p>\n<p>\u201cEl Secretario General <strong>reitera su llamamiento a un alto el fuego inmediato y permanente<\/strong>al acceso humanitario sin restricciones en toda Gaza y a la liberaci\u00f3n inmediata e incondicional de todos los rehenes\u201d, apunt\u00f3 el portavoz.<\/p>\n<h2>Doble ataque<\/h2>\n<p>Los despachos de prensa disponibles indican que Israel arremeti\u00f3 dos veces contra el hospital, <strong>matando en el segundo ataque a rescatistas y m\u00e9dicos<\/strong> que llegaron a ayudar.<\/p>\n<p>En su reacci\u00f3n ante el crimen, Lazzarini cit\u00f3 a la fil\u00f3sofa y escritora estadounidense Hanna Arendt: \u201cLa muerte de la empat\u00eda humana es una de las primeras y m\u00e1s reveladoras se\u00f1ales <strong>de una cultura a punto de caer en la barbarie\u201d.<\/strong><\/p>\n<p>\u201cEsta no puede ser nuestra nueva norma en el futuro. La compasi\u00f3n debe prevalecer\u201d, puntualiz\u00f3.<\/p>\n<p>El titular de UNRWA ha llamado reiteradamente a <strong>proteger a los civiles<\/strong> en Gaza, incluidos periodistas y trabajadores humanitarios y sanitarios.<\/p>\n<p>Asimismo, ha pugnado por la apertura de los cruces para la <strong>entrada urgente e irrestricta de ayuda humanitaria.<\/strong><\/p>\n<h2>El \u201cnunca m\u00e1s\u201d se ha convertido deliberadamente en \u201cotra vez\u201d<\/h2>\n<p>\u201cDeshagamos esta <strong>hambruna provocada<\/strong> por el hombre (\u2026) Es hora de la voluntad pol\u00edtica. No ma\u00f1ana, ahora\u201d, dijo.<\/p>\n<p>Lazzarini fue categ\u00f3rico al afirmar que en Gaza, <strong>el \u201cnunca m\u00e1s\u201d, se ha convertido deliberadamente en \u201cotra vez\u201d,<\/strong> y advirti\u00f3 que lo que est\u00e1 ocurriendo perseguir\u00e1 a la humanidad.<\/p>\n<p>\u201cLa negaci\u00f3n es la expresi\u00f3n m\u00e1s obscena de deshumanizaci\u00f3n. Es hora de que el gobierno de <strong>Israel deje de promover una narrativa diferente<\/strong>permita que las organizaciones humanitarias brinden asistencia sin restricciones y que los periodistas internacionales informen de forma independiente desde Gaza. Cada hora cuenta\u201d, recalc\u00f3.<\/p>\n<h2>\u00a1Paren los ataques a la atenci\u00f3n m\u00e9dica!<\/h2>\n<p>En el mismo tenor, el director general de la Organizaci\u00f3n Mundial de la Salud (OMS) manifest\u00f3 su indignaci\u00f3n por el ataque de hoy al hospital que, adem\u00e1s, dej\u00f3 <strong>heridas a un m\u00ednimo de 50 personas<\/strong>entre ellas pacientes graves que recib\u00edan atenci\u00f3n m\u00e9dica.<\/p>\n<p>Tedros Adhanom Ghebreyesus se\u00f1al\u00f3 que mientras la poblaci\u00f3n gazat\u00ed sufre hambre, su ya limitado acceso a la atenci\u00f3n m\u00e9dica es a\u00fan m\u00e1s afectado por los repetidos ataques.<\/p>\n<p>\u201cNo podemos decirlo con suficiente fuerza: \u00a1<strong>Paren los ataques a la atenci\u00f3n m\u00e9dica!<\/strong> \u00a1Alto el fuego ya!\u201d, recalc\u00f3.<\/p>\n<p>Tedros detall\u00f3 que entre las personas asesinadas hoy se contaron <strong>cuatro trabajadores de la salud.<\/strong><\/p>\n<\/div>\n\n","protected":false},"excerpt":{"rendered":"<p>Las fuerzas israel\u00edes asesinaron este lunes a una veintena de personas, entre ellas cinco periodistasdurante un ataque al hospital Nasser, en el sur de la Franja de Gaza. Seg\u00fan cifras extraoficiales, con los asesinatos de hoy suman casi 280 los periodistas abatidos desde el inicio de la embestida de Israel en ese territorio palestino, el &hellip;<\/p>\n","protected":false},"author":1,"featured_media":41901,"comment_status":"open","ping_status":"open","sticky":false,"template":"","format":"standard","meta":{"fifu_image_url":"https:\/\/global.unitednations.entermediadb.net\/assets\/mediadb\/services\/module\/asset\/downloads\/preset\/Libraries\/Production%20Library\/11-02-2025-UNDP-Gaza-Debris-2.JPG\/image770x420cropped.jpg","fifu_image_alt":"","footnotes":""},"categories":[3],"tags":[],"class_list":["post-41899","post","type-post","status-publish","format-standard","has-post-thumbnail","","category-negocio"],"_links":{"self":[{"href":"https:\/\/noticiasveraces.com\/index.php?rest_route=\/wp\/v2\/posts\/41899","targetHints":{"allow":["GET"]}}],"collection":[{"href":"https:\/\/noticiasveraces.com\/index.php?rest_route=\/wp\/v2\/posts"}],"about":[{"href":"https:\/\/noticiasveraces.com\/index.php?rest_route=\/wp\/v2\/types\/post"}],"author":[{"embeddable":true,"href":"https:\/\/noticiasveraces.com\/index.php?rest_route=\/wp\/v2\/users\/1"}],"replies":[{"embeddable":true,"href":"https:\/\/noticiasveraces.com\/index.php?rest_route=%2Fwp%2Fv2%2Fcomments&post=41899"}],"version-history":[{"count":0,"href":"https:\/\/noticiasveraces.com\/index.php?rest_route=\/wp\/v2\/posts\/41899\/revisions"}],"wp:featuredmedia":[{"embeddable":true,"href":"https:\/\/noticiasveraces.com\/index.php?rest_route=\/wp\/v2\/media\/41901"}],"wp:attachment":[{"href":"https:\/\/noticiasveraces.com\/index.php?rest_route=%2Fwp%2Fv2%2Fmedia&parent=41899"}],"wp:term":[{"taxonomy":"category","embeddable":true,"href":"https:\/\/noticiasveraces.com\/index.php?rest_route=%2Fwp%2Fv2%2Fcategories&post=41899"},{"taxonomy":"post_tag","embeddable":true,"href":"https:\/\/noticiasveraces.com\/index.php?rest_route=%2Fwp%2Fv2%2Ftags&post=41899"}],"curies":[{"name":"wp","href":"https:\/\/api.w.org\/{rel}","templated":true}]}}