{"id":41884,"date":"2025-08-25T12:03:06","date_gmt":"2025-08-25T16:03:06","guid":{"rendered":"https:\/\/noticiasveraces.com\/?p=41884"},"modified":"2025-08-25T12:03:06","modified_gmt":"2025-08-25T16:03:06","slug":"cinco-periodistas-muertos-en-ataque-a-hospital-dw-25-08-2025","status":"publish","type":"post","link":"https:\/\/noticiasveraces.com\/?p=41884","title":{"rendered":"cinco periodistas muertos en ataque a hospital \u2013 DW \u2013 25\/08\/2025"},"content":{"rendered":"<p> \n<\/p>\n<div data-tracking-name=\"rich-text\" data-tracking-skip=\"true\">\n<p>Seg\u00fan asegura un comunicado del Gobierno de Gaza, hay veinte\u00a0v\u00edctimas mortales, entre ellas varios periodistas que trabajaban para agencias de noticias y televisiones internacionales, en el\u00a0ataque de Israelcontra el hospital Nasser el lunes 25 de agosto. <\/p>\n<p>Cuatro de los informadores fallecidos\u00a0son: Hossam Al Masri (camar\u00f3grafo de la agencia de noticias Reuters), Mohamed Salama (camar\u00f3grafo de la cadena catar\u00ed Al Jazeera), Mariam Abu Daqqa (informadora de la agencia AP, entre otros medios) y Moaz Abu Taha (reportero de la cadena estadounidense NBC).<\/p>\n<p>La propia\u00a0agencia de noticias Reuters informa de que, adem\u00e1s de su camar\u00f3grafo muerto, otro fot\u00f3grafo, Hatem Khaled, ha resultado herido. Por su parte,\u00a0la televisi\u00f3n catar\u00ed Al Jazeera confirm\u00f3\u00a0la muerte de uno de sus periodistas en Gaza. Seg\u00fan publica en X la cadena, el fotoperiodista y camar\u00f3grafo Mohammad Salama falleci\u00f3\u00a0en el\u00a0bombardeo israel\u00ed contra el hospital Al Naser en Jan Yunis.<\/p>\n<h2>Conflicto mort\u00edfero para periodistas<\/h2>\n<p>Desde el inicio de la ofensiva israel\u00ed, provocada por el mort\u00edfero ataque terrorista del 7 de octubre de 2023 perpetrado por Ham\u00e1s, considerada organizaci\u00f3n terrorista por diversos pa\u00edses, la Franja de Gaza\u00a0se ha convertido\u00a0en uno\u00a0de los conflictos\u00a0m\u00e1s mort\u00edferos para los periodistas, seg\u00fan el Comit\u00e9 para la Protecci\u00f3n de los Periodistas (CPJ por sus siglas en ingl\u00e9s).<\/p>\n<p>MS (AFP\/EFE)<\/p>\n<\/p>\n<\/p>\n<\/div>\n\n","protected":false},"excerpt":{"rendered":"<p>Seg\u00fan asegura un comunicado del Gobierno de Gaza, hay veinte\u00a0v\u00edctimas mortales, entre ellas varios periodistas que trabajaban para agencias de noticias y televisiones internacionales, en el\u00a0ataque de Israelcontra el hospital Nasser el lunes 25 de agosto. Cuatro de los informadores fallecidos\u00a0son: Hossam Al Masri (camar\u00f3grafo de la agencia de noticias Reuters), Mohamed Salama (camar\u00f3grafo de &hellip;<\/p>\n","protected":false},"author":1,"featured_media":41885,"comment_status":"open","ping_status":"open","sticky":false,"template":"","format":"standard","meta":{"fifu_image_url":"https:\/\/static.dw.com\/image\/73751097_6.jpg","fifu_image_alt":"","footnotes":""},"categories":[13],"tags":[],"class_list":["post-41884","post","type-post","status-publish","format-standard","has-post-thumbnail","","category-mundo"],"_links":{"self":[{"href":"https:\/\/noticiasveraces.com\/index.php?rest_route=\/wp\/v2\/posts\/41884","targetHints":{"allow":["GET"]}}],"collection":[{"href":"https:\/\/noticiasveraces.com\/index.php?rest_route=\/wp\/v2\/posts"}],"about":[{"href":"https:\/\/noticiasveraces.com\/index.php?rest_route=\/wp\/v2\/types\/post"}],"author":[{"embeddable":true,"href":"https:\/\/noticiasveraces.com\/index.php?rest_route=\/wp\/v2\/users\/1"}],"replies":[{"embeddable":true,"href":"https:\/\/noticiasveraces.com\/index.php?rest_route=%2Fwp%2Fv2%2Fcomments&post=41884"}],"version-history":[{"count":0,"href":"https:\/\/noticiasveraces.com\/index.php?rest_route=\/wp\/v2\/posts\/41884\/revisions"}],"wp:featuredmedia":[{"embeddable":true,"href":"https:\/\/noticiasveraces.com\/index.php?rest_route=\/wp\/v2\/media\/41885"}],"wp:attachment":[{"href":"https:\/\/noticiasveraces.com\/index.php?rest_route=%2Fwp%2Fv2%2Fmedia&parent=41884"}],"wp:term":[{"taxonomy":"category","embeddable":true,"href":"https:\/\/noticiasveraces.com\/index.php?rest_route=%2Fwp%2Fv2%2Fcategories&post=41884"},{"taxonomy":"post_tag","embeddable":true,"href":"https:\/\/noticiasveraces.com\/index.php?rest_route=%2Fwp%2Fv2%2Ftags&post=41884"}],"curies":[{"name":"wp","href":"https:\/\/api.w.org\/{rel}","templated":true}]}}