{"id":41872,"date":"2025-08-25T10:01:10","date_gmt":"2025-08-25T14:01:10","guid":{"rendered":"https:\/\/noticiasveraces.com\/?p=41872"},"modified":"2025-08-25T10:01:10","modified_gmt":"2025-08-25T14:01:10","slug":"kilmar-abrego-otra-vez-detenido-por-el-ice-dw-25-08-2025","status":"publish","type":"post","link":"https:\/\/noticiasveraces.com\/?p=41872","title":{"rendered":"Kilmar \u00c1brego, otra vez detenido por el ICE \u2013 DW \u2013 25\/08\/2025"},"content":{"rendered":"<p> \n<\/p>\n<div data-tracking-name=\"rich-text\" data-tracking-skip=\"true\">\n<p>El abogado del inmigrante salvadore\u00f1o Kilmar Abrego Garc\u00eda, Simon Sandoval-Moshenberg, inform\u00f3 el lunes, 25 de agosto, que su representado fue nuevamente detenido por las autoridades estadounidenses.<\/p>\n<p>El arresto se produjo cuando \u00c1brego Garc\u00eda acud\u00eda\u00a0a una visita a los tribunales de inmigraci\u00f3n de Baltimore (Maryland), tres d\u00edas despu\u00e9s de haber sido puesto en libertad en Tennessee, inform\u00f3 su abogado.<\/p>\n<p>El ciudadano salvadore\u00f1o se volvi\u00f3 un s\u00edmbolo de la guerra del presidente Donald Trump contra la inmigraci\u00f3n. Hace dos d\u00edas,\u00a0los abogados de \u00c1brego Garc\u00eda afirmaron que el Gobierno estadounidense pretend\u00eda\u00a0deportarlo a Uganda.<\/p>\n<p>En un escrito, los defensores solicitaron a los tribunales que desestimaran el caso, argumentando que se trata de un intento\u00a0de castigarlo por impugnar su deportaci\u00f3n inicial a El Salvador. <\/p>\n<h2>En espera de juicio<\/h2>\n<p>El viernes 22 de agosto, Garc\u00eda \u00c1brego fue liberado por orden judicial y se le permiti\u00f3 regresar a su hogar en Maryland, en espera de juicio por cargos de tr\u00e1fico de personas.\u00a0El hombre\u00a0hab\u00eda sido deportado por error a una prisi\u00f3n de alta seguridad en su pa\u00eds y luego regres\u00f3 a territorio estadounidense. <\/p>\n<p>\u00c1brego Garc\u00eda niega haber cometido cualquier delito, mientras que el Gobierno de Trump afirma que es un violento miembro de la pandilla MS-13 que traficaba con otros inmigrantes.<\/p>\n<p>MS (AP\/EFE\/AFP)<\/p>\n<\/p>\n<\/div>\n\n","protected":false},"excerpt":{"rendered":"<p>El abogado del inmigrante salvadore\u00f1o Kilmar Abrego Garc\u00eda, Simon Sandoval-Moshenberg, inform\u00f3 el lunes, 25 de agosto, que su representado fue nuevamente detenido por las autoridades estadounidenses. El arresto se produjo cuando \u00c1brego Garc\u00eda acud\u00eda\u00a0a una visita a los tribunales de inmigraci\u00f3n de Baltimore (Maryland), tres d\u00edas despu\u00e9s de haber sido puesto en libertad en Tennessee, &hellip;<\/p>\n","protected":false},"author":1,"featured_media":41873,"comment_status":"open","ping_status":"open","sticky":false,"template":"","format":"standard","meta":{"fifu_image_url":"https:\/\/static.dw.com\/image\/73759276_6.jpg","fifu_image_alt":"","footnotes":""},"categories":[13],"tags":[],"class_list":["post-41872","post","type-post","status-publish","format-standard","has-post-thumbnail","","category-mundo"],"_links":{"self":[{"href":"https:\/\/noticiasveraces.com\/index.php?rest_route=\/wp\/v2\/posts\/41872","targetHints":{"allow":["GET"]}}],"collection":[{"href":"https:\/\/noticiasveraces.com\/index.php?rest_route=\/wp\/v2\/posts"}],"about":[{"href":"https:\/\/noticiasveraces.com\/index.php?rest_route=\/wp\/v2\/types\/post"}],"author":[{"embeddable":true,"href":"https:\/\/noticiasveraces.com\/index.php?rest_route=\/wp\/v2\/users\/1"}],"replies":[{"embeddable":true,"href":"https:\/\/noticiasveraces.com\/index.php?rest_route=%2Fwp%2Fv2%2Fcomments&post=41872"}],"version-history":[{"count":0,"href":"https:\/\/noticiasveraces.com\/index.php?rest_route=\/wp\/v2\/posts\/41872\/revisions"}],"wp:featuredmedia":[{"embeddable":true,"href":"https:\/\/noticiasveraces.com\/index.php?rest_route=\/wp\/v2\/media\/41873"}],"wp:attachment":[{"href":"https:\/\/noticiasveraces.com\/index.php?rest_route=%2Fwp%2Fv2%2Fmedia&parent=41872"}],"wp:term":[{"taxonomy":"category","embeddable":true,"href":"https:\/\/noticiasveraces.com\/index.php?rest_route=%2Fwp%2Fv2%2Fcategories&post=41872"},{"taxonomy":"post_tag","embeddable":true,"href":"https:\/\/noticiasveraces.com\/index.php?rest_route=%2Fwp%2Fv2%2Ftags&post=41872"}],"curies":[{"name":"wp","href":"https:\/\/api.w.org\/{rel}","templated":true}]}}