{"id":41867,"date":"2025-08-25T09:00:18","date_gmt":"2025-08-25T13:00:18","guid":{"rendered":"https:\/\/noticiasveraces.com\/?p=41867"},"modified":"2025-08-25T09:00:18","modified_gmt":"2025-08-25T13:00:18","slug":"francia-convoca-al-embajador-de-los-estados-unidos-kushner-sobre-las-acusaciones-de-antisemitismo","status":"publish","type":"post","link":"https:\/\/noticiasveraces.com\/?p=41867","title":{"rendered":"Francia convoca al embajador de los Estados Unidos Kushner sobre las acusaciones de antisemitismo"},"content":{"rendered":"<p> \n<\/p>\n<div>\n<div id=\"beyondwords-wrapper\" class=\"beyondwords-wrapper\">\n<p><span class=\"label-bg\">NUEVO<\/span>\u00a1Ahora puedes escuchar art\u00edculos de Fox News!\n  <\/p>\n<\/div>\n<p class=\"speakable\">Francia ha convocado al embajador estadounidense Charles Kushner a Par\u00eds, despu\u00e9s de que el diplom\u00e1tico acus\u00f3 al pa\u00eds de no hacer lo suficiente para combatir el antisemitismo en una carta al presidente franc\u00e9s Emmanuel Macron.<\/p>\n<p class=\"speakable\">El Ministerio de Relaciones Exteriores de Francia dijo en un comunicado emitido el domingo que las acusaciones de Kushner \u00abson inaceptables\u00bb, y anunci\u00f3 que hab\u00eda convocado al diplom\u00e1tico estadounidense para que apareciera el lunes en el Ministerio de Europa y Asuntos Exteriores de Europa francesa.<\/p>\n<p>Kushner, quien es jud\u00edo, escribi\u00f3 en la carta que los incidentes antisemitas en Francia han sido alimentados por declaraciones del gobierno franc\u00e9s sobre reconocer a un estado palestino.<\/p>\n<p>\u00abDeclaraciones p\u00fablicas que arenan a Israel y los gestos hacia el reconocimiento de un estado palestino envalentonan extremistas, combustan la violencia y ponen en peligro la vida jud\u00eda en Francia. En el mundo de hoy, el antisionismo es antisemitismo, simple y simple\u00bb, escribi\u00f3 Kushner.<\/p>\n<p><strong>Trump rechaza el movimiento de Macron cuando EE. UU. Salta una cumbre de la ONU en el estado palestino<\/strong><\/p>\n<div class=\"image-ct inline\">\n<div class=\"m\"><picture><source media=\"(max-width: 767px)\" srcset=\"https:\/\/a57.foxnews.com\/static.foxnews.com\/foxnews.com\/content\/uploads\/2025\/08\/343\/192\/charles-kushner.jpg?ve=1&amp;tl=1, https:\/\/a57.foxnews.com\/static.foxnews.com\/foxnews.com\/content\/uploads\/2025\/08\/686\/384\/charles-kushner.jpg?ve=1&amp;tl=1 2x\" height=\"192\" width=\"343\"><source media=\"(min-width: 768px) and (max-width: 1023px)\" srcset=\"https:\/\/a57.foxnews.com\/static.foxnews.com\/foxnews.com\/content\/uploads\/2025\/08\/672\/378\/charles-kushner.jpg?ve=1&amp;tl=1, https:\/\/a57.foxnews.com\/static.foxnews.com\/foxnews.com\/content\/uploads\/2025\/08\/1344\/756\/charles-kushner.jpg?ve=1&amp;tl=1 2x\" height=\"378\" width=\"672\"><source media=\"(min-width: 1024px) and (max-width: 1279px)\" srcset=\"https:\/\/a57.foxnews.com\/static.foxnews.com\/foxnews.com\/content\/uploads\/2025\/08\/931\/523\/charles-kushner.jpg?ve=1&amp;tl=1, https:\/\/a57.foxnews.com\/static.foxnews.com\/foxnews.com\/content\/uploads\/2025\/08\/1862\/1046\/charles-kushner.jpg?ve=1&amp;tl=1 2x\" height=\"523\" width=\"931\"><source media=\"(min-width: 1280px)\" srcset=\"https:\/\/a57.foxnews.com\/static.foxnews.com\/foxnews.com\/content\/uploads\/2025\/08\/720\/405\/charles-kushner.jpg?ve=1&amp;tl=1, https:\/\/a57.foxnews.com\/static.foxnews.com\/foxnews.com\/content\/uploads\/2025\/08\/1440\/810\/charles-kushner.jpg?ve=1&amp;tl=1 2x\" height=\"405\" width=\"720\"><img loading=\"lazy\" decoding=\"async\" src=\"https:\/\/a57.foxnews.com\/static.foxnews.com\/foxnews.com\/content\/uploads\/2025\/08\/1200\/675\/charles-kushner.jpg?ve=1&amp;tl=1\" alt=\"Charles Kushner\" width=\"1200\" height=\"675\"\/><\/source><\/source><\/source><\/source><\/picture><\/div>\n<div class=\"info\">\n<div class=\"caption\">\n<p><span>Archivo: Charles Kushner llega al funeral de Ivana Trump, 20 de julio de 2022, en Nueva York. (AP Photo\/John Minchillo, archivo)<\/span> <span>(AP Photo\/John Minchillo, archivo)<\/span><\/p>\n<\/div>\n<\/div>\n<\/div>\n<p>Kushner inst\u00f3 adem\u00e1s a Macron \u00aba actuar decisivamente: hacer cumplir las leyes de delitos de odio sin excepci\u00f3n, garantizar la seguridad de las escuelas, sinagogas y negocios jud\u00edas &#8230; y abandonar los pasos que dan legitimidad a Hamas y sus aliados\u00bb.<\/p>\n<div class=\"image-ct inline\">\n<div class=\"m\"><picture><source media=\"(max-width: 767px)\" srcset=\"https:\/\/a57.foxnews.com\/static.foxnews.com\/foxnews.com\/content\/uploads\/2025\/08\/343\/192\/macron.jpg?ve=1&amp;tl=1, https:\/\/a57.foxnews.com\/static.foxnews.com\/foxnews.com\/content\/uploads\/2025\/08\/686\/384\/macron.jpg?ve=1&amp;tl=1 2x\" height=\"192\" width=\"343\"><source media=\"(min-width: 768px) and (max-width: 1023px)\" srcset=\"https:\/\/a57.foxnews.com\/static.foxnews.com\/foxnews.com\/content\/uploads\/2025\/08\/672\/378\/macron.jpg?ve=1&amp;tl=1, https:\/\/a57.foxnews.com\/static.foxnews.com\/foxnews.com\/content\/uploads\/2025\/08\/1344\/756\/macron.jpg?ve=1&amp;tl=1 2x\" height=\"378\" width=\"672\"><source media=\"(min-width: 1024px) and (max-width: 1279px)\" srcset=\"https:\/\/a57.foxnews.com\/static.foxnews.com\/foxnews.com\/content\/uploads\/2025\/08\/931\/523\/macron.jpg?ve=1&amp;tl=1, https:\/\/a57.foxnews.com\/static.foxnews.com\/foxnews.com\/content\/uploads\/2025\/08\/1862\/1046\/macron.jpg?ve=1&amp;tl=1 2x\" height=\"523\" width=\"931\"><source media=\"(min-width: 1280px)\" srcset=\"https:\/\/a57.foxnews.com\/static.foxnews.com\/foxnews.com\/content\/uploads\/2025\/08\/720\/405\/macron.jpg?ve=1&amp;tl=1, https:\/\/a57.foxnews.com\/static.foxnews.com\/foxnews.com\/content\/uploads\/2025\/08\/1440\/810\/macron.jpg?ve=1&amp;tl=1 2x\" height=\"405\" width=\"720\"><img loading=\"lazy\" decoding=\"async\" src=\"https:\/\/a57.foxnews.com\/static.foxnews.com\/foxnews.com\/content\/uploads\/2025\/08\/1200\/675\/macron.jpg?ve=1&amp;tl=1\" alt=\"El presidente de Francia, Emmanuel Macron, lleg\u00f3 a la Casa Blanca\" width=\"1200\" height=\"675\"\/><\/source><\/source><\/source><\/source><\/picture><\/div>\n<div class=\"info\">\n<div class=\"caption\">\n<p><span>El presidente de Francia, Emmanuel Macron, llega para reunirse con el presidente Donald Trump y el presidente de Ucrania, Volodymyr Zelenskyy, el lunes 18 de agosto de 2025, en el p\u00f3rtico sur de la Casa Blanca en Washington.<\/span> <span>(Photo AP\/Jacquelyn Martin)<\/span><\/p>\n<\/div>\n<\/div>\n<\/div>\n<p>El Ministerio de Relaciones Exteriores franceses dijo en su declaraci\u00f3n que \u00abFrancia rechaza firmemente estas acusaciones\u00bb de Kushner, y agreg\u00f3 que las autoridades francesas se han \u00abmovilizado completamente\u00bb para combatir un aumento en los actos antisem\u00edticos desde que Hamas lanz\u00f3 un ataque mortal contra Israel el 7 de octubre de 2023. El ministerio adem\u00e1s consideraba actos antisemitas \u00abintolerables\u00bb.<\/p>\n<p>El ministerio dijo que las acusaciones de Kushner violan el derecho internacional y la obligaci\u00f3n de no interferir con los asuntos internos de otro pa\u00eds, y agreg\u00f3 que \u00abtambi\u00e9n no alcanzan la calidad de la asociaci\u00f3n transatl\u00e1ntica entre Francia y los Estados Unidos y de la confianza que debe prevalecer entre los aliados\u00bb.<\/p>\n<p><strong>Desde Gaza hasta Groenlandia, Macron rompe con Trump en Flashpoints globales<\/strong><\/p>\n<p>Sin embargo, el Departamento de Estado de los Estados Unidos dijo que respald\u00f3 a Kushner y sus comentarios, dijo el portavoz del departamento Tommy Pigott el domingo por la noche.<\/p>\n<p>\u00abEl embajador Kushner es nuestro representante del gobierno de los Estados Unidos en Francia y est\u00e1 haciendo un gran trabajo avanzando nuestros intereses nacionales en ese papel\u00bb, dijo Pigott.<\/p>\n<p>Macron ha sido cr\u00edtico con el primer ministro israel\u00ed Benjamin Netanyahu a medida que contin\u00faa la guerra en Gaza, mientras que el presidente Donald Trump ha sido un firme defensor del l\u00edder israel\u00ed.<\/p>\n<div class=\"image-ct inline\">\n<div class=\"m\"><picture><source media=\"(max-width: 767px)\" srcset=\"https:\/\/a57.foxnews.com\/static.foxnews.com\/foxnews.com\/content\/uploads\/2025\/01\/343\/192\/61ae9d70-netanyahu.jpg?ve=1&amp;tl=1, https:\/\/a57.foxnews.com\/static.foxnews.com\/foxnews.com\/content\/uploads\/2025\/01\/686\/384\/61ae9d70-netanyahu.jpg?ve=1&amp;tl=1 2x\" height=\"192\" width=\"343\"><source media=\"(min-width: 768px) and (max-width: 1023px)\" srcset=\"https:\/\/a57.foxnews.com\/static.foxnews.com\/foxnews.com\/content\/uploads\/2025\/01\/672\/378\/61ae9d70-netanyahu.jpg?ve=1&amp;tl=1, https:\/\/a57.foxnews.com\/static.foxnews.com\/foxnews.com\/content\/uploads\/2025\/01\/1344\/756\/61ae9d70-netanyahu.jpg?ve=1&amp;tl=1 2x\" height=\"378\" width=\"672\"><source media=\"(min-width: 1024px) and (max-width: 1279px)\" srcset=\"https:\/\/a57.foxnews.com\/static.foxnews.com\/foxnews.com\/content\/uploads\/2025\/01\/931\/523\/61ae9d70-netanyahu.jpg?ve=1&amp;tl=1, https:\/\/a57.foxnews.com\/static.foxnews.com\/foxnews.com\/content\/uploads\/2025\/01\/1862\/1046\/61ae9d70-netanyahu.jpg?ve=1&amp;tl=1 2x\" height=\"523\" width=\"931\"><source media=\"(min-width: 1280px)\" srcset=\"https:\/\/a57.foxnews.com\/static.foxnews.com\/foxnews.com\/content\/uploads\/2025\/01\/720\/405\/61ae9d70-netanyahu.jpg?ve=1&amp;tl=1, https:\/\/a57.foxnews.com\/static.foxnews.com\/foxnews.com\/content\/uploads\/2025\/01\/1440\/810\/61ae9d70-netanyahu.jpg?ve=1&amp;tl=1 2x\" height=\"405\" width=\"720\"><img loading=\"lazy\" decoding=\"async\" src=\"https:\/\/a57.foxnews.com\/static.foxnews.com\/foxnews.com\/content\/uploads\/2025\/01\/1200\/675\/61ae9d70-netanyahu.jpg?ve=1&amp;tl=1\" alt=\"Israel Primer Ministro Benjamin Netanyahu\" width=\"1200\" height=\"675\"\/><\/source><\/source><\/source><\/source><\/picture><\/div>\n<div class=\"info\">\n<div class=\"caption\">\n<p><span> El primer ministro israel\u00ed Benjamin Netanyahu habla durante una conferencia de prensa en Jerusal\u00e9n el 9 de diciembre de 2024.<\/span> <span>(Maya Alleruzzo\/Pool\/AFP a trav\u00e9s de Getty Images)<\/span><\/p>\n<\/div>\n<\/div>\n<\/div>\n<p>Kushner, un desarrollador de bienes ra\u00edces, es el padre de Jared Kushner, que est\u00e1 casado con la hija de Trump, Ivanka Trump.<\/p>\n<p><strong><u>Haga clic aqu\u00ed para obtener la aplicaci\u00f3n Fox News<\/u><\/strong><\/p>\n<p>Al final de su primer mandato presidencial, Trump perdon\u00f3 a Charles Kushner, quien se declar\u00f3 culpable a\u00f1os antes de la evasi\u00f3n fiscal y haciendo donaciones ilegales de campa\u00f1a.<\/p>\n<p><i>Associated Press contribuy\u00f3 a este informe.<\/i><\/p>\n<p> <!----> <\/div>\n\n","protected":false},"excerpt":{"rendered":"<p>NUEVO\u00a1Ahora puedes escuchar art\u00edculos de Fox News! Francia ha convocado al embajador estadounidense Charles Kushner a Par\u00eds, despu\u00e9s de que el diplom\u00e1tico acus\u00f3 al pa\u00eds de no hacer lo suficiente para combatir el antisemitismo en una carta al presidente franc\u00e9s Emmanuel Macron. El Ministerio de Relaciones Exteriores de Francia dijo en un comunicado emitido el &hellip;<\/p>\n","protected":false},"author":1,"featured_media":41869,"comment_status":"open","ping_status":"open","sticky":false,"template":"","format":"standard","meta":{"fifu_image_url":"https:\/\/static.foxnews.com\/foxnews.com\/content\/uploads\/2025\/08\/charles-kushner.jpg","fifu_image_alt":"","footnotes":""},"categories":[13],"tags":[],"class_list":["post-41867","post","type-post","status-publish","format-standard","has-post-thumbnail","","category-mundo"],"_links":{"self":[{"href":"https:\/\/noticiasveraces.com\/index.php?rest_route=\/wp\/v2\/posts\/41867","targetHints":{"allow":["GET"]}}],"collection":[{"href":"https:\/\/noticiasveraces.com\/index.php?rest_route=\/wp\/v2\/posts"}],"about":[{"href":"https:\/\/noticiasveraces.com\/index.php?rest_route=\/wp\/v2\/types\/post"}],"author":[{"embeddable":true,"href":"https:\/\/noticiasveraces.com\/index.php?rest_route=\/wp\/v2\/users\/1"}],"replies":[{"embeddable":true,"href":"https:\/\/noticiasveraces.com\/index.php?rest_route=%2Fwp%2Fv2%2Fcomments&post=41867"}],"version-history":[{"count":0,"href":"https:\/\/noticiasveraces.com\/index.php?rest_route=\/wp\/v2\/posts\/41867\/revisions"}],"wp:featuredmedia":[{"embeddable":true,"href":"https:\/\/noticiasveraces.com\/index.php?rest_route=\/wp\/v2\/media\/41869"}],"wp:attachment":[{"href":"https:\/\/noticiasveraces.com\/index.php?rest_route=%2Fwp%2Fv2%2Fmedia&parent=41867"}],"wp:term":[{"taxonomy":"category","embeddable":true,"href":"https:\/\/noticiasveraces.com\/index.php?rest_route=%2Fwp%2Fv2%2Fcategories&post=41867"},{"taxonomy":"post_tag","embeddable":true,"href":"https:\/\/noticiasveraces.com\/index.php?rest_route=%2Fwp%2Fv2%2Ftags&post=41867"}],"curies":[{"name":"wp","href":"https:\/\/api.w.org\/{rel}","templated":true}]}}