{"id":41843,"date":"2025-08-25T05:36:57","date_gmt":"2025-08-25T09:36:57","guid":{"rendered":"https:\/\/noticiasveraces.com\/?p=41843"},"modified":"2025-08-25T05:36:57","modified_gmt":"2025-08-25T09:36:57","slug":"video-conmocion-por-terrible-accidente-de-jugador-marcos-olmedo-que-causo-su-muerte-curiosidades-de-futbol","status":"publish","type":"post","link":"https:\/\/noticiasveraces.com\/?p=41843","title":{"rendered":"Video: conmoci\u00f3n por terrible accidente de jugador Marcos Olmedo que caus\u00f3 su muerte | Curiosidades de f\u00fatbol"},"content":{"rendered":"<p> \n<br \/><img decoding=\"async\" src=\"https:\/\/www.futbolred.com\/files\/article_graphic\/uploads\/2025\/08\/24\/68abdcbe86413.png\" \/><\/p>\n<div id=\"cuerpoArticulo\">\n<p class=\"texto intro\" id=\"p254026-m591-590-592\">El mundo del f\u00fatbol una vez m\u00e1s est\u00e1 de luto por la muerte de un jugador, siendo esta vez el jugador ecuatoriano de Mushuc Runa el que perdi\u00f3 la vida en un tr\u00e1gico accidente de tr\u00e1nsito.<\/p>\n<p class=\"texto contenido-parrafo-articulo\" id=\"p254026-m609-2-610\">Este domingo 24 de agosto el club Mushuc Runa, uno de los m\u00e1s protagonistas de la edici\u00f3n 2025 de la Copa Sudamericana y que recientemente qued\u00f3 eliminado de los octavos de final, confirm\u00f3 el fallecimiento de su jugador, Marcos Olmedo.<\/p>\n<p>\u00abCon profundo pesar, lamentamos informar el fallecimiento de nuestro querido jugador, Marcos Olmedo. Nuestras m\u00e1s sinceras condolencias a su familia y seres queridos en este momento de dolor\u00bb, mencion\u00f3 el club.<\/p>\n<div id=\"p254026-m660-4-661\" class=\"\">\n<blockquote class=\"twitter-tweet\">\n<p lang=\"es\" dir=\"ltr\">\ud835\udc0d\ud835\udc28\ud835\udc2d\ud835\udc1a \ud835\udc1d\ud835\udc1e \ud835\udc02\ud835\udc28\ud835\udc27\ud835\udc1d\ud835\udc28\ud835\udc25\ud835\udc1e\ud835\udc27\ud835\udc1c\ud835\udc22\ud835\udc1a \ud83d\udd4a\ufe0f<\/p>\n<p>Con profundo pesar, lamentamos informar el fallecimiento de nuestro querido jugador, \ud835\udc0c\ud835\udc1a\ud835\udc2b\ud835\udc1c\ud835\udc28\ud835\udc2c \ud835\udc0e\ud835\udc25\ud835\udc26\ud835\udc1e\ud835\udc1d\ud835\udc28. Nuestras m\u00e1s sinceras condolencias a su familia y seres queridos en este momento de dolor. <\/p>\n<p>Descansa en paz, Marcos. <a href=\"https:\/\/t.co\/CI9vas743G\">pic.twitter.com\/ci9vas743g<\/a><\/p>\n<p>&#8211; Mushuc Runa Sporting Club (@clubmushucruna1) <a href=\"https:\/\/twitter.com\/ClubMushucRuna1\/status\/1959668934849765809?ref_src=twsrc%5Etfw\">24 de agosto de 2025<\/a><\/p><\/blockquote><\/div>\n<p><span class=\"articulo-subtitulo subtitulo2 espacio-contenido\" id=\"p254026-m714-5-715\" style=\"width: auto;\">Terrible accidente de tr\u00e1nsito caus\u00f3 su muerte<\/span><\/p>\n<p class=\"texto contenido-parrafo-articulo\" id=\"p254026-m703-5-704\">De acuerdo a videos de c\u00e1maras de seguridad, el jugador de 26 a\u00f1os iba en su veh\u00edculo en el corregimiento de\u00a0Cant\u00f3n Quininde, provincia de Esmeraldas en Ecuador y all\u00ed choc\u00f3 fuertemente contra otro autom\u00f3vil en el que tambi\u00e9n result\u00f3 fallecido el conductor, m\u00e1s otra persona.<\/p>\n<p>El impacto entre los dos veh\u00edculos ocasion\u00f3 la muerte instant\u00e1nea de tres personas (incluida el jugador), todo debido a un aparente micro sue\u00f1o que tuvo el futbolista mientras conduc\u00eda y que le hizo perder el control del volante.<\/p>\n<div id=\"p254026-m666-5-667\" class=\"\">\n<blockquote class=\"twitter-tweet\" data-media-max-width=\"560\">\n<p lang=\"es\" dir=\"ltr\"><a href=\"https:\/\/twitter.com\/hashtag\/Esmeraldas?src=hash&amp;ref_src=twsrc%5Etfw\">#Esmeraldas<\/a><br \/>Cant\u00f3n Quininde, C\u00e1mara capt\u00f3 el accidente de tr\u00e1nsito donde falleci\u00f3 Marcos Olmedo de 26 a\u00f1os, actual jugador de Mushuc Runa y ex jugador de El Nacional con el cual qued\u00f3 campe\u00f3n de la Copa Ecuador 2024 <a href=\"https:\/\/t.co\/YmcH6nAEoz\">pic.twitter.com\/ymch6naeoz<\/a><\/p>\n<p>\u2014 Minuto &#038; Medio (@MinMedio) <a href=\"https:\/\/twitter.com\/MinMedio\/status\/1959662184780206529?ref_src=twsrc%5Etfw\">24 de agosto de 2025<\/a><\/p><\/blockquote><\/div>\n<div id=\"p254026-m741-8-742\" class=\"\">\n<blockquote class=\"twitter-tweet\">\n<p lang=\"es\" dir=\"ltr\"><a href=\"https:\/\/twitter.com\/hashtag\/F%C3%BAtbol?src=hash&amp;ref_src=twsrc%5Etfw\">#F\u00fatbol<\/a>\u25aa\ufe0fJUGADOR PROFESIONAL MUERE DE MANERA TR\u00c1GICA \ud83d\udcac Marcos Olmedo, de 26 a\u00f1os, jugador de Mushuc Runa, muri\u00f3 junto a otras dos personas, en accidente de tr\u00e1nsito, en Las Pimientas, Quinind\u00e9, Esmeraldas. Jug\u00f3 en Olmedo, Aucas, Am\u00e9rica y Liga de Quito, Macar\u00e1 y El Nacional. <a href=\"https:\/\/t.co\/3gzm0A0xPE\">pic.twitter.com\/3gzm0a0xpe<\/a><\/p>\n<p>&#8211; Elcanaldelasredessociales (@canaldelasedes) <a href=\"https:\/\/twitter.com\/CanalDeLasRedes\/status\/1959731435390046517?ref_src=twsrc%5Etfw\">24 de agosto de 2025<\/a><\/p><\/blockquote><\/div>\n<p class=\"texto contenido-parrafo-articulo\" id=\"p254026-m672-6-673\">Marcos Olmedo estaba teniendo una carrera exitosa en el f\u00fatbol ecuatoriano, al jugar en diferentes equipos como Aucas, Macar\u00e1, Liga de Quito, El Nacional y Mushuc Runa, su \u00faltimo club.<\/p>\n<p>El \u00faltimo partido de Marcos Olmedo con Mushuc Runa se registr\u00f3 el 23 de agosto de 2025 en la derrota 2-1 ante Macar\u00e1 en la fecha 26 de la Liga Pro de Ecuador, encuentro donde fue suplente y no tuvo minutos.<\/p>\n<\/div>\n<p><script async src=\"https:\/\/platform.twitter.com\/widgets.js\" charset=\"utf-8\"><\/script><br \/>\n<br \/>\n","protected":false},"excerpt":{"rendered":"<p>El mundo del f\u00fatbol una vez m\u00e1s est\u00e1 de luto por la muerte de un jugador, siendo esta vez el jugador ecuatoriano de Mushuc Runa el que perdi\u00f3 la vida en un tr\u00e1gico accidente de tr\u00e1nsito. Este domingo 24 de agosto el club Mushuc Runa, uno de los m\u00e1s protagonistas de la edici\u00f3n 2025 de &hellip;<\/p>\n","protected":false},"author":1,"featured_media":41845,"comment_status":"open","ping_status":"open","sticky":false,"template":"","format":"standard","meta":{"fifu_image_url":"https:\/\/www.futbolred.com\/files\/og_thumbnail\/uploads\/2025\/08\/24\/68abdcbe86413.png","fifu_image_alt":"","footnotes":""},"categories":[6],"tags":[],"class_list":["post-41843","post","type-post","status-publish","format-standard","has-post-thumbnail","","category-deportes"],"_links":{"self":[{"href":"https:\/\/noticiasveraces.com\/index.php?rest_route=\/wp\/v2\/posts\/41843","targetHints":{"allow":["GET"]}}],"collection":[{"href":"https:\/\/noticiasveraces.com\/index.php?rest_route=\/wp\/v2\/posts"}],"about":[{"href":"https:\/\/noticiasveraces.com\/index.php?rest_route=\/wp\/v2\/types\/post"}],"author":[{"embeddable":true,"href":"https:\/\/noticiasveraces.com\/index.php?rest_route=\/wp\/v2\/users\/1"}],"replies":[{"embeddable":true,"href":"https:\/\/noticiasveraces.com\/index.php?rest_route=%2Fwp%2Fv2%2Fcomments&post=41843"}],"version-history":[{"count":0,"href":"https:\/\/noticiasveraces.com\/index.php?rest_route=\/wp\/v2\/posts\/41843\/revisions"}],"wp:featuredmedia":[{"embeddable":true,"href":"https:\/\/noticiasveraces.com\/index.php?rest_route=\/wp\/v2\/media\/41845"}],"wp:attachment":[{"href":"https:\/\/noticiasveraces.com\/index.php?rest_route=%2Fwp%2Fv2%2Fmedia&parent=41843"}],"wp:term":[{"taxonomy":"category","embeddable":true,"href":"https:\/\/noticiasveraces.com\/index.php?rest_route=%2Fwp%2Fv2%2Fcategories&post=41843"},{"taxonomy":"post_tag","embeddable":true,"href":"https:\/\/noticiasveraces.com\/index.php?rest_route=%2Fwp%2Fv2%2Ftags&post=41843"}],"curies":[{"name":"wp","href":"https:\/\/api.w.org\/{rel}","templated":true}]}}