{"id":41808,"date":"2025-08-24T23:06:11","date_gmt":"2025-08-25T03:06:11","guid":{"rendered":"https:\/\/noticiasveraces.com\/?p=41808"},"modified":"2025-08-24T23:06:11","modified_gmt":"2025-08-25T03:06:11","slug":"esto-es-lo-que-podria-pasar-en-el-check-in-de-hielo-de-kilmar-abrego-garcia","status":"publish","type":"post","link":"https:\/\/noticiasveraces.com\/?p=41808","title":{"rendered":"Esto es lo que podr\u00eda pasar en el check-in de hielo de Kilmar Abrego Garc\u00eda"},"content":{"rendered":"<p> \n<br \/><img decoding=\"async\" src=\"https:\/\/media-cldnry.s-nbcnews.com\/image\/upload\/t_fit_1500w\/rockcms\/2025-08\/250822-Cookeville-tennessee-Kilmar-Abrego-Garcia-released-from-jail-ac-414p-fa7f43.jpg\" \/><\/p>\n<div>\n<p id=\"anchor-644afc\" class=\"body-graf\">Kilmar Abrego Garc\u00eda, el hombre que el gobierno dice que fue deportado por error a una notoria prisi\u00f3n en El Salvador, se reunir\u00e1 con funcionarios de inmigraci\u00f3n el lunes bajo la inminente amenaza de una segunda deportaci\u00f3n, esta vez a Uganda.<\/p>\n<p id=\"anchor-dd2b52\" class=\"body-graf\">El caso de Abrego, un punto de inflamaci\u00f3n en la represi\u00f3n de las administraciones de Trump contra la inmigraci\u00f3n, ahora se encuentra en una encrucijada importante. <\/p>\n<p id=\"anchor-348d6c\" class=\"body-graf\">Fue liberado de la custodia federal en libertad condicional el viernes y tuvo una reuni\u00f3n llorosa con su familia.<strong> <\/strong>Despu\u00e9s de casi medio a\u00f1o de diferencia.<\/p>\n<p id=\"anchor-45beb6\" class=\"body-graf\">Pero la administraci\u00f3n Trump ha duplicado su resoluci\u00f3n de deportarlo, alegando que es miembro de la violenta pandilla MS-13, un reclamo que sus abogados han negado repetidamente.<\/p>\n<p id=\"anchor-ecba7b\" class=\"body-graf\">Abrego hab\u00eda sido deportado en marzo en lo que la Casa Blanca llam\u00f3 un \u00aberror administrativo\u00bb, y despu\u00e9s de una tediosa saga legal, fue devuelto a los Estados Unidos en junio. Pero fue inmediatamente detenido nuevamente, esta vez por cargos de contrabando humanos en Tennessee. Se declar\u00f3 inocente de esos cargos. <\/p>\n<p id=\"anchor-8bbc68\" class=\"body-graf\">Minutos despu\u00e9s de su liberaci\u00f3n, las autoridades de inmigraci\u00f3n notificaron a Abrego que tienen la intenci\u00f3n de deportarlo a Uganda. Por separado, la administraci\u00f3n Trump le ofreci\u00f3 un acuerdo de culpabilidad que garantizar\u00eda su eventual deportaci\u00f3n a Costa Rica.<\/p>\n<p id=\"anchor-fba967\" class=\"body-graf\">El viernes por la noche, el gobierno inform\u00f3 a Abrego que tiene hasta \u00ablo primero\u00bb el lunes por la ma\u00f1ana para aceptar una s\u00faplica a cambio de la deportaci\u00f3n a Costa Rica \u00ab, o de lo contrario esa oferta estar\u00e1 fuera de la mesa para siempre\u00bb, los abogados de Abrego escribieron en una presentaci\u00f3n como parte de sus esfuerzos para obtener los cargos en Tennessee cayeron sobre lo que consideran un \u00abv\u00edndico\u00bb y \u00abselectivo\u00bb. \u00abSelectivo\u00bb.<\/p>\n<p id=\"anchor-4b6a47\" class=\"body-graf\">As\u00ed es como puede desarrollarse la cita del lunes:<\/p>\n<h2 id=\"anchor-bca469\" class=\"body-heading\">Check-in de hielo del lunes<\/h2>\n<p id=\"anchor-d81fba\" class=\"body-graf\">Abrego tendr\u00e1 un check-in con la aplicaci\u00f3n de la inmigraci\u00f3n y la aduana en Baltimore el lunes como parte de las condiciones de su liberaci\u00f3n de la custodia federal en libertad condicional. <\/p>\n<p id=\"anchor-bbc27b\" class=\"body-graf\">Por lo general, dicho check-in de ICE es una breve reuni\u00f3n con un oficial de las operaciones de aplicaci\u00f3n y eliminaci\u00f3n de ICE para revisar el estado del caso, proporcionar actualizaciones y confirmar d\u00f3nde vive una persona. Por lo general, una persona se libera hasta el siguiente check-in programado.<\/p>\n<p id=\"anchor-0de2f7\" class=\"body-graf\">Pero los abogados de Abrego le dijeron a NBC News que esperan que lo lleven a la custodia de ICE durante el check-in, dada el aviso de la administraci\u00f3n Trump de su intenci\u00f3n de deportarlo. <\/p>\n<p id=\"anchor-04c871\" class=\"body-graf\">Un juez dictamin\u00f3 en julio que el gobierno ten\u00eda que proporcionar 72 horas de aviso, excluyendo los fines de semana, si tiene la intenci\u00f3n de deportar a Abrego a un tercer pa\u00eds, que el Departamento de Justicia proporcion\u00f3 el viernes por la tarde. <\/p>\n<p id=\"anchor-6441a8\" class=\"body-graf\">Los abogados de Abrego han dicho que emigraron ilegalmente a los Estados Unidos cuando ten\u00eda 16 a\u00f1os para unirse a su hermano en Maryland para escapar de la violencia de las pandillas en El Salvador.<\/p>\n<p id=\"anchor-0cc7f2\" class=\"body-graf\">Su deportaci\u00f3n a El Salvador viol\u00f3 una orden judicial de 2019 que lo protegi\u00f3 de ser deportado a su pa\u00eds de origen debido a las preocupaciones de que las pandillas violentas lo persegu\u00edan. Pero esa orden no impide su deportaci\u00f3n a ning\u00fan otro pa\u00eds.<\/p>\n<h2 id=\"anchor-b27138\" class=\"body-heading\">\u00bfQu\u00e9 puede pasar desde aqu\u00ed?<\/h2>\n<p id=\"anchor-d5c5b0\" class=\"body-graf\">Varios caminos podr\u00edan desarrollarse desde aqu\u00ed: Abrego podr\u00eda tomar el acuerdo de culpabilidad y eventualmente ser deportado a Costa Rica o podr\u00eda negarse y ser deportado a Uganda, o sus abogados podr\u00edan luchar contra Uganda como una opci\u00f3n de deportaci\u00f3n. <\/p>\n<p id=\"anchor-8ba4d4\" class=\"body-graf\">Si Abrego no cambia su s\u00faplica en el caso federal de Tennessee, podr\u00eda ser deportado a Uganda tan pronto como el mi\u00e9rcoles.<\/p>\n<p id=\"anchor-ba103a\" class=\"body-graf\">Sin embargo, Abrego no pudo enfrentar los cargos penales de contrabando humano presentados contra \u00e9l por el Departamento de Justicia en ese caso si es retirado del pa\u00eds. Su juicio est\u00e1 programado para enero en Nashville.<\/p>\n<p id=\"anchor-108e56\" class=\"body-graf\">La semana pasada, Uganda acord\u00f3 un acuerdo con Estados Unidos para tomar migrantes deportados, siempre que no tengan antecedentes penales y no sean menores no acompa\u00f1ados. El Ministerio de Asuntos Exteriores de Uganda dijo que Uganda prefiere que los migrantes enviados all\u00ed hay de nacionalidades africanas.<\/p>\n<p id=\"anchor-411623\" class=\"body-graf\">Los abogados de Abrego tambi\u00e9n podr\u00edan tratar de evitar su deportaci\u00f3n a Uganda por completo y tratar de convencer a un juez de inmigraci\u00f3n dentro de las 72 horas de que es probable que experimente persecuci\u00f3n o tortura all\u00ed. Un juez de inmigraci\u00f3n tendr\u00eda que aceptar evitar su deportaci\u00f3n a Uganda.<\/p>\n<p id=\"anchor-db0aff\" class=\"body-graf\">El s\u00e1bado, Simon Sandoval-Moshenberg, uno de los abogados de Abrego, acus\u00f3 al gobierno de \u00abcastigar\u00bb a Abrego por \u00abejercer sus derechos constitucionales\u00bb.<\/p>\n<p id=\"anchor-a2cb7f\" class=\"body-graf\">\u00abEs absurdo que lo enviaran a \u00c1frica, a un pa\u00eds donde ni siquiera habla el idioma, un pa\u00eds con violaciones documentadas de derechos humanos, cuando hay tantas otras opciones. Esta familia ha sufrido lo suficiente\u00bb, dijo Sandoval-Moshenberg fuera de la casa del hermano de Abrego.<\/p>\n<p id=\"anchor-b2b1cd\" class=\"body-graf\">Dijo que tienen la intenci\u00f3n de \u00abluchar contra los dientes y las u\u00f1as\u00bb contra la deportaci\u00f3n a Uganda, Sud\u00e1n del Sur, Libia y \u00abcualquier otro pa\u00eds completamente rid\u00edculo que se les ocurra\u00bb. <\/p>\n<h2 id=\"anchor-8c7f75\" class=\"body-heading\">\u00bfQu\u00e9 pasa si Abrego toma un trato de s\u00faplica?<\/h2>\n<p id=\"anchor-82a0f4\" class=\"body-graf\">Alternativamente, Abrego podr\u00eda tomar un acuerdo de culpabilidad que ofreci\u00f3 la administraci\u00f3n Trump.<\/p>\n<p id=\"anchor-673300\" class=\"body-graf\">Ese acuerdo requerir\u00eda que se declare culpable de ambos cargos de la acusaci\u00f3n criminal en su contra en Tennessee, sirva a tiempo y luego sea deportado.<\/p>\n<p id=\"anchor-6de8ab\" class=\"body-graf\">Si Abrego se declar\u00f3 culpable o es condenado por un jurado, los cargos llevan una sentencia de hasta 10 a\u00f1os en una prisi\u00f3n federal. En cualquier escenario, el juez de distrito estadounidense Wesley Crenshaw en Nashville determinar\u00eda cu\u00e1nto tiempo servir\u00eda.<\/p>\n<p id=\"anchor-a0e01f\" class=\"body-graf\">Si finalmente es deportado a Costa Rica, Abrego ser\u00eda bienvenido como refugiado y vivir\u00eda como un hombre libre, dijo el gobierno costarricense en una carta uno de los abogados de Abrego presentados al tribunal como parte de la presentaci\u00f3n en el caso de Tennessee.<\/p>\n<p id=\"anchor-771888\" class=\"body-graf\">En la presentaci\u00f3n, el abogado Sean Hecker dijo que el Departamento de Justicia, la Seguridad Nacional y el ICE estaban \u00abusando sus poderes colectivos para obligar al Sr. Abrego a elegir entre una declaraci\u00f3n de culpabilidad seguida de una seguridad relativa o una interpretaci\u00f3n a Uganda, donde su seguridad y libertad estar\u00edan bajo amenaza\u00bb. <\/p>\n<p id=\"anchor-966a60\" class=\"body-graf\">Sandoval-Moshenberg llam\u00f3 al s\u00e1bado \u00abbastante razonable\u00bb de la oferta \u00abbastante razonable\u00bb, diciendo: \u00abCosta Rica tiene sentido. Es un pa\u00eds de habla hispana. Es inmediato para los Estados Unidos. Su familia puede visitarlo all\u00ed f\u00e1cilmente\u00bb.<\/p>\n<p id=\"anchor-45eb95\" class=\"endmark body-graf\">El caso de Abrego ha provocado un acalorado debate y un intenso escrutinio sobre las pol\u00edticas de inmigraci\u00f3n de la administraci\u00f3n de triunfo, incluida la carrera para deportar a las personas, a veces sin el debido proceso, redacciones de hielo agresivas y condiciones de detenci\u00f3n de s\u00f3rdidas.<\/p>\n<\/div>\n\n","protected":false},"excerpt":{"rendered":"<p>Kilmar Abrego Garc\u00eda, el hombre que el gobierno dice que fue deportado por error a una notoria prisi\u00f3n en El Salvador, se reunir\u00e1 con funcionarios de inmigraci\u00f3n el lunes bajo la inminente amenaza de una segunda deportaci\u00f3n, esta vez a Uganda. El caso de Abrego, un punto de inflamaci\u00f3n en la represi\u00f3n de las administraciones &hellip;<\/p>\n","protected":false},"author":1,"featured_media":41810,"comment_status":"open","ping_status":"open","sticky":false,"template":"","format":"standard","meta":{"fifu_image_url":"https:\/\/media-cldnry.s-nbcnews.com\/image\/upload\/t_nbcnews-fp-1200-630,f_auto,q_auto:best\/rockcms\/2025-08\/250822-Cookeville-tennessee-Kilmar-Abrego-Garcia-released-from-jail-ac-414p-fa7f43.jpg","fifu_image_alt":"","footnotes":""},"categories":[4],"tags":[],"class_list":["post-41808","post","type-post","status-publish","format-standard","has-post-thumbnail","","category-historias-destacadas"],"_links":{"self":[{"href":"https:\/\/noticiasveraces.com\/index.php?rest_route=\/wp\/v2\/posts\/41808","targetHints":{"allow":["GET"]}}],"collection":[{"href":"https:\/\/noticiasveraces.com\/index.php?rest_route=\/wp\/v2\/posts"}],"about":[{"href":"https:\/\/noticiasveraces.com\/index.php?rest_route=\/wp\/v2\/types\/post"}],"author":[{"embeddable":true,"href":"https:\/\/noticiasveraces.com\/index.php?rest_route=\/wp\/v2\/users\/1"}],"replies":[{"embeddable":true,"href":"https:\/\/noticiasveraces.com\/index.php?rest_route=%2Fwp%2Fv2%2Fcomments&post=41808"}],"version-history":[{"count":0,"href":"https:\/\/noticiasveraces.com\/index.php?rest_route=\/wp\/v2\/posts\/41808\/revisions"}],"wp:featuredmedia":[{"embeddable":true,"href":"https:\/\/noticiasveraces.com\/index.php?rest_route=\/wp\/v2\/media\/41810"}],"wp:attachment":[{"href":"https:\/\/noticiasveraces.com\/index.php?rest_route=%2Fwp%2Fv2%2Fmedia&parent=41808"}],"wp:term":[{"taxonomy":"category","embeddable":true,"href":"https:\/\/noticiasveraces.com\/index.php?rest_route=%2Fwp%2Fv2%2Fcategories&post=41808"},{"taxonomy":"post_tag","embeddable":true,"href":"https:\/\/noticiasveraces.com\/index.php?rest_route=%2Fwp%2Fv2%2Ftags&post=41808"}],"curies":[{"name":"wp","href":"https:\/\/api.w.org\/{rel}","templated":true}]}}