{"id":41783,"date":"2025-08-24T20:31:12","date_gmt":"2025-08-25T00:31:12","guid":{"rendered":"https:\/\/noticiasveraces.com\/?p=41783"},"modified":"2025-08-24T20:31:12","modified_gmt":"2025-08-25T00:31:12","slug":"la-reciente-ola-de-calor-ha-sido-la-mas-intensa-en-espana-desde-1975-clima-y-medio-ambiente","status":"publish","type":"post","link":"https:\/\/noticiasveraces.com\/?p=41783","title":{"rendered":"La reciente ola de calor ha sido la m\u00e1s intensa en Espa\u00f1a desde 1975 | Clima y Medio Ambiente"},"content":{"rendered":"<p> \n<br \/><img decoding=\"async\" src=\"https:\/\/imagenes.elpais.com\/resizer\/v2\/37UJPE73SZMWZD33K2O54QT3VQ.jpg?auth=4308abfec394d142d1ebd2f3b1abcc61b1595bce69541b507572033760b8e195\" \/><\/p>\n<div data-dtm-region=\"articulo_cuerpo\">\n<p class=\"\">La ola de calor sufrida en Espa\u00f1a entre los pasados 3 y 18 de agosto fue la m\u00e1s intensa desde que hay registros, en concreto, desde 1975. Durante la misma se registraron los diez d\u00edas seguidos m\u00e1s c\u00e1lidos desde al menos 1950 y este verano se perfila ya como uno de los dos m\u00e1s c\u00e1lidos de la serie hist\u00f3rica, empatando con el de 2022, que tiene el r\u00e9cord. <\/p>\n<p class=\"\">La intensidad de la ola de calor se analiza con el par\u00e1metro \u2018anomal\u00eda de la ola\u2019, que cuantifica cu\u00e1nto se han desviado las temperaturas m\u00e1ximas registradas respecto a los umbrales de ola de calor. As\u00ed lo explica la Agencia Estatal de Meteorolog\u00eda (AEMET) en un hilo publicado en X, recogido por Europa Press, en el que detalla, a\u00fan con datos provisionales, que esta \u00faltima ola tuvo una anomal\u00eda de 4,6\u00baC, superando la de julio de 2022, que era la m\u00e1s intensa hasta ahora con 4,5\u00baC de anomal\u00eda. <\/p>\n<div id=\"sum_twitter\" data-oembed-type=\"twitter\" class=\"a_em _df\">\n<blockquote class=\"twitter-tweet\">\n<p lang=\"es\" dir=\"ltr\">\ud83d\udcc8\ud83e\uddf5La reciente ola de calor ha sido la m\u00e1s intensa desde que hay registros en Espa\u00f1a.<\/p>\n<p>\u2192 Con datos provisionales, tuvo una anomal\u00eda de 4.6 \u00b0C y supera a la de julio de 2022, la m\u00e1s intensa hasta ahora con 4.5 \u00b0C de anomal\u00eda. <a href=\"https:\/\/t.co\/shnuYAEThU\">pic.twitter.com\/shnuyaethu<\/a><\/p>\n<p>\u2014 AEMET (@AEMET_Esp) <a href=\"https:\/\/twitter.com\/AEMET_Esp\/status\/1959503228577423771?ref_src=twsrc%5Etfw\">24 de agosto de 2025<\/a><\/p><\/blockquote>\n<\/div>\n<p class=\"\">Desde 1975 han tenido lugar 77 olas de calor en el \u00e1mbito de la Pen\u00ednsula y Baleares, de las que seis han tenido una anomal\u00eda de 4\u00baC o m\u00e1s y cinco de ellas se han producido desde 2019. <\/p>\n<h3 class=\"\">Periodo 1-20 de agosto, el m\u00e1s c\u00e1lido desde 1961 <\/h3>\n<p class=\"\">La \u00faltima se extendi\u00f3 entre 16 d\u00edas, lo que ha contribuido a que los primeros 20 d\u00edas de este mes se hayan convertido en el periodo 1-20 de agosto m\u00e1s c\u00e1lido desde, al menos, 1961 en el conjunto del pa\u00eds. <\/p>\n<p class=\"\">Adem\u00e1s, el periodo comprendido entre los d\u00edas 8 y 17 fue el conjunto de diez d\u00edas consecutivos m\u00e1s c\u00e1lido desde al menos 1950. La AEMET apunta que de los 20 per\u00edodos m\u00e1s c\u00e1lidos, cinco corresponden a la reciente ola de calor y 15 se han vivido desde 2022. <\/p>\n<p class=\"\">Con los datos observados y la predicci\u00f3n hasta el d\u00eda 31 de agosto, la agencia ya anticipa que este verano ser\u00e1, \u201ccon casi total seguridad, uno de los dos m\u00e1s c\u00e1lidos de la serie\u201d, empatando con el de 2022, el m\u00e1s c\u00e1lido hasta la fecha. Cuatro de los cinco agostos m\u00e1s c\u00e1lidos han sido los cuatro \u00faltimos y el otro fue el de 2003. <\/p>\n<p class=\"\">Adem\u00e1s, en lo que va de 2025 han predominado los episodios c\u00e1lidos sobre los fr\u00edos. Aunque marzo fue un mes muy fr\u00edo y mayo normal, el resto de meses han sido c\u00e1lidos, muy c\u00e1lidos o extremadamente c\u00e1lidos. Tras analizar las temperaturas entre enero y agosto, la AEMET concluye que este a\u00f1o es el segundo m\u00e1s c\u00e1lido de la serie, tras el a\u00f1o pasado. De hecho apunta a un empate entre los \u00faltimos cuatro a\u00f1os, que se distancian claramente del resto y solo 2020 y 2017 quedan cerca. <\/p>\n<p class=\"\">En este contexto, la AEMET detalla que la temperatura media en Espa\u00f1a ha aumentado 1,69 grados entre 1961 y 2024 y que las olas de calor est\u00e1n aumentando en \u201cduraci\u00f3n, extensi\u00f3n e intensidad\u201d, y cada vez se registran con m\u00e1s frecuencia episodios de temperaturas muy altas, tanto diurnas como nocturnas. Seg\u00fan los datos del Panel Intergubernamental contra el Cambio Clim\u00e1tico, los veranos habituales a mediados del siglo XXI en la regi\u00f3n mediterr\u00e1nea podr\u00edan ser unos 2 grados m\u00e1s c\u00e1lidos que los del per\u00edodo 1981-2020 y la AEMET alerta de que los veranos de 2022 y 2025 ya est\u00e1n al nivel de esos veranos de mediados de siglo. <\/p>\n<p class=\"\">\u201cQue cuatro de las cinco olas de calor m\u00e1s intensas hayan ocurrido desde 2019 no es casualidad. Cada verano no va a ser siempre m\u00e1s c\u00e1lido que el anterior; pero la tendencia a veranos m\u00e1s extremos es clara. Las claves: adaptaci\u00f3n y mitigaci\u00f3n del cambio clim\u00e1tico\u201d, concluye la AEMET. <\/p>\n<\/div>\n<p><script async src=\"https:\/\/platform.twitter.com\/widgets.js\" charset=\"utf-8\"><\/script><br \/>\n<br \/>\n","protected":false},"excerpt":{"rendered":"<p>La ola de calor sufrida en Espa\u00f1a entre los pasados 3 y 18 de agosto fue la m\u00e1s intensa desde que hay registros, en concreto, desde 1975. Durante la misma se registraron los diez d\u00edas seguidos m\u00e1s c\u00e1lidos desde al menos 1950 y este verano se perfila ya como uno de los dos m\u00e1s c\u00e1lidos &hellip;<\/p>\n","protected":false},"author":1,"featured_media":41785,"comment_status":"open","ping_status":"open","sticky":false,"template":"","format":"standard","meta":{"fifu_image_url":"https:\/\/imagenes.elpais.com\/resizer\/v2\/37UJPE73SZMWZD33K2O54QT3VQ.jpg?auth=4308abfec394d142d1ebd2f3b1abcc61b1595bce69541b507572033760b8e195&width=1200","fifu_image_alt":"","footnotes":""},"categories":[11],"tags":[],"class_list":["post-41783","post","type-post","status-publish","format-standard","has-post-thumbnail","","category-viaje"],"_links":{"self":[{"href":"https:\/\/noticiasveraces.com\/index.php?rest_route=\/wp\/v2\/posts\/41783","targetHints":{"allow":["GET"]}}],"collection":[{"href":"https:\/\/noticiasveraces.com\/index.php?rest_route=\/wp\/v2\/posts"}],"about":[{"href":"https:\/\/noticiasveraces.com\/index.php?rest_route=\/wp\/v2\/types\/post"}],"author":[{"embeddable":true,"href":"https:\/\/noticiasveraces.com\/index.php?rest_route=\/wp\/v2\/users\/1"}],"replies":[{"embeddable":true,"href":"https:\/\/noticiasveraces.com\/index.php?rest_route=%2Fwp%2Fv2%2Fcomments&post=41783"}],"version-history":[{"count":0,"href":"https:\/\/noticiasveraces.com\/index.php?rest_route=\/wp\/v2\/posts\/41783\/revisions"}],"wp:featuredmedia":[{"embeddable":true,"href":"https:\/\/noticiasveraces.com\/index.php?rest_route=\/wp\/v2\/media\/41785"}],"wp:attachment":[{"href":"https:\/\/noticiasveraces.com\/index.php?rest_route=%2Fwp%2Fv2%2Fmedia&parent=41783"}],"wp:term":[{"taxonomy":"category","embeddable":true,"href":"https:\/\/noticiasveraces.com\/index.php?rest_route=%2Fwp%2Fv2%2Fcategories&post=41783"},{"taxonomy":"post_tag","embeddable":true,"href":"https:\/\/noticiasveraces.com\/index.php?rest_route=%2Fwp%2Fv2%2Ftags&post=41783"}],"curies":[{"name":"wp","href":"https:\/\/api.w.org\/{rel}","templated":true}]}}