{"id":41781,"date":"2025-08-24T20:01:12","date_gmt":"2025-08-25T00:01:12","guid":{"rendered":"https:\/\/noticiasveraces.com\/?p=41781"},"modified":"2025-08-24T20:01:12","modified_gmt":"2025-08-25T00:01:12","slug":"cuatro-muertos-en-bombardeo-de-israel-contra-huties-en-yemen-dw-24-08-2025","status":"publish","type":"post","link":"https:\/\/noticiasveraces.com\/?p=41781","title":{"rendered":"Cuatro muertos en bombardeo de Israel contra hut\u00edes en Yemen \u2013 DW \u2013 24\/08\/2025"},"content":{"rendered":"<p> \n<\/p>\n<div data-tracking-name=\"rich-text\" data-tracking-skip=\"true\">\n<p>Un bombardeo israel\u00ed en San\u00e1, la capital de Yemen, dej\u00f3 al menos cuatro muertos y 67 heridos este domingo, reportaron los rebeldes hut\u00edes, una semana despu\u00e9s de un ataque similar en el marco de los enfrentamientos desatados tras \u00eal conflicto en Gaza.<\/p>\n<p>La cadena de televisi\u00f3n Al Masirah, controlada por los insurgentes, report\u00f3 que \u00abvarios ataques tuvieron como objetivo una gasolinera de una compa\u00f1\u00eda petrolera\u00bb y una \u00abcentral el\u00e9ctrica\u00bb en el sur de San\u00e1, que ya hab\u00eda sido bombardeada por Israel hace una semana.<\/p>\n<p>Por su parte, el ej\u00e9rcito israel\u00ed indic\u00f3 que \u00abatac\u00f3 infraestructuras militares del r\u00e9gimen terrorista hut\u00ed\u00bb en la capital, incluidas zonas cercanas al palacio presidencial, centrales el\u00e9ctricas de Assar y Hezyaz y una instalaci\u00f3n de almacenamiento de combustible, los cuales son \u00abusados para actividades militares\u00bb por los rebeldes.<\/p>\n<p>\u00abLos ataques se llevaron a cabo en respuesta a los repetidos ataques del r\u00e9gimen terrorista hut\u00ed contra el Estado de Israel y sus civiles, incluido el lanzamiento de misiles tierra-tierra y veh\u00edculos a\u00e9reos no tripulados hacia territorio israel\u00ed en los \u00faltimos d\u00edas\u00bb, declar\u00f3 el ej\u00e9rcito en un comunicado.<\/p>\n<p>El Ministerio de Defensa israel\u00ed public\u00f3 una fotograf\u00eda que muestra al primer ministro Benjamin Netanyahu y al ministro de Defensa, Israel Katz, supervisando la operaci\u00f3n militar en Yemen desde un b\u00fanker de comando.<\/p>\n<p>RR AFP\/AP<\/p>\n<\/div>\n\n","protected":false},"excerpt":{"rendered":"<p>Un bombardeo israel\u00ed en San\u00e1, la capital de Yemen, dej\u00f3 al menos cuatro muertos y 67 heridos este domingo, reportaron los rebeldes hut\u00edes, una semana despu\u00e9s de un ataque similar en el marco de los enfrentamientos desatados tras \u00eal conflicto en Gaza. La cadena de televisi\u00f3n Al Masirah, controlada por los insurgentes, report\u00f3 que \u00abvarios &hellip;<\/p>\n","protected":false},"author":1,"featured_media":41782,"comment_status":"open","ping_status":"open","sticky":false,"template":"","format":"standard","meta":{"fifu_image_url":"https:\/\/static.dw.com\/image\/70996667_6.jpg","fifu_image_alt":"","footnotes":""},"categories":[13],"tags":[],"class_list":["post-41781","post","type-post","status-publish","format-standard","has-post-thumbnail","","category-mundo"],"_links":{"self":[{"href":"https:\/\/noticiasveraces.com\/index.php?rest_route=\/wp\/v2\/posts\/41781","targetHints":{"allow":["GET"]}}],"collection":[{"href":"https:\/\/noticiasveraces.com\/index.php?rest_route=\/wp\/v2\/posts"}],"about":[{"href":"https:\/\/noticiasveraces.com\/index.php?rest_route=\/wp\/v2\/types\/post"}],"author":[{"embeddable":true,"href":"https:\/\/noticiasveraces.com\/index.php?rest_route=\/wp\/v2\/users\/1"}],"replies":[{"embeddable":true,"href":"https:\/\/noticiasveraces.com\/index.php?rest_route=%2Fwp%2Fv2%2Fcomments&post=41781"}],"version-history":[{"count":0,"href":"https:\/\/noticiasveraces.com\/index.php?rest_route=\/wp\/v2\/posts\/41781\/revisions"}],"wp:featuredmedia":[{"embeddable":true,"href":"https:\/\/noticiasveraces.com\/index.php?rest_route=\/wp\/v2\/media\/41782"}],"wp:attachment":[{"href":"https:\/\/noticiasveraces.com\/index.php?rest_route=%2Fwp%2Fv2%2Fmedia&parent=41781"}],"wp:term":[{"taxonomy":"category","embeddable":true,"href":"https:\/\/noticiasveraces.com\/index.php?rest_route=%2Fwp%2Fv2%2Fcategories&post=41781"},{"taxonomy":"post_tag","embeddable":true,"href":"https:\/\/noticiasveraces.com\/index.php?rest_route=%2Fwp%2Fv2%2Ftags&post=41781"}],"curies":[{"name":"wp","href":"https:\/\/api.w.org\/{rel}","templated":true}]}}