{"id":41779,"date":"2025-08-24T18:56:12","date_gmt":"2025-08-24T22:56:12","guid":{"rendered":"https:\/\/noticiasveraces.com\/?p=41779"},"modified":"2025-08-24T18:56:12","modified_gmt":"2025-08-24T22:56:12","slug":"francia-llama-a-embajador-eeuu-por-carta-sobre-antisemitismo-dw-24-08-2025","status":"publish","type":"post","link":"https:\/\/noticiasveraces.com\/?p=41779","title":{"rendered":"Francia llama a embajador EEUU por carta sobre antisemitismo \u2013 DW \u2013 24\/08\/2025"},"content":{"rendered":"<p> \n<\/p>\n<div data-tracking-name=\"rich-text\" data-tracking-skip=\"true\">\n<p>Francia convoc\u00f3 para el lunes al embajador estadounidense en Par\u00eds, Charles Kushner, tras sus comentarios \u00abinaceptables\u00bb contra el presidente franc\u00e9s Emmanuel Macron, acusado por el diplom\u00e1tico de \u00abfalta de acciones suficientes en la lucha contra el antisemitismo\u00bb.<\/p>\n<h2><strong>Kushner afirma que hay una \u00abola de antisemitismo en Francia\u00bb<\/strong><\/h2>\n<p> \u00abLas afirmaciones del embajador son inaceptables. Van en contra del derecho internacional, en particular del deber de no inmiscuirse en los asuntos interiores de los Estados previsto por la Convenci\u00f3n de Viena de 1961 que rige las relaciones diplom\u00e1ticas\u00bb, subray\u00f3 el ministerio de Relaciones Exteriores franc\u00e9s este domingo (24.08.2025).<\/p>\n<p>En una carta dirigida a Macron, el embajador expresa \u00absu profunda preocupaci\u00f3n por la ola de antisemitismo en Francia y la falta de acciones suficientes\u00bb de su gobierno para combatirlo.<\/p>\n<p>La misiva sali\u00f3 a la luz d\u00edas despu\u00e9s de las fuertes cr\u00edticas del primer ministro israel\u00ec Benjamin Netanyahu al presidente franc\u00e9s, a quien acus\u00f3 \u00abde alimentar el fuego antisemita\u00bb al llamar \u00abal reconocimiento internacional\u00bb del Estado palestino.<\/p>\n<h2><strong>Jud\u00edos son \u00abagredidos en las calles\u00bb todos los d\u00edas<\/strong><\/h2>\n<p>\u00abDeclaraciones que denigran a Israel y gestos de reconocimiento de un Estado palestino animan a los extremistas, fomentan la violencia y ponen en peligro\u00bb a los jud\u00edos en Francia, expresa Kushner en el texto.<\/p>\n<p>Seg\u00fan el embajador, \u00abno pasa un d\u00eda en Francia sin que los jud\u00edos sean agredidos en las calles, con sinagogas y escuelas deterioradas, y empresas de jud\u00edos atacadas\u00bb.<\/p>\n<p>A finales de julio, Macron anunci\u00f3 que Francia reconocer\u00e1 al Estado palestino en la Asamblea General de la ONU en septiembre.<\/p>\n<p>Los actos antisemitas se incrementaron en Francia desde el 7 de octubre de 2023, d\u00eda del ataque sin precedentes del grupo terrorista palestino Ham\u00e1s en territorio israel\u00ed que desencaden\u00f3 el conflicto en Gaza. <\/p>\n<p>RR AFP\/Reuters<\/p>\n<\/div>\n\n","protected":false},"excerpt":{"rendered":"<p>Francia convoc\u00f3 para el lunes al embajador estadounidense en Par\u00eds, Charles Kushner, tras sus comentarios \u00abinaceptables\u00bb contra el presidente franc\u00e9s Emmanuel Macron, acusado por el diplom\u00e1tico de \u00abfalta de acciones suficientes en la lucha contra el antisemitismo\u00bb. Kushner afirma que hay una \u00abola de antisemitismo en Francia\u00bb \u00abLas afirmaciones del embajador son inaceptables. Van en &hellip;<\/p>\n","protected":false},"author":1,"featured_media":41780,"comment_status":"open","ping_status":"open","sticky":false,"template":"","format":"standard","meta":{"fifu_image_url":"https:\/\/static.dw.com\/image\/73748205_6.jpg","fifu_image_alt":"","footnotes":""},"categories":[13],"tags":[],"class_list":["post-41779","post","type-post","status-publish","format-standard","has-post-thumbnail","","category-mundo"],"_links":{"self":[{"href":"https:\/\/noticiasveraces.com\/index.php?rest_route=\/wp\/v2\/posts\/41779","targetHints":{"allow":["GET"]}}],"collection":[{"href":"https:\/\/noticiasveraces.com\/index.php?rest_route=\/wp\/v2\/posts"}],"about":[{"href":"https:\/\/noticiasveraces.com\/index.php?rest_route=\/wp\/v2\/types\/post"}],"author":[{"embeddable":true,"href":"https:\/\/noticiasveraces.com\/index.php?rest_route=\/wp\/v2\/users\/1"}],"replies":[{"embeddable":true,"href":"https:\/\/noticiasveraces.com\/index.php?rest_route=%2Fwp%2Fv2%2Fcomments&post=41779"}],"version-history":[{"count":0,"href":"https:\/\/noticiasveraces.com\/index.php?rest_route=\/wp\/v2\/posts\/41779\/revisions"}],"wp:featuredmedia":[{"embeddable":true,"href":"https:\/\/noticiasveraces.com\/index.php?rest_route=\/wp\/v2\/media\/41780"}],"wp:attachment":[{"href":"https:\/\/noticiasveraces.com\/index.php?rest_route=%2Fwp%2Fv2%2Fmedia&parent=41779"}],"wp:term":[{"taxonomy":"category","embeddable":true,"href":"https:\/\/noticiasveraces.com\/index.php?rest_route=%2Fwp%2Fv2%2Fcategories&post=41779"},{"taxonomy":"post_tag","embeddable":true,"href":"https:\/\/noticiasveraces.com\/index.php?rest_route=%2Fwp%2Fv2%2Ftags&post=41779"}],"curies":[{"name":"wp","href":"https:\/\/api.w.org\/{rel}","templated":true}]}}