{"id":41759,"date":"2025-08-24T14:36:13","date_gmt":"2025-08-24T18:36:13","guid":{"rendered":"https:\/\/noticiasveraces.com\/?p=41759"},"modified":"2025-08-24T14:36:13","modified_gmt":"2025-08-24T18:36:13","slug":"se-convierte-africa-en-el-vertedero-de-eeuu-para-migrantes-dw-24-08-2025","status":"publish","type":"post","link":"https:\/\/noticiasveraces.com\/?p=41759","title":{"rendered":"\u00bfSe convierte \u00c1frica en el vertedero de EEUU para migrantes? \u2013 DW \u2013 24\/08\/2025"},"content":{"rendered":"<p> \n<\/p>\n<div data-tracking-name=\"rich-text\" data-tracking-skip=\"true\">\n<p>La ofensiva del presidente de Estados Unidos, Donald Trump, contra la inmigraci\u00f3n ilegal es una piedra angular de su pol\u00edtica nacional\u00a0y forma parte de su controversial promesa de campa\u00f1a de llevar a cabo \u00abla mayor operaci\u00f3n de deportaci\u00f3n en la historia de Estados Unidos\u00bb. Deportar a esos migrantes a pa\u00edses africanos no formaba parte del plan original que anunci\u00f3 cuando se postul\u00f3 a la presidencia en 2024.<\/p>\n<p>Sin embargo, el Departamento de Seguridad Nacional\u00a0declar\u00f3 en junio que las deportaciones a terceros pa\u00edses (es decir, el env\u00edo de migrantes indocumentados desde Estados Unidos\u00a0a pa\u00edses distintos del suyo) eran necesarias para expulsar a personas \u00abtan brutales que sus propios pa\u00edses no las aceptar\u00e1n de vuelta\u00bb.<\/p>\n<p>Uganda se\u00a0convirti\u00f3 en el \u00faltimo pa\u00eds de \u00c1frica en aceptar un acuerdo con Washington, comprometi\u00e9ndose a acoger a un n\u00famero a\u00fan por especificar de migrantes que no cumplen los requisitos para permanecer en Estados Unidos.<\/p>\n<p>Alex Vines, director del Programa de \u00c1frica\u00a0de Chatham House, un reconocido centro de estudios en Londres, destaca que este acuerdo se basa en los adoptados a principios de a\u00f1o entre Estados Unidos y otras naciones africanas. \u00abEn julio, un peque\u00f1o n\u00famero de personas fueron enviadas a Sud\u00e1n del Sur y Esuatini. Fueron menos de 10 en total, pero esto muestra la direcci\u00f3n del proceso\u00bb, declar\u00f3 Vines a DW. El acuerdo con Uganda es mucho m\u00e1s ambicioso.<\/p>\n<p>\u00abLos propios ugandeses han dicho que no quieren a personas con antecedentes penales ni menores de edad, y que preferir\u00edan a los africanos\u00bb, a\u00f1adi\u00f3 Vines, lo que plantea dudas sobre el prop\u00f3sito del plan.<\/p>\n<h2>Uganda: una naci\u00f3n de refugiados en crisis<\/h2>\n<p>Apenas unos d\u00edas antes de la confirmaci\u00f3n del acuerdo, el ministro de Relaciones Exteriores de Uganda, Henry Oryem Okello, afirm\u00f3 que el pa\u00eds no ten\u00eda la capacidad para acoger a migrantes. Sin embargo, tras negar inicialmente el acuerdo con el gobierno estadounidense, Vincent Bagiire, secretario permanente del ministerio, lo confirm\u00f3, al afirmar que se trataba solo de un \u00abacuerdo temporal\u00bb.<\/p>\n<p>Uganda ya alberga la mayor poblaci\u00f3n de refugiados de \u00c1frica, con aproximadamente 1,7 millones de personas alojadas en diversos campamentos por todo el pa\u00eds, seg\u00fan la ONU. Se trata principalmente de solicitantes de asilo y refugiados reconocidos, procedentes de otros pa\u00edses de la regi\u00f3n, como Rep\u00fablica Democr\u00e1tica del Congo, Sud\u00e1n del Sur y Sud\u00e1n.<\/p>\n<figure class=\"placeholder-image master_landscape big\"><img data-format=\"MASTER_LANDSCAPE\" data-id=\"72180451\" data-url=\"https:\/\/static.dw.com\/image\/72180451_${formatId}.jpg\" data-aspect-ratio=\"16\/9\" alt=\"Una madre lava ropa junto a dos ni\u00f1os en un campo de refugiados congoleses en Uganda (imagen de archivo)\" style=\"padding-bottom: 56.25%; height: 0; max-height: 0;\"\/><figcaption class=\"img-caption\">Uganda ya acoge 1,7 millones de refugiados de pa\u00edses vecinos<small class=\"copyright\">Imagen: BSIP\/Picture Alliance<\/small><\/figcaption><\/figure>\n<p>En su mayor\u00eda, estas comunidades inmigrantes conviven pac\u00edficamente con la poblaci\u00f3n local, pero algunos creen que esto podr\u00eda cambiar: \u00abUganda es un pa\u00eds hospitalario que acoge a muchos refugiados. No es un gran problema para nosotros. Pero como pa\u00eds de acogida, ya estamos desbordados\u00bb, dice Dorcus Kimono, residente de la capital\u00a0Kampala. Otro residente, Alex Wandeba, comparte su opini\u00f3n.\u00a0\u00abUganda ya est\u00e1 sobrecargada; tenemos muchos refugiados de los pa\u00edses vecinos, creo que ya tenemos suficiente\u00bb, manifest\u00f3.<\/p>\n<p>\u00abSi estos migrantes vienen a nuestro pa\u00eds, no nos importar\u00eda compartir lo poco que tenemos con ellos. Pero, \u00bfqu\u00e9 est\u00e1 haciendo el gobierno estadounidense por nosotros?\u00bb, se pregunta Kampala. \u00abMe gustar\u00eda saber que, si se llega a un acuerdo con nuestro gobierno, Estados Unidos construir\u00e1 carreteras o nos ayudar\u00e1 en los sectores de la salud y la educaci\u00f3n. Ser\u00eda un buen acuerdo\u00bb.<\/p>\n<p><span data-slot-id=\"Article_InContent-1\" class=\"rich-text-ad\"\/><\/p>\n<h2>Esuatini: un reino sin derechos<\/h2>\n<p>Si bien anteriores administraciones estadounidenses tambi\u00e9n\u00a0llevaron a cabo expulsiones de terceros pa\u00edses, la pr\u00e1ctica de Trump de enviar inmigrantes a naciones con graves crisis pol\u00edticas y de derechos humanos ha generado alarma entre los grupos defensores.<\/p>\n<p>Esto fue particularmente notorio el mes pasado, cuando\u00a0Estados Unidos traslad\u00f3 a Esuatini a cinco inmigrantes, de Vietnam, Jamaica, Laos, Yemen y Cuba. Se trata de\u00a0la \u00faltima monarqu\u00eda absoluta de \u00c1frica, conocida por su preocupante historial en materia de derechos humanos.<\/p>\n<p>Esuatini ha sido gobernada por Mswati\u00a0III desde 1986, quien lleva una vida de lujo, mientras\u00a0la poblaci\u00f3n de esta naci\u00f3n sin litoral de 1,2 millones de habitantes sigue siendo pobre. El pa\u00eds tiene un deficiente historial de derechos humanos, seg\u00fan Human Rights Watch e informes elaborados por el propio Departamento de Estado de Estados Unidos, incluso desde 2023.<\/p>\n<p>El activista pol\u00edtico Mphandlana Shongwe afirma que existe una indignaci\u00f3n p\u00fablica generalizada en Esuatini por la decisi\u00f3n del rey de permitir la entrada de esos inmigrantes al pa\u00eds. \u00abCondenamos que se traiga a nuestro pa\u00eds a presos peligrosos para que se mezclen con nuestros j\u00f3venes presos, que a\u00fan tienen la oportunidad de rehabilitarse\u00bb, declar\u00f3 a DW.<\/p>\n<p>El portavoz del gobierno, Thabile Mdluli, asegur\u00f3 al p\u00fablico que los cinco reclusos \u00abno representan ninguna amenaza para el pa\u00eds ni para sus ciudadanos\u00bb, ya que se encuentran aislados, al menos por ahora.<\/p>\n<h2>Sud\u00e1n del Sur, un pa\u00eds devastado por la guerra<\/h2>\n<p>Sud\u00e1n del Sur, devastado por un conflicto, tambi\u00e9n acord\u00f3 aceptar a los inmigrantes enviados por la administraci\u00f3n Trump. Edmund Yakani, presidente del Foro de Organizaciones de la Sociedad Civil de \u00c1frica Oriental, dijo a DW que los detalles del acuerdo se mantienen ocultos al p\u00fablico.<\/p>\n<figure class=\"placeholder-image master_landscape big\"><img data-format=\"MASTER_LANDSCAPE\" data-id=\"73355226\" data-url=\"https:\/\/static.dw.com\/image\/73355226_${formatId}.jpg\" data-aspect-ratio=\"16\/9\" alt=\"Entrada al Complejo Correccional Matsapha, en Esuatini\" style=\"padding-bottom: 56.25%; height: 0; max-height: 0;\"\/><figcaption class=\"img-caption\">Entrada al Complejo Correccional Matsapha, en Esuatini<small class=\"copyright\">Imagen: AP\/dpa\/picture alliance<\/small><\/figcaption><\/figure>\n<p>Vines, por su parte, cree que todo se reduce a la geopol\u00edtica.\u00a0\u00abSe trata de que estos pa\u00edses busquen c\u00f3mo diversificar sus alianzas y forjar mejores relaciones con la administraci\u00f3n Trump, que puedan generarles beneficios econ\u00f3micos y de otro tipo a largo plazo\u00bb, afirm\u00f3. \u00abSud\u00e1n del Sur est\u00e1 en el punto de mira de la actual estrategia de visados \u200b\u200bde la administraci\u00f3n estadounidense, que restringe el acceso a Estados Unidos debido a (un historial de)\u00a0estancias prolongadas de sursudaneses\u00bb, explic\u00f3 Vines.<\/p>\n<h2>Ruanda: \u00bfactuando por buena voluntad?<\/h2>\n<p>La portavoz del gobierno ruand\u00e9s\u00a0Yolande Makolor\u00a0confirm\u00f3 que su pa\u00eds tambi\u00e9n acoger\u00eda hasta 250 deportados de Estados Unidos, bajo la condici\u00f3n de que el gobierno mantenga \u00abla capacidad de aprobar a cada persona propuesta para el reasentamiento\u00bb, en virtud del acuerdo.<\/p>\n<p>Al explicar por qu\u00e9 Ruanda acept\u00f3 el acuerdo con Washington, Makolo afirm\u00f3 que significaba que el pa\u00eds africano estaba haciendo su parte para ayudar con los problemas de migraci\u00f3n internacional porque sus \u00abvalores sociales se basan en la reintegraci\u00f3n y la rehabilitaci\u00f3n\u00bb.<\/p>\n<p>Otros pa\u00edses africanos a los que se sabe que Estados Unidos ha contactado para acuerdos de deportaci\u00f3n incluyen Liberia, Senegal, Gab\u00f3n, Mauritania y Guinea-Bis\u00e1u. Nigeria ha rechazado expl\u00edcitamente cualquier propuesta\u00a0y su ministro de Relaciones Exteriores, Yusuf Tuggar, afirm\u00f3 que el pa\u00eds ya ten\u00eda \u00abbastante con sus propios problemas\u00bb.<\/p>\n<p>(LGC\/RR) <\/p>\n<\/div>\n\n","protected":false},"excerpt":{"rendered":"<p>La ofensiva del presidente de Estados Unidos, Donald Trump, contra la inmigraci\u00f3n ilegal es una piedra angular de su pol\u00edtica nacional\u00a0y forma parte de su controversial promesa de campa\u00f1a de llevar a cabo \u00abla mayor operaci\u00f3n de deportaci\u00f3n en la historia de Estados Unidos\u00bb. Deportar a esos migrantes a pa\u00edses africanos no formaba parte del &hellip;<\/p>\n","protected":false},"author":1,"featured_media":41760,"comment_status":"open","ping_status":"open","sticky":false,"template":"","format":"standard","meta":{"fifu_image_url":"https:\/\/static.dw.com\/image\/71404320_6.jpg","fifu_image_alt":"","footnotes":""},"categories":[13],"tags":[],"class_list":["post-41759","post","type-post","status-publish","format-standard","has-post-thumbnail","","category-mundo"],"_links":{"self":[{"href":"https:\/\/noticiasveraces.com\/index.php?rest_route=\/wp\/v2\/posts\/41759","targetHints":{"allow":["GET"]}}],"collection":[{"href":"https:\/\/noticiasveraces.com\/index.php?rest_route=\/wp\/v2\/posts"}],"about":[{"href":"https:\/\/noticiasveraces.com\/index.php?rest_route=\/wp\/v2\/types\/post"}],"author":[{"embeddable":true,"href":"https:\/\/noticiasveraces.com\/index.php?rest_route=\/wp\/v2\/users\/1"}],"replies":[{"embeddable":true,"href":"https:\/\/noticiasveraces.com\/index.php?rest_route=%2Fwp%2Fv2%2Fcomments&post=41759"}],"version-history":[{"count":0,"href":"https:\/\/noticiasveraces.com\/index.php?rest_route=\/wp\/v2\/posts\/41759\/revisions"}],"wp:featuredmedia":[{"embeddable":true,"href":"https:\/\/noticiasveraces.com\/index.php?rest_route=\/wp\/v2\/media\/41760"}],"wp:attachment":[{"href":"https:\/\/noticiasveraces.com\/index.php?rest_route=%2Fwp%2Fv2%2Fmedia&parent=41759"}],"wp:term":[{"taxonomy":"category","embeddable":true,"href":"https:\/\/noticiasveraces.com\/index.php?rest_route=%2Fwp%2Fv2%2Fcategories&post=41759"},{"taxonomy":"post_tag","embeddable":true,"href":"https:\/\/noticiasveraces.com\/index.php?rest_route=%2Fwp%2Fv2%2Ftags&post=41759"}],"curies":[{"name":"wp","href":"https:\/\/api.w.org\/{rel}","templated":true}]}}