{"id":41729,"date":"2025-08-24T10:16:13","date_gmt":"2025-08-24T14:16:13","guid":{"rendered":"https:\/\/noticiasveraces.com\/?p=41729"},"modified":"2025-08-24T10:16:13","modified_gmt":"2025-08-24T14:16:13","slug":"marc-marquez-se-impone-en-el-gran-premio-de-hungria-dw-24-08-2025","status":"publish","type":"post","link":"https:\/\/noticiasveraces.com\/?p=41729","title":{"rendered":"Marc M\u00e1rquez se impone en el Gran Premio de Hungr\u00eda \u2013 DW \u2013 24\/08\/2025"},"content":{"rendered":"<p> \n<\/p>\n<div data-tracking-name=\"rich-text\" data-tracking-skip=\"true\">\n<p>El piloto espa\u00f1ol Marc M\u00e1rquez sum\u00f3 con su Ducati este domingo (24.08.2025) en el Gran Premio de Hungr\u00eda de MotoGP su s\u00e9ptima victoria consecutiva, una racha aplastante que lo acerca todav\u00eda m\u00e1s al s\u00e9ptimo t\u00edtulo mundial de su palmar\u00e9s. El catal\u00e1n suma diez victorias esta temporada.<\/p>\n<p>El espa\u00f1ol Pedro Acosta (KTM), segundo, y el italiano Marco Bezzecchi (Aprilia), tercero, completaron el podio. Por su parte, el vigente campe\u00f3n del mundo, Jorge Mart\u00edn (Aprilia), logr\u00f3 el mejor resultado de una temporada lastrada por las lesiones al terminar en cuarta posici\u00f3n, despu\u00e9s de empezar en la decimos\u00e9ptima posici\u00f3n.<\/p>\n<h2>David Alonso gana en Moto2<\/h2>\n<p>El colombiano de origen espa\u00f1ol David Alonso (Kalex) ha logrado su primera victoria en la categor\u00eda de Moto2 al vencer el Gran Premio de Hungr\u00eda, disputado en el circuito de Balaton Park, superando en la l\u00ednea de meta al brasile\u00f1o Diogo Moreira (Kalex) y al espa\u00f1ol Manuel Gonz\u00e1lez (Kalex).<\/p>\n<p>Alonso, campe\u00f3n del mundo de Moto3 en 2024 y que sal\u00eda desde la octava posici\u00f3n, fue remontando a lo largo de las 22 vueltas a las que estaba programada la carrera, para situarse l\u00edder en el \u00faltimo giro y aguantar ah\u00ed hasta ver la bandera de cuadros, aprovech\u00e1ndose en cierta medida de los errores de sus rivales.<\/p>\n<p>LGC (AFP, EFE)<\/p>\n<\/div>\n\n","protected":false},"excerpt":{"rendered":"<p>El piloto espa\u00f1ol Marc M\u00e1rquez sum\u00f3 con su Ducati este domingo (24.08.2025) en el Gran Premio de Hungr\u00eda de MotoGP su s\u00e9ptima victoria consecutiva, una racha aplastante que lo acerca todav\u00eda m\u00e1s al s\u00e9ptimo t\u00edtulo mundial de su palmar\u00e9s. El catal\u00e1n suma diez victorias esta temporada. El espa\u00f1ol Pedro Acosta (KTM), segundo, y el italiano &hellip;<\/p>\n","protected":false},"author":1,"featured_media":41730,"comment_status":"open","ping_status":"open","sticky":false,"template":"","format":"standard","meta":{"fifu_image_url":"https:\/\/static.dw.com\/image\/73745378_6.jpg","fifu_image_alt":"","footnotes":""},"categories":[13],"tags":[],"class_list":["post-41729","post","type-post","status-publish","format-standard","has-post-thumbnail","","category-mundo"],"_links":{"self":[{"href":"https:\/\/noticiasveraces.com\/index.php?rest_route=\/wp\/v2\/posts\/41729","targetHints":{"allow":["GET"]}}],"collection":[{"href":"https:\/\/noticiasveraces.com\/index.php?rest_route=\/wp\/v2\/posts"}],"about":[{"href":"https:\/\/noticiasveraces.com\/index.php?rest_route=\/wp\/v2\/types\/post"}],"author":[{"embeddable":true,"href":"https:\/\/noticiasveraces.com\/index.php?rest_route=\/wp\/v2\/users\/1"}],"replies":[{"embeddable":true,"href":"https:\/\/noticiasveraces.com\/index.php?rest_route=%2Fwp%2Fv2%2Fcomments&post=41729"}],"version-history":[{"count":0,"href":"https:\/\/noticiasveraces.com\/index.php?rest_route=\/wp\/v2\/posts\/41729\/revisions"}],"wp:featuredmedia":[{"embeddable":true,"href":"https:\/\/noticiasveraces.com\/index.php?rest_route=\/wp\/v2\/media\/41730"}],"wp:attachment":[{"href":"https:\/\/noticiasveraces.com\/index.php?rest_route=%2Fwp%2Fv2%2Fmedia&parent=41729"}],"wp:term":[{"taxonomy":"category","embeddable":true,"href":"https:\/\/noticiasveraces.com\/index.php?rest_route=%2Fwp%2Fv2%2Fcategories&post=41729"},{"taxonomy":"post_tag","embeddable":true,"href":"https:\/\/noticiasveraces.com\/index.php?rest_route=%2Fwp%2Fv2%2Ftags&post=41729"}],"curies":[{"name":"wp","href":"https:\/\/api.w.org\/{rel}","templated":true}]}}